{"id":511428,"date":"2025-11-04T15:26:29","date_gmt":"2025-11-04T15:26:29","guid":{"rendered":"https:\/\/www.europesays.com\/fr\/511428\/"},"modified":"2025-11-04T15:26:29","modified_gmt":"2025-11-04T15:26:29","slug":"la-banque-de-france-loire-est-dans-son-nouvel-ecrin","status":"publish","type":"post","link":"https:\/\/www.europesays.com\/fr\/511428\/","title":{"rendered":"La Banque de France Loire est dans son nouvel \u00e9crin"},"content":{"rendered":"<p class=\"is-style-chapo\">C\u2019est fait. La Banque de France a quitt\u00e9 ses \u2013 d\u00e9sormais bien trop vastes \u2013 locaux historiques de l\u2019hypercentre de Saint-Etienne, rue d\u2019Arcole, pour rejoindre l\u2019immeuble \u00ab\u00a0One station\u00a0\u00bb \u00e0 Ch\u00e2teaucreux. Ses bureaux, ouverts au public depuis ce lundi, plus modernes, sont d\u00e9sormais calibr\u00e9s sur une activit\u00e9 locale fortement r\u00e9duite ici comme ailleurs ces 30 derni\u00e8res ann\u00e9es. 550 m2 viennent donc trouver preneurs face \u00e0 la gare. Reste \u00e0 savoir ce que vont devenir les 5 500 m2 laiss\u00e9s vacants dans l\u2019hyper centre\u2026<\/p>\n<p><img loading=\"lazy\" decoding=\"async\" width=\"1024\" height=\"576\" src=\"https:\/\/www.europesays.com\/fr\/wp-content\/uploads\/2025\/11\/1280720-Image-a-la-une-IF-5-1-1024x576.png\" alt=\"\" class=\"wp-image-17348\"  \/>550 m2 occup\u00e9s dans l\u2019immeuble par la Banque de France \u00e0 One Station contre\u2026 5 550 jusque-l\u00e0 rue d\u2019Arcole. \u00a9If Media\/Xavier Alix.<\/p>\n<p>Et de quatre. C\u2019est le quatri\u00e8me d\u00e9m\u00e9nagement de la Banque de France \u00e0 Saint-Etienne depuis son implantation en 1836. \u00ab\u00a0Ce qui, avec Reims, en fait la plus ancienne pr\u00e9sence continue de la Banque de France hors Paris \u00bb, remarque aupr\u00e8s d\u2019If Saint-Etienne son directeur, Philippe Kiehl. Il y a d\u2019abord eu la rue G\u00e9rentet, le long de l\u2019h\u00f4tel de ville actuel puis la rue Rouget-de-l\u2019Isle en 1842 et enfin la rue d\u2019Arcole en 1886, dans ces 5 500 m2 prestigieux que la Banque de France vient de quitter. Depuis lundi, ses nouveaux locaux situ\u00e9s \u00e0 Ch\u00e2teaucreux, dans l\u2019immeuble rouge \u00ab\u00a0One station\u00a0\u00bb situ\u00e9 face \u00e0 la gare, sont en mesure d\u2019accueillir le public au 22 avenue Denfert-Rochereau via son rez-de-chauss\u00e9e.<\/p>\n<p>La Banque de France divise ainsi son emprise par dix, en louant ici trois niveaux cumulant environ 550 m2. Il faut dire que les pr\u00e9c\u00e9dents \u00e9taient aussi \u00e9l\u00e9gants que devenus surdimensionn\u00e9s pour les 23 employ\u00e9s restant \u00e0 les fr\u00e9quenter (la Banque de France Loire a aussi un bureau \u00e0 Roanne et compte 30 \u00e9quivalents temps plein) quand ils \u00e9taient 3 \u00e0 4 fois plus nombreux dans les ann\u00e9es 80. Gestion de <a href=\"https:\/\/www.if-saint-etienne.fr\/economie\/surendettement-pas-dinflammation-a-ce-stade-dans-la-loire\" target=\"_blank\" rel=\"noreferrer noopener\">surendettement<\/a> local, suivi de la conjoncture \u00e9conomique, \u00e9ducation \/ m\u00e9diation et services aux entreprises restent les principales activit\u00e9s d\u2019une implantation d\u00e9partementale de la <a href=\"https:\/\/www.banque-france.fr\/fr\/banque-de-france\/role-et-missions-utilite-publique\" target=\"_blank\" rel=\"noreferrer noopener\">Banque de France<\/a> qui les a vues graduellement r\u00e9duites ces 30 derni\u00e8res ann\u00e9es entre avanc\u00e9es technologiques permettant nombre de mutualisations (fin de la gestion de fonds liquides par exemple, r\u00e9duisant les besoins en s\u00e9curit\u00e9), d\u00e9mat\u00e9rialisation, passage \u00e0 l\u2019euro ou encore l\u2019abandon de son r\u00f4le de Banque de d\u00e9tail.<\/p>\n<p>Un patrimoine immobilier surdimensionn\u00e9 \u00a0<\/p>\n<p>Les effectifs totaux de la Banque de France approchaient de pr\u00e8s les 14 000 \u00e9quivalents temps plein il y a 20 ans contre 9 600 en 2022. Depuis les ann\u00e9es 2000, de nombreuses succursales de petites et moyennes villes ont \u00e9t\u00e9 supprim\u00e9es, sinon r\u00e9duites \u00e0 l\u2019\u00e9tat de \u00ab\u00a0bureaux\u00a0\u00bb. Aussi, ce service <a href=\"https:\/\/www.vie-publique.fr\/ressources\/mots-cles\/banque-de-france\" target=\"_blank\" rel=\"noreferrer noopener\">public<\/a>, cependant s\u00e9par\u00e9 de la tutelle gouvernementale avec l\u2019application du trait\u00e9 europ\u00e9en de Maastricht en 1993, a lanc\u00e9 un plan de remaniement quant \u00e0 la rationalisation de son gigantesque patrimoine immobilier en 2018\u00a0: trop grand, et donc, bien trop gourmand en entretien, en charges, encore plus depuis 2022\u2026 Susceptible aussi de reventes de nombreux m\u00e8tres carr\u00e9s, souvent en centre-ville dans des immeubles de standing, et donc, a priori, profitables. Environ la moiti\u00e9 de ce plan de remaniement devant s\u2019achever en 2030 a \u00e9t\u00e9 ex\u00e9cut\u00e9. Saint-Etienne en fait naturellement partie.<\/p>\n<p><img loading=\"lazy\" decoding=\"async\" width=\"1024\" height=\"576\" src=\"https:\/\/www.europesays.com\/fr\/wp-content\/uploads\/2025\/11\/1280720-Image-a-la-une-IF-5-2-1024x576.png\" alt=\"\" class=\"wp-image-17628\"  \/>Vue du parvis Pierre-Laroque \/ Ambroise-Croizat depuis le sommet de One-Station et depuis lequel les PMR auront acc\u00e8s \u00e0 la Banque de France Loire. \u00a9If Media\/Xavier Alix.<\/p>\n<p>La propri\u00e9t\u00e9 de la rue d\u2019Arcole c\u00e8de donc la place \u00e0 une location accessible aux PMR via le <a href=\"https:\/\/www.if-saint-etienne.fr\/breves\/cpam-de-la-loire-la-cgt-a-fait-ajouter-ambroise-croizat-au-parvis-pierre-laroque\" target=\"_blank\" rel=\"noreferrer noopener\">parvis<\/a> Pierre-Laroque et Ambroise-Croizat. Ce qui a tout de m\u00eame impliqu\u00e9 un investissement mat\u00e9riel dont la Direction nationale de la Banque de France ne veut pas communiquer le montant malgr\u00e9 sa dimension publique et le fait, aussi, qu\u2019il soit au \u00ab\u00a0b\u00e9n\u00e9fice de prestataires locaux\u00a0\u00bb, souligne Philippe Kiehl. L\u2019implantation st\u00e9phanoise re\u00e7oit physiquement, \u00e0 ses guichets une quinzaine de personnes par jour, est en charge des dossiers du surendettement pour la Loire et de la Haute-Loire, r\u00e9alise des \u00e9tudes ou contribue aux \u00e9tudes de conjoncture locales, g\u00e8re des visios depuis un et demi \u00e0 la demande avec des chefs d\u2019entreprises, participe, enfin, et surtout, aux demandes nationales d\u2019ordre \u00e9conomique par web ou t\u00e9l\u00e9phone (une cinquantaine de contacts par jour).<\/p>\n<p>Quelle suite pour les 5 500 m2 rue d\u2019Arcole\u00a0? \u00a0<\/p>\n<p>Pour Philippe Kiehl, l\u2019\u00e9nergie et le co\u00fbt de l\u2019op\u00e9ration de d\u00e9m\u00e9nagement est justement la preuve, apr\u00e8s une phase de concentration des activit\u00e9s, d\u2019une volont\u00e9 de maintenir cette implantation locale sur le long terme. Reste qu\u2019une autre administration publique ou parapublique quitte l\u2019hyper centre de Saint-Etienne, le privant de la fr\u00e9quentation et de la consommation quotidiennes de leurs employ\u00e9s. Le Centre de gestion de la fonction publique de la Loire (CDG 42) et le Centre national de la fonction publique territoriale (CNFPT 42), situ\u00e9s rue d\u2019Arcole \u00e9galement, doivent aussi rejoindre l\u2019immeuble <a href=\"https:\/\/www.if-saint-etienne.fr\/economie\/sigale-inovy-derriere-plus-de-7-000-m2-de-bureaux-neufs-a-saint-priest-en-jarez\" target=\"_blank\" rel=\"noreferrer noopener\">Sigale<\/a> \u00e0 Saint-Priest-en-Jarez. Certes, le regroupement des services centraux d\u2019Habitat et M\u00e9tropole dans l\u2019IGH <a href=\"https:\/\/www.if-saint-etienne.fr\/politique-societe\/saint-etienne-ce-qui-presidera-au-destin-de-ligh-emile-loubet\" target=\"_blank\" rel=\"noreferrer noopener\">Emile-Loubet<\/a> peut compenser mais au d\u00e9triment, fatalement, d\u2019autres villes du sud Loire.<\/p>\n<blockquote>\n<p>Des logements ? Pas forc\u00e9ment, ce n\u2019est pas encore tranch\u00e9. Cela pourrait tomber bient\u00f4t car il y a des offres sur la table.\u00a0<\/p>\n<p>Philippe Kiehl, directeur d\u00e9partemental de la Banque de France \u00e0 propos des 5 500 m2 laiss\u00e9s vacants<\/p><\/blockquote>\n<p>Et des services tertiaires priv\u00e9s, bancaires, en particulier comme ceux de la Banque Populaire viennent aussi de quitter l\u2019hyper centre pour, il est vrai maintenir des dizaines d\u2019employ\u00e9s dans la ville mais \u00e0 l\u2019extr\u00eame limite de Saint-Etienne intra-muros. Que vont devenir les immenses locaux de la rue d\u2019Arcole\u00a0? Des logements\u00a0? \u00ab\u00a0Pas forc\u00e9ment, ce n\u2019est pas encore tranch\u00e9, r\u00e9pond Philippe Kiehl. Cela pourrait tomber bient\u00f4t car il y a des offres sur la table.\u00a0\u00bb L\u00e0 aussi, pas d\u2019infos transmises sur l\u2019estimation des Domaines de l\u2019ensemble, jeu des n\u00e9gociations oblige. <\/p>\n<p><strong>Banque de France, 22, avenue Denfert-Rochereau 42000 Saint-Etienne. Le guichet est ouvert, sur rendez-vous prioritairement, de\u00a09\u00a0h \u00e0 12\u00a0h et de 13\u00a0h\u00a030 \u00e0 17\u00a0h du lundi au vendredi. Tel. 3414 du lundi au vendredi de 8\u00a0h \u00e0 18\u00a0h.<\/strong><\/p>\n","protected":false},"excerpt":{"rendered":"C\u2019est fait. La Banque de France a quitt\u00e9 ses \u2013 d\u00e9sormais bien trop vastes \u2013 locaux historiques de&hellip;\n","protected":false},"author":2,"featured_media":511429,"comment_status":"","ping_status":"","sticky":false,"template":"","format":"standard","meta":{"footnotes":""},"categories":[4],"tags":[11,24240,50864,63234,14477,63235,3235,1011,27,13035,12,63236,25,15880],"class_list":{"0":"post-511428","1":"post","2":"type-post","3":"status-publish","4":"format-standard","5":"has-post-thumbnail","7":"category-france","8":"tag-actualites","9":"tag-banque-de-france","10":"tag-banque-de-france-loire","11":"tag-chateaucreux-saint-etienne","12":"tag-demenagement","13":"tag-demenagement-saint-etienne","14":"tag-effectif","15":"tag-fr","16":"tag-france","17":"tag-hyper-centre","18":"tag-news","19":"tag-philippe-kiehl","20":"tag-republique-francaise","21":"tag-ville-de-saint-etienne"},"share_on_mastodon":{"url":"https:\/\/pubeurope.com\/@fr\/115492132988900894","error":""},"_links":{"self":[{"href":"https:\/\/www.europesays.com\/fr\/wp-json\/wp\/v2\/posts\/511428","targetHints":{"allow":["GET"]}}],"collection":[{"href":"https:\/\/www.europesays.com\/fr\/wp-json\/wp\/v2\/posts"}],"about":[{"href":"https:\/\/www.europesays.com\/fr\/wp-json\/wp\/v2\/types\/post"}],"author":[{"embeddable":true,"href":"https:\/\/www.europesays.com\/fr\/wp-json\/wp\/v2\/users\/2"}],"replies":[{"embeddable":true,"href":"https:\/\/www.europesays.com\/fr\/wp-json\/wp\/v2\/comments?post=511428"}],"version-history":[{"count":0,"href":"https:\/\/www.europesays.com\/fr\/wp-json\/wp\/v2\/posts\/511428\/revisions"}],"wp:featuredmedia":[{"embeddable":true,"href":"https:\/\/www.europesays.com\/fr\/wp-json\/wp\/v2\/media\/511429"}],"wp:attachment":[{"href":"https:\/\/www.europesays.com\/fr\/wp-json\/wp\/v2\/media?parent=511428"}],"wp:term":[{"taxonomy":"category","embeddable":true,"href":"https:\/\/www.europesays.com\/fr\/wp-json\/wp\/v2\/categories?post=511428"},{"taxonomy":"post_tag","embeddable":true,"href":"https:\/\/www.europesays.com\/fr\/wp-json\/wp\/v2\/tags?post=511428"}],"curies":[{"name":"wp","href":"https:\/\/api.w.org\/{rel}","templated":true}]}}