{"id":511434,"date":"2025-11-04T15:30:13","date_gmt":"2025-11-04T15:30:13","guid":{"rendered":"https:\/\/www.europesays.com\/fr\/511434\/"},"modified":"2025-11-04T15:30:13","modified_gmt":"2025-11-04T15:30:13","slug":"novak-djokovic-alejandro-tabilo-atp-250-athenes-deuxieme-tour-mardi-04-novembre-2025-lequipe","status":"publish","type":"post","link":"https:\/\/www.europesays.com\/fr\/511434\/","title":{"rendered":"Novak Djokovic &#8211; Alejandro Tabilo, ATP 250, Ath\u00e8nes, Deuxi\u00e8me tour, Mardi 04 novembre 2025 &#8211; L&#039;\u00c9quipe"},"content":{"rendered":"<ol>\n<li><a href=\"https:\/\/news.google.com\/rss\/articles\/CBMiygFBVV95cUxPY2UyUjhfS3JjX21VMS1KdXFHeFNmVkUtZW5EMEo5ZDhSbTN1ZFlubV85MmNxTDhwaWpGTUpTS2hxYnhZWjQxWGprM290Z3YtSnRfa0RGOVBaOVRyQ2N3bVlvSDNsb0lYYzF1Vno1VHVLRVNPM3lJNlVFZmdnNGdqMEcySVg5T2lUTGdSbTMxY0g3UzZ1Tk1YbkYwOTB5dUd2aXF0N1d0WGp0dnpLbk1GS2kzMVZya3FsQTF2YndxTHpISW1lZGhKR3Rn?oc=5\" target=\"_blank\" rel=\"nofollow noopener\">Novak Djokovic &#8211; Alejandro Tabilo, ATP 250, Ath\u00e8nes, Deuxi\u00e8me tour, Mardi 04 novembre 2025<\/a>&nbsp;&nbsp;L&rsquo;\u00c9quipe<\/li>\n<li><a href=\"https:\/\/news.google.com\/rss\/articles\/CBMiwgFBVV95cUxNaXZ0NXlZRjZaVnBadjFYWENDc0NFeUlNMjhHNVVvckdxYkpMMU1LSTdObm9QamNDVlNGb3NIYWVOMW16XzV1alRmOGF5SEkzS2kxZC1YYnVnRG9xZDlqVW1TSFB0WHBsLWVzb0tzZUtjQXphby1MX1RUZnR2RzhOSjRPNXBZeDM5dkk3QjR5V2ZneGZtSGxWbW5fZU1vVW1mRVhWdlFZZTJORy1wWU9RN3QzZmJGbXFfbHk3djBnRnVzdw?oc=5\" target=\"_blank\" rel=\"nofollow noopener\">ATP 250 Ath\u00e8nes &#8211; De Djoko le paria \u00e0 Novak l&rsquo;Ath\u00e9nien<\/a>&nbsp;&nbsp;Eurosport<\/li>\n<li><a href=\"https:\/\/news.google.com\/rss\/articles\/CBMiqAJBVV95cUxQeUxvNXpHRG14WEN0SHlwM05IUU9OckVqLUp2RHY4anZGU3hOQ3ZkV2lNTlo5MUlVOTctaGtGZEhKS3o5SUludW5fUEM5cG5hOG9JaXVvZHpfanNPejYzTmVRdGhFS085VnU0clJIVmRnSXpPVm1RM2VBa1EtdTk0Sk55RTR4T0NIbzRKWERGODNsVXE4Qnl1UHFXTmwwUjNsMkMyN2VxZTl6aGJFZWVyeXJWR1lqSjk3Rkx4VzFxQUdsVzNCQ0hReEd2d1FZZlBqZXFwOFg1ZWNGV24ySDcwMzhsV2NIbFNDWVRqaXdmeDhJY2NfeUwzNW10SkhHRmtwRk1jMGQ1cnotTGNzMm9wVUkyZGtsN2hvOENsWTlIRUM0R3d0UllaVA?oc=5\" target=\"_blank\" rel=\"nofollow noopener\">L&rsquo;ATP 250 d&rsquo;Ath\u00e8nes plut\u00f4t que le Masters 1000 de Paris, et un gros doute pour les ATP Finals: \u00e0 quoi joue Novak Djokovic en cette fin de saison?<\/a>&nbsp;&nbsp;RMC Sport<\/li>\n<li><a href=\"https:\/\/news.google.com\/rss\/articles\/CBMi4wFBVV95cUxORkpnTW9WY2xDR3pJdW5QekZkU0xWcTRsaVBhWGhBYmFmSnhsUlVQalFKOG1EcUhZRUlnRnVQSlg4dW1vSHZuV3J5ZWJVMng0anB4eXZLRTZ6TDRoLUFVMEVTNTFjUVhQMTU0SExuRVU1U1ItVjVkYXo5alRFSC1GdzhDY0JMcDZHWUlVSWltR3U4UUlQUlkyMGFVdGxtS1NwaWtuRFZvaEt3eFNWMWpqRHZRXzFjaHV1a3g5RmNmM3FjR2dVMnNhWEJEcnFua3ZwMXc5Q1RNWXEtVkRKUUZsWm5vbw?oc=5\" target=\"_blank\" rel=\"nofollow noopener\">Tennis: ATP &#8211; Ath\u00e8nes &#8211; Combien gagnent les joueurs \u00e0 l\u2019ATP 250 d\u2019Ath\u00e8nes ? Le prize money<\/a>&nbsp;&nbsp;MSN<\/li>\n<li><a href=\"https:\/\/news.google.com\/rss\/articles\/CBMimgJBVV95cUxQTXFNNnQwemJyLTNSQWgxTTM0M0FIRmJQZGpFdHltRzJ6aG1lYTc5OWh5TVhzRlBnLUEyOHpWc1RJT2hHNXZrQXRVTzF3TUxxU0JGNEZScVFhMHo2RENkM1dwU0h6MjFIZEkwS1JfSVNJc0xZZjFNYW9STWoxRUhJZ1hzd0Q4Nlhia1p6eEVKT19RVGtJMDlIY2dFeWowYXBOMU5MLTVEZE13bFRJbnRvYTJlTzJzdTdZSlVoa0FHZUF0RDZFQ3oyckNQN3NpODNpbEJXbXpJS01CVjJNR3dxTXE1OVkxMlJxWXhIT0puaHg4SWdFTzlEZ2k1Y2NveUNsRnFzbGZSOWI3b3puOHdjTm5hX183QlBTOHc?oc=5\" target=\"_blank\" rel=\"nofollow noopener\">Nous sommes l\u00e0 pour de nombreuses ann\u00e9es \u00bb : de h\u00e9ros \u00e0 paria en Serbie, pourquoi Djokovic s\u2019est install\u00e9 en Gr\u00e8ce<\/a>&nbsp;&nbsp;Le Parisien<\/li>\n<\/ol>\n","protected":false},"excerpt":{"rendered":"Novak Djokovic &#8211; Alejandro Tabilo, ATP 250, Ath\u00e8nes, Deuxi\u00e8me tour, Mardi 04 novembre 2025&nbsp;&nbsp;L&rsquo;\u00c9quipe ATP 250 Ath\u00e8nes &#8211;&hellip;\n","protected":false},"author":2,"featured_media":1983,"comment_status":"","ping_status":"","sticky":false,"template":"","format":"standard","meta":{"footnotes":""},"categories":[1415],"tags":[1011,27,60,1467],"class_list":{"0":"post-511434","1":"post","2":"type-post","3":"status-publish","4":"format-standard","5":"has-post-thumbnail","7":"category-tennis","8":"tag-fr","9":"tag-france","10":"tag-sports","11":"tag-tennis"},"share_on_mastodon":{"url":"https:\/\/pubeurope.com\/@fr\/115492147894608862","error":""},"_links":{"self":[{"href":"https:\/\/www.europesays.com\/fr\/wp-json\/wp\/v2\/posts\/511434","targetHints":{"allow":["GET"]}}],"collection":[{"href":"https:\/\/www.europesays.com\/fr\/wp-json\/wp\/v2\/posts"}],"about":[{"href":"https:\/\/www.europesays.com\/fr\/wp-json\/wp\/v2\/types\/post"}],"author":[{"embeddable":true,"href":"https:\/\/www.europesays.com\/fr\/wp-json\/wp\/v2\/users\/2"}],"replies":[{"embeddable":true,"href":"https:\/\/www.europesays.com\/fr\/wp-json\/wp\/v2\/comments?post=511434"}],"version-history":[{"count":0,"href":"https:\/\/www.europesays.com\/fr\/wp-json\/wp\/v2\/posts\/511434\/revisions"}],"wp:featuredmedia":[{"embeddable":true,"href":"https:\/\/www.europesays.com\/fr\/wp-json\/wp\/v2\/media\/1983"}],"wp:attachment":[{"href":"https:\/\/www.europesays.com\/fr\/wp-json\/wp\/v2\/media?parent=511434"}],"wp:term":[{"taxonomy":"category","embeddable":true,"href":"https:\/\/www.europesays.com\/fr\/wp-json\/wp\/v2\/categories?post=511434"},{"taxonomy":"post_tag","embeddable":true,"href":"https:\/\/www.europesays.com\/fr\/wp-json\/wp\/v2\/tags?post=511434"}],"curies":[{"name":"wp","href":"https:\/\/api.w.org\/{rel}","templated":true}]}}