{"id":511435,"date":"2025-11-04T15:34:11","date_gmt":"2025-11-04T15:34:11","guid":{"rendered":"https:\/\/www.europesays.com\/fr\/511435\/"},"modified":"2025-11-04T15:34:11","modified_gmt":"2025-11-04T15:34:11","slug":"antonio-carvalho-suspendu-provisoirement-actualite","status":"publish","type":"post","link":"https:\/\/www.europesays.com\/fr\/511435\/","title":{"rendered":"Antonio Carvalho suspendu provisoirement &#8211; Actualit\u00e9"},"content":{"rendered":"<p style=\"text-align: justify;\"><strong><a href=\"https:\/\/www.directvelo.com\/coureur\/13410\/antonio-carvalho\" target=\"_blank\" rel=\"noopener\">Antonio Carvalho<\/a><\/strong>\u00a0a \u00e9t\u00e9 suspendu provisoirement par l&rsquo;UCI, en raison d&rsquo;une anomalie de passeport biologique en 2018, 2023, et 2024, annonce l&rsquo;organisation internationale.<\/p>\n<p>Le Portugais de l&rsquo;\u00e9quipe Feirense, 36 ans, portait les couleurs du W52-FC Porto en 2018, et donc d&rsquo;ABTF Beitao-Feirense en 2023 et 2024. En 2018, il avait notamment pris la 4e place du\u00a0Troph\u00e9e Joaquim Agostinho, ou encore la 11e place du Championnat du Portugal.<\/p>\n<p>En 2023, il a termin\u00e9 3e du Tour du Portugal, puis il s&rsquo;est de nouveau distingu\u00e9 sur cette \u00e9preuve de Classe 1 en 2024, avec une 2e place d&rsquo;\u00e9tape.<\/p>\n<p>Il s&rsquo;agit d&rsquo;un nouveau cas de suspension \u00e0 cause d&rsquo;anomalies dans le passeport biologique, apr\u00e8s celui r\u00e9cent d&rsquo;<strong><a href=\"https:\/\/www.directvelo.com\/actualite\/125048\/suspension-provisoire-pour-oier-lazkano\" target=\"_blank\" rel=\"noopener\">Oier Lazkano<\/a><\/strong>.<\/p>\n","protected":false},"excerpt":{"rendered":"Antonio Carvalho\u00a0a \u00e9t\u00e9 suspendu provisoirement par l&rsquo;UCI, en raison d&rsquo;une anomalie de passeport biologique en 2018, 2023, et&hellip;\n","protected":false},"author":2,"featured_media":511436,"comment_status":"","ping_status":"","sticky":false,"template":"","format":"standard","meta":{"footnotes":""},"categories":[1411],"tags":[834,828,836,829,837,827,83,826,824,823,1154,207,814,817,815,816,822,821,832,211,839,1011,27,820,818,819,835,831,830,833,838,60,212,208,825],"class_list":{"0":"post-511435","1":"post","2":"type-post","3":"status-publish","4":"format-standard","5":"has-post-thumbnail","7":"category-cyclisme","8":"tag-attaque","9":"tag-belgique","10":"tag-braquet","11":"tag-bretagne","12":"tag-chute","13":"tag-competition","14":"tag-coupe-de-france","15":"tag-coureur","16":"tag-course-cyclisme","17":"tag-course-cycliste","18":"tag-cycling","19":"tag-cyclisme","20":"tag-direct","21":"tag-direct-velo","22":"tag-directvelo","23":"tag-directvelo-com","24":"tag-epreuve","25":"tag-epreuve-cycliste","26":"tag-federation-francaise-de-cyclisme","27":"tag-ffc","28":"tag-flandres","29":"tag-fr","30":"tag-france","31":"tag-live","32":"tag-live-course","33":"tag-live-epreuve","34":"tag-peloton","35":"tag-radio-peloton","36":"tag-radio-tour","37":"tag-ravitaillement","38":"tag-relance","39":"tag-sports","40":"tag-uci","41":"tag-velo","42":"tag-velos"},"share_on_mastodon":{"url":"https:\/\/pubeurope.com\/@fr\/115492163738084885","error":""},"_links":{"self":[{"href":"https:\/\/www.europesays.com\/fr\/wp-json\/wp\/v2\/posts\/511435","targetHints":{"allow":["GET"]}}],"collection":[{"href":"https:\/\/www.europesays.com\/fr\/wp-json\/wp\/v2\/posts"}],"about":[{"href":"https:\/\/www.europesays.com\/fr\/wp-json\/wp\/v2\/types\/post"}],"author":[{"embeddable":true,"href":"https:\/\/www.europesays.com\/fr\/wp-json\/wp\/v2\/users\/2"}],"replies":[{"embeddable":true,"href":"https:\/\/www.europesays.com\/fr\/wp-json\/wp\/v2\/comments?post=511435"}],"version-history":[{"count":0,"href":"https:\/\/www.europesays.com\/fr\/wp-json\/wp\/v2\/posts\/511435\/revisions"}],"wp:featuredmedia":[{"embeddable":true,"href":"https:\/\/www.europesays.com\/fr\/wp-json\/wp\/v2\/media\/511436"}],"wp:attachment":[{"href":"https:\/\/www.europesays.com\/fr\/wp-json\/wp\/v2\/media?parent=511435"}],"wp:term":[{"taxonomy":"category","embeddable":true,"href":"https:\/\/www.europesays.com\/fr\/wp-json\/wp\/v2\/categories?post=511435"},{"taxonomy":"post_tag","embeddable":true,"href":"https:\/\/www.europesays.com\/fr\/wp-json\/wp\/v2\/tags?post=511435"}],"curies":[{"name":"wp","href":"https:\/\/api.w.org\/{rel}","templated":true}]}}