{"id":511445,"date":"2025-11-04T15:40:12","date_gmt":"2025-11-04T15:40:12","guid":{"rendered":"https:\/\/www.europesays.com\/fr\/511445\/"},"modified":"2025-11-04T15:40:12","modified_gmt":"2025-11-04T15:40:12","slug":"je-mene-une-vie-de-soldat-prussien","status":"publish","type":"post","link":"https:\/\/www.europesays.com\/fr\/511445\/","title":{"rendered":"Je m\u00e8ne une vie de soldat prussien"},"content":{"rendered":"<p><strong>Hygi\u00e8ne de vie<\/strong>. \u00c2g\u00e9e officiellement de 86 ans, <a href=\"https:\/\/www.journaldesfemmes.fr\/people\/amanda-lear\/\" title=\"Amanda Lear\" target=\"_blank\" rel=\"noopener\">Amanda Lear<\/a> est en pleine forme mais ce n&rsquo;est pas gr\u00e2ce \u00e0 l&rsquo;activit\u00e9 physique ! \u00ab\u00a0Je m\u00e8ne une vie de soldat prussien. Ni drogue ni alcool, et je bois des litres d&rsquo;eau. Je ne fume pas. Le seul sport que je pratique est la marche en Louboutin\u00a0\u00bb, a confi\u00e9 \u00e0 T\u00e9l\u00e9 7 Jours la com\u00e9dienne et chanteuse qui sort son\u00a023e album baptis\u00e9 Looking Back.<\/p>\n","protected":false},"excerpt":{"rendered":"Hygi\u00e8ne de vie. \u00c2g\u00e9e officiellement de 86 ans, Amanda Lear est en pleine forme mais ce n&rsquo;est pas&hellip;\n","protected":false},"author":2,"featured_media":511446,"comment_status":"","ping_status":"","sticky":false,"template":"","format":"standard","meta":{"footnotes":""},"categories":[1355],"tags":[19704,63237,51761,58,59,52292,1011,27,51766,1031,1361,873],"class_list":{"0":"post-511445","1":"post","2":"type-post","3":"status-publish","4":"format-standard","5":"has-post-thumbnail","7":"category-musique","8":"tag-amanda-lear","9":"tag-cms-journaldesfemmes-3246148","10":"tag-controller-content","11":"tag-divertissement","12":"tag-entertainment","13":"tag-format-reportage","14":"tag-fr","15":"tag-france","16":"tag-les-histoires-du-jdf","17":"tag-magazine","18":"tag-music","19":"tag-musique"},"share_on_mastodon":{"url":"https:\/\/pubeurope.com\/@fr\/115492187356794257","error":""},"_links":{"self":[{"href":"https:\/\/www.europesays.com\/fr\/wp-json\/wp\/v2\/posts\/511445","targetHints":{"allow":["GET"]}}],"collection":[{"href":"https:\/\/www.europesays.com\/fr\/wp-json\/wp\/v2\/posts"}],"about":[{"href":"https:\/\/www.europesays.com\/fr\/wp-json\/wp\/v2\/types\/post"}],"author":[{"embeddable":true,"href":"https:\/\/www.europesays.com\/fr\/wp-json\/wp\/v2\/users\/2"}],"replies":[{"embeddable":true,"href":"https:\/\/www.europesays.com\/fr\/wp-json\/wp\/v2\/comments?post=511445"}],"version-history":[{"count":0,"href":"https:\/\/www.europesays.com\/fr\/wp-json\/wp\/v2\/posts\/511445\/revisions"}],"wp:featuredmedia":[{"embeddable":true,"href":"https:\/\/www.europesays.com\/fr\/wp-json\/wp\/v2\/media\/511446"}],"wp:attachment":[{"href":"https:\/\/www.europesays.com\/fr\/wp-json\/wp\/v2\/media?parent=511445"}],"wp:term":[{"taxonomy":"category","embeddable":true,"href":"https:\/\/www.europesays.com\/fr\/wp-json\/wp\/v2\/categories?post=511445"},{"taxonomy":"post_tag","embeddable":true,"href":"https:\/\/www.europesays.com\/fr\/wp-json\/wp\/v2\/tags?post=511445"}],"curies":[{"name":"wp","href":"https:\/\/api.w.org\/{rel}","templated":true}]}}