{"id":511466,"date":"2025-11-04T15:51:15","date_gmt":"2025-11-04T15:51:15","guid":{"rendered":"https:\/\/www.europesays.com\/fr\/511466\/"},"modified":"2025-11-04T15:51:15","modified_gmt":"2025-11-04T15:51:15","slug":"la-greve-du-personnel-scolaire-est-reconduite-ce-mercredi","status":"publish","type":"post","link":"https:\/\/www.europesays.com\/fr\/511466\/","title":{"rendered":"la gr\u00e8ve du personnel scolaire est reconduite ce mercredi"},"content":{"rendered":"<p>En gr\u00e8ve depuis lundi, pr\u00e8s de 98\u00a0% du personnel scolaire du coll\u00e8ge Aristide-Briand, un \u00e9tablissement qui accueille 500 \u00e9l\u00e8ves de la 6e\u00a0 \u00e0 la 3e\u00a0 et deux dispositifs ULIS, dans le quartier de Terrenoire, ont reconduit leur mouvement, ce mardi, pour d\u00e9noncer les conditions d\u00e9plorables de travail pour les \u00e9l\u00e8ves et le personnel. L\u2019\u00e9quipe \u00e9ducative s\u2019est rassembl\u00e9e devant le portail d\u2019entr\u00e9e pour former un piquet de gr\u00e8ve.<\/p>\n<p>  Un rendez-vous avec l\u2019inspecteur acad\u00e9mique ce mercredi \u00e0 18 heures<\/p>\n<p><a href=\"https:\/\/www.leprogres.fr\/education\/2025\/11\/03\/trop-de-collegues-et-d-eleves-vont-mal-le-college-de-terrenoire-en-greve-illimitee\" target=\"_blank\" rel=\"nofollow noopener\">Au c\u0153ur de leurs revendications<\/a>, ils r\u00e9clament la cr\u00e9ation imm\u00e9diate d\u2019un deuxi\u00e8me poste de CPE \u00e0 temps plein\u00a0; l\u2019embauche urgente de deux assistants d\u2019\u00e9ducation (AED)\u00a0; l\u2019octroi de moyens pour la rentr\u00e9e 2026 pour la pr\u00e9vention du d\u00e9crochage scolaire, l\u2019am\u00e9lioration du climat scolaire, et l\u2018\u00e9ducation \u00e0 la citoyennet\u00e9\u00a0; l\u2019affectation imm\u00e9diate d\u2019une AESH suppl\u00e9mentaire et le remplacement de l\u2019AESH en arr\u00eat\u00a0; l\u2019affectation \u00e0 temps plein d\u2019une infirmi\u00e8re\u00a0; l\u2019ouverture de classes suppl\u00e9mentaires de cinqui\u00e8me, quatri\u00e8me et troisi\u00e8me \u00e0 la rentr\u00e9e 2026 et le classement de leur \u00e9tablissement en dispositif de R\u00e9seau d\u2019\u00e9ducation prioritaire.<\/p>\n<p>\u00c0 l\u2019unanimit\u00e9, la communaut\u00e9 \u00e9ducative a vot\u00e9 la poursuite du mouvement ce mercredi\u00a0en attendant\u00a0l\u2019entretien pr\u00e9vu le m\u00eame jour \u00e0 18 heures avec l\u2019inspecteur acad\u00e9mique de la Loire.<\/p>\n","protected":false},"excerpt":{"rendered":"En gr\u00e8ve depuis lundi, pr\u00e8s de 98\u00a0% du personnel scolaire du coll\u00e8ge Aristide-Briand, un \u00e9tablissement qui accueille 500&hellip;\n","protected":false},"author":2,"featured_media":511467,"comment_status":"","ping_status":"","sticky":false,"template":"","format":"standard","meta":{"footnotes":""},"categories":[9653],"tags":[1111,11,2430,3599,7539,1057,1777,674,1011,27,12,25,4001,7538],"class_list":{"0":"post-511466","1":"post","2":"type-post","3":"status-publish","4":"format-standard","5":"has-post-thumbnail","7":"category-saint-etienne","8":"tag-actu","9":"tag-actualites","10":"tag-auvergne-rhone-alpes","11":"tag-college-lycee","12":"tag-edition-loire-sud","13":"tag-education","14":"tag-eu","15":"tag-europe","16":"tag-fr","17":"tag-france","18":"tag-news","19":"tag-republique-francaise","20":"tag-saint-etienne","21":"tag-saint-etienne-ville"},"share_on_mastodon":{"url":"https:\/\/pubeurope.com\/@fr\/115492230547294597","error":""},"_links":{"self":[{"href":"https:\/\/www.europesays.com\/fr\/wp-json\/wp\/v2\/posts\/511466","targetHints":{"allow":["GET"]}}],"collection":[{"href":"https:\/\/www.europesays.com\/fr\/wp-json\/wp\/v2\/posts"}],"about":[{"href":"https:\/\/www.europesays.com\/fr\/wp-json\/wp\/v2\/types\/post"}],"author":[{"embeddable":true,"href":"https:\/\/www.europesays.com\/fr\/wp-json\/wp\/v2\/users\/2"}],"replies":[{"embeddable":true,"href":"https:\/\/www.europesays.com\/fr\/wp-json\/wp\/v2\/comments?post=511466"}],"version-history":[{"count":0,"href":"https:\/\/www.europesays.com\/fr\/wp-json\/wp\/v2\/posts\/511466\/revisions"}],"wp:featuredmedia":[{"embeddable":true,"href":"https:\/\/www.europesays.com\/fr\/wp-json\/wp\/v2\/media\/511467"}],"wp:attachment":[{"href":"https:\/\/www.europesays.com\/fr\/wp-json\/wp\/v2\/media?parent=511466"}],"wp:term":[{"taxonomy":"category","embeddable":true,"href":"https:\/\/www.europesays.com\/fr\/wp-json\/wp\/v2\/categories?post=511466"},{"taxonomy":"post_tag","embeddable":true,"href":"https:\/\/www.europesays.com\/fr\/wp-json\/wp\/v2\/tags?post=511466"}],"curies":[{"name":"wp","href":"https:\/\/api.w.org\/{rel}","templated":true}]}}