{"id":511510,"date":"2025-11-04T16:15:18","date_gmt":"2025-11-04T16:15:18","guid":{"rendered":"https:\/\/www.europesays.com\/fr\/511510\/"},"modified":"2025-11-04T16:15:18","modified_gmt":"2025-11-04T16:15:18","slug":"super-league-le-toulouse-olympique-recrute-un-pilier-des-wigan-warriors-rugby-a-xiii","status":"publish","type":"post","link":"https:\/\/www.europesays.com\/fr\/511510\/","title":{"rendered":"Super League &#8211; Le Toulouse Olympique recrute un pilier des Wigan Warriors &#8211; Rugby \u00e0 XIII"},"content":{"rendered":"<p style=\"text-align: justify;\"><strong>Les Olympiens ont enregistr\u00e9 leur troisi\u00e8me recrue pour la saison 2026 de Super League. <a href=\"https:\/\/www.to13.com\/a-la-une\/recrutement-le-toulouse-olympique-realise-un-gros-coup-tyler-dupree-rejoint-les-rangs-du-to-en-2026\/\" target=\"_blank\" rel=\"noopener\">Tyler Dupree<\/a> arrive en provenance des Wigan Warriors.<\/strong><\/p>\n<p style=\"text-align: justify;\">Les Toulousains ont enregistr\u00e9 leur troisi\u00e8me recrue pour la saison prochaine. C\u2019\u00e9tait annonc\u00e9, c\u2019est maintenant officiel, Tyler Dupree est pr\u00eat\u00e9 pour une ann\u00e9e au Toulouse Olympique par les Wigan Warriors, il rejoint Luka Polselli et Mathieu Pons qui ont d\u00e9j\u00e0 \u00e9taient officialis\u00e9s par le TO.<\/p>\n<p>Troisi\u00e8me renfort pour Toulouse<\/p>\n<p style=\"text-align: justify;\">Le pilier de 25 ans conna\u00eetra son troisi\u00e8me club en Super League apr\u00e8s Salford et Wigan, et tentera de faire bonne figure pour la deuxi\u00e8me saison de l\u2019histoire du TO en Super League. L\u2019international anglais fait partie des meilleurs piliers du championnat, il \u00e9tait titulaire indiscutable depuis deux saisons et demie, et a remport\u00e9 durant son passage \u00e0 Wigan : 2 Super League, 1 Challenge Cup, 1 World Club Challenge et 2 League Leaders\u2019 Shield.<\/p>\n<p style=\"text-align: justify;\">Cette saison 2025, l\u2019ancien joueur de Salford a jou\u00e9 25 matchs pour 2 essais inscrits, avec une deuxi\u00e8me place au classement derri\u00e8re l\u2019in\u00e9vitable Hull KR. Et une troisi\u00e8me finale cons\u00e9cutive, perdue cette fois par Wigan face au premier de la saison r\u00e9guli\u00e8re (24-6). Un renfort de poids pour Sylvain Houles, qui voit arriver un pilier exp\u00e9riment\u00e9 de la Super League avec 80 matchs dans l\u2019\u00e9lite du rugby anglais. Malgr\u00e9 plusieurs sollicitations de clubs de Super League, c\u2019est bien le Toulouse Olympique qui rafle la mise.<\/p>\n<p style=\"text-align: justify;\">Tyler Dupree s\u2019exprime apr\u00e8s sa signature :<\/p>\n<blockquote>\n<p style=\"text-align: justify;\">Je suis extr\u00eamement enthousiaste et fier de rejoindre Toulouse. C\u2019est un club avec une culture forte, des normes \u00e9lev\u00e9es et une v\u00e9ritable passion pour la r\u00e9ussite, et je suis reconnaissant de pouvoir y contribuer. Je souhaite continuer \u00e0 progresser en tant que joueur, sur le terrain et en dehors. J\u2019esp\u00e8re apporter chaque jour une \u00e9nergie positive, contribuer \u00e0 la culture du club et aider \u00e0 promouvoir l\u2019\u00e9thique de travail et la responsabilit\u00e9. En tant qu\u2019\u00e9quipe, j\u2019ai h\u00e2te de jouer avec les autres joueurs, d\u2019\u00eatre comp\u00e9titif et, au final, d\u2019apporter des victoires \u00e0 Toulouse.<\/p>\n<\/blockquote>\n<p style=\"text-align: justify;\">Sylvain Houles, entra\u00eeneur de Toulouse, r\u00e9agit sur la venue de son nouveau joueur :<\/p>\n<blockquote>\n<p style=\"text-align: justify;\">Nous sommes vraiment ravis de signer un joueur comme Tyler qui va venir renforcer notre paquet d\u2019avants. C\u2019est un joueur puissant, imposant physiquement et qui va nous amener du danger en attaque par ses courses, ses tenus rapides et ses offloads. Il peut \u00eatre tr\u00e8s agressif en d\u00e9fense aussi et je pense qu\u2019il poss\u00e8de tout pour enflammer les tribunes d\u2019Ernest Wallon.<\/p>\n<\/blockquote>\n<blockquote class=\"instagram-media\" data-instgrm-captioned=\"\" data-instgrm-permalink=\"https:\/\/www.instagram.com\/reel\/DQo-yMzjNHj\/?utm_source=ig_embed&amp;utm_campaign=loading\" data-instgrm-version=\"14\" style=\" background:#FFF; border:0; border-radius:3px; box-shadow:0 0 1px 0 rgba(0,0,0,0.5),0 1px 10px 0 rgba(0,0,0,0.15); margin: 1px; max-width:500px; min-width:326px; padding:0; width:99.375%; width:-webkit-calc(100% - 2px); width:calc(100% - 2px);\">\n<\/blockquote>\n<p>        <script async src=\"\/\/www.instagram.com\/embed.js\"><\/script><\/p>\n","protected":false},"excerpt":{"rendered":"Les Olympiens ont enregistr\u00e9 leur troisi\u00e8me recrue pour la saison 2026 de Super League. Tyler Dupree arrive en&hellip;\n","protected":false},"author":2,"featured_media":511511,"comment_status":"","ping_status":"","sticky":false,"template":"","format":"standard","meta":{"footnotes":""},"categories":[2816],"tags":[1111,11,1777,674,1011,27,12,2680,25,2228,2229,4474,2312,3502,62152],"class_list":{"0":"post-511510","1":"post","2":"type-post","3":"status-publish","4":"format-standard","5":"has-post-thumbnail","7":"category-toulouse","8":"tag-actu","9":"tag-actualites","10":"tag-eu","11":"tag-europe","12":"tag-fr","13":"tag-france","14":"tag-news","15":"tag-occitanie","16":"tag-republique-francaise","17":"tag-rugby-a-xiii","18":"tag-rugby-league","19":"tag-super-league","20":"tag-toulouse","21":"tag-toulouse-olympique","22":"tag-tyler-dupree"},"share_on_mastodon":{"url":"https:\/\/pubeurope.com\/@fr\/115492325047640641","error":""},"_links":{"self":[{"href":"https:\/\/www.europesays.com\/fr\/wp-json\/wp\/v2\/posts\/511510","targetHints":{"allow":["GET"]}}],"collection":[{"href":"https:\/\/www.europesays.com\/fr\/wp-json\/wp\/v2\/posts"}],"about":[{"href":"https:\/\/www.europesays.com\/fr\/wp-json\/wp\/v2\/types\/post"}],"author":[{"embeddable":true,"href":"https:\/\/www.europesays.com\/fr\/wp-json\/wp\/v2\/users\/2"}],"replies":[{"embeddable":true,"href":"https:\/\/www.europesays.com\/fr\/wp-json\/wp\/v2\/comments?post=511510"}],"version-history":[{"count":0,"href":"https:\/\/www.europesays.com\/fr\/wp-json\/wp\/v2\/posts\/511510\/revisions"}],"wp:featuredmedia":[{"embeddable":true,"href":"https:\/\/www.europesays.com\/fr\/wp-json\/wp\/v2\/media\/511511"}],"wp:attachment":[{"href":"https:\/\/www.europesays.com\/fr\/wp-json\/wp\/v2\/media?parent=511510"}],"wp:term":[{"taxonomy":"category","embeddable":true,"href":"https:\/\/www.europesays.com\/fr\/wp-json\/wp\/v2\/categories?post=511510"},{"taxonomy":"post_tag","embeddable":true,"href":"https:\/\/www.europesays.com\/fr\/wp-json\/wp\/v2\/tags?post=511510"}],"curies":[{"name":"wp","href":"https:\/\/api.w.org\/{rel}","templated":true}]}}