{"id":511519,"date":"2025-11-04T16:20:19","date_gmt":"2025-11-04T16:20:19","guid":{"rendered":"https:\/\/www.europesays.com\/fr\/511519\/"},"modified":"2025-11-04T16:20:19","modified_gmt":"2025-11-04T16:20:19","slug":"sud-de-lyon-les-pompiers-et-le-samu-agresses-au-cours-dune-intervention","status":"publish","type":"post","link":"https:\/\/www.europesays.com\/fr\/511519\/","title":{"rendered":"Sud de Lyon : les pompiers et le SAMU agress\u00e9s au cours d&rsquo;une intervention"},"content":{"rendered":"<p>Lors d&rsquo;une intervention \u00e0 V\u00e9nissieux ce mardi 4 novembre, les pompiers et le SAMU du Rh\u00f4ne ont \u00e9t\u00e9 agress\u00e9s par un homme. La police a \u00e9t\u00e9 oblig\u00e9e d&rsquo;intervenir sur les lieux.<\/p>\n<p>Les secours violemment pris \u00e0 partie au sud de Lyon. Ce mardi 4 novembre, vers 14h, les pompiers et le SAMU du Rh\u00f4ne sont intervenus sur la commune de <b>V\u00e9nissieux<\/b> (Rh\u00f4ne) pour secourir un homme victime de convulsions.<\/p>\n<p>Une fois sur place, au 24 rue Beethoven, ils ont tent\u00e9 de lui venir en aide. Mais ce dernier a eu <b>un comportement tr\u00e8s agressif<\/b>, refusant de se faire soigner.<\/p>\n<p>Ensuite, plusieurs individus hostiles se sont r\u00e9unis autour d&rsquo;eux, obligeant les secours a appel\u00e9 la police en renfort.<\/p>\n<p>Les pompiers et le SAMU portent plainte<\/p>\n<p>Selon <a class=\"url\" href=\"https:\/\/www.leprogres.fr\/faits-divers-justice\/2025\/11\/04\/les-pompiers-et-le-samu-violemment-pris-a-partie-lors-d-une-intervention-a-venissieux\" target=\"_blank\" rel=\"noopener\">Le Progr\u00e8s<\/a>, les forces de l&rsquo;ordre sont parvenues \u00e0 disperser les riverains et ont interpell\u00e9 l&rsquo;homme pris en charge par les secours.<\/p>\n<p>Personne n&rsquo;a \u00e9t\u00e9 bless\u00e9e au cours de l&rsquo;intervention,<b>\u00a0les pompiers et le SAMU ont port\u00e9 plainte<\/b>.<\/p>\n<p><img loading=\"lazy\" decoding=\"async\" src=\"https:\/\/www.europesays.com\/fr\/wp-content\/uploads\/2025\/11\/1762273219_494_img\" width=\"350\" height=\"200\" border=\"0\" title=\"Les gendarmes ont ouvert une enqu\u00c3\u00aate apr\u00c3\u00a8s un cambriolage \u00c3\u00a0 Thizy-les-Bourgs.\"\/><\/p>\n<p>\u25baFaits divers<\/p>\n<p style=\"font-size: 22px;\"><b>Rh\u00f4ne : de nombreux v\u00e9los vol\u00e9s apr\u00e8s un casse \u00e0 la voiture-b\u00e9lier\u00a0<\/b><\/p>\n<p>Un magasin de Thizy-les-Bourgs, dans le Rh\u00f4ne,&#8230;<\/p>\n<p><\/p>\n","protected":false},"excerpt":{"rendered":"Lors d&rsquo;une intervention \u00e0 V\u00e9nissieux ce mardi 4 novembre, les pompiers et le SAMU du Rh\u00f4ne ont \u00e9t\u00e9&hellip;\n","protected":false},"author":2,"featured_media":325189,"comment_status":"","ping_status":"","sticky":false,"template":"","format":"standard","meta":{"footnotes":""},"categories":[1889],"tags":[1111,11,1120,2430,1777,674,6017,1011,27,2428,12,1311,25,14322,7342,5430],"class_list":{"0":"post-511519","1":"post","2":"type-post","3":"status-publish","4":"format-standard","5":"has-post-thumbnail","7":"category-lyon","8":"tag-actu","9":"tag-actualites","10":"tag-agression","11":"tag-auvergne-rhone-alpes","12":"tag-eu","13":"tag-europe","14":"tag-fait-divers","15":"tag-fr","16":"tag-france","17":"tag-lyon","18":"tag-news","19":"tag-pompiers","20":"tag-republique-francaise","21":"tag-samu","22":"tag-secours","23":"tag-vnissieux"},"share_on_mastodon":{"url":"https:\/\/pubeurope.com\/@fr\/115492345238583786","error":""},"_links":{"self":[{"href":"https:\/\/www.europesays.com\/fr\/wp-json\/wp\/v2\/posts\/511519","targetHints":{"allow":["GET"]}}],"collection":[{"href":"https:\/\/www.europesays.com\/fr\/wp-json\/wp\/v2\/posts"}],"about":[{"href":"https:\/\/www.europesays.com\/fr\/wp-json\/wp\/v2\/types\/post"}],"author":[{"embeddable":true,"href":"https:\/\/www.europesays.com\/fr\/wp-json\/wp\/v2\/users\/2"}],"replies":[{"embeddable":true,"href":"https:\/\/www.europesays.com\/fr\/wp-json\/wp\/v2\/comments?post=511519"}],"version-history":[{"count":0,"href":"https:\/\/www.europesays.com\/fr\/wp-json\/wp\/v2\/posts\/511519\/revisions"}],"wp:featuredmedia":[{"embeddable":true,"href":"https:\/\/www.europesays.com\/fr\/wp-json\/wp\/v2\/media\/325189"}],"wp:attachment":[{"href":"https:\/\/www.europesays.com\/fr\/wp-json\/wp\/v2\/media?parent=511519"}],"wp:term":[{"taxonomy":"category","embeddable":true,"href":"https:\/\/www.europesays.com\/fr\/wp-json\/wp\/v2\/categories?post=511519"},{"taxonomy":"post_tag","embeddable":true,"href":"https:\/\/www.europesays.com\/fr\/wp-json\/wp\/v2\/tags?post=511519"}],"curies":[{"name":"wp","href":"https:\/\/api.w.org\/{rel}","templated":true}]}}