{"id":511524,"date":"2025-11-04T16:24:16","date_gmt":"2025-11-04T16:24:16","guid":{"rendered":"https:\/\/www.europesays.com\/fr\/511524\/"},"modified":"2025-11-04T16:24:16","modified_gmt":"2025-11-04T16:24:16","slug":"le-parquet-de-paris-ouvre-une-enquete-sur-lalgorithme-de-tiktok","status":"publish","type":"post","link":"https:\/\/www.europesays.com\/fr\/511524\/","title":{"rendered":"le parquet de Paris ouvre une enqu\u00eate sur l&rsquo;algorithme de TikTok"},"content":{"rendered":"<p class=\"article-p mdl\">Le parquet de Paris a ouvert une enqu\u00eate pr\u00e9liminaire \u00e0 la suite d&rsquo;un signalement du d\u00e9put\u00e9 Arthur Delaporte (PS), d\u00e9non\u00e7ant notamment la \u00ab\u00a0facilit\u00e9 d&rsquo;acc\u00e8s\u00a0\u00bb des \u00ab\u00a0mineurs\u00a0\u00bb \u00e0 l&rsquo;algorithme de TikTok, \u00ab\u00a0susceptible de pousser\u00a0\u00bb les plus \u00ab\u00a0vuln\u00e9rables vers le suicide\u00a0\u00bb, a indiqu\u00e9 mardi 4 novembre la procureure de Paris Laure Beccuau.<\/p>\n<p class=\"article-p mdl\">L&rsquo;enqu\u00eate pr\u00e9liminaire porte sur des infractions de \u00ab\u00a0fourniture de plateforme en ligne pour permettre une transaction illicite en bande organis\u00e9e\u00a0\u00bb, \u00ab\u00a0alt\u00e9ration du fonctionnement d\u2019un syst\u00e8me de traitement automatis\u00e9 de donn\u00e9es en bande organis\u00e9e\u00a0\u00bb, \u00ab\u00a0propagande en faveur de produit, objet ou m\u00e9thode pr\u00e9conis\u00e9s comme moyens de se donner la mort\u00a0\u00bb.<\/p>\n<p class=\"article-p mdl\"><strong>Plus d&rsquo;informations \u00e0 suivre sur RTL.fr et l&rsquo;application RTL.<\/strong><\/p>\n<p class=\"s-newsletter__title\">\n                L\u2019actualit\u00e9 par la r\u00e9daction de RTL dans votre bo\u00eete mail.\n            <\/p>\n<p class=\"s-newsletter__subtitle\">\n                Gr\u00e2ce \u00e0 votre compte RTL abonnez-vous \u00e0 la newsletter RTL info pour suivre toute l&rsquo;actualit\u00e9 au quotidien\n            <\/p>\n<p>\n                                    Lire la suite\n                                <\/p>\n","protected":false},"excerpt":{"rendered":"Le parquet de Paris a ouvert une enqu\u00eate pr\u00e9liminaire \u00e0 la suite d&rsquo;un signalement du d\u00e9put\u00e9 Arthur Delaporte&hellip;\n","protected":false},"author":2,"featured_media":511525,"comment_status":"","ping_status":"","sticky":false,"template":"","format":"standard","meta":{"footnotes":""},"categories":[1888],"tags":[1111,1928,11,1927,1777,674,107,1011,27,12,1926,626,1925,25,938,2439],"class_list":{"0":"post-511524","1":"post","2":"type-post","3":"status-publish","4":"format-standard","5":"has-post-thumbnail","7":"category-paris","8":"tag-actu","9":"tag-actu-paris","10":"tag-actualites","11":"tag-actualites-paris","12":"tag-eu","13":"tag-europe","14":"tag-fil-info","15":"tag-fr","16":"tag-france","17":"tag-news","18":"tag-news-paris","19":"tag-paris","20":"tag-paris-news","21":"tag-republique-francaise","22":"tag-reseaux-sociaux","23":"tag-tiktok"},"share_on_mastodon":{"url":"https:\/\/pubeurope.com\/@fr\/115492360303343198","error":""},"_links":{"self":[{"href":"https:\/\/www.europesays.com\/fr\/wp-json\/wp\/v2\/posts\/511524","targetHints":{"allow":["GET"]}}],"collection":[{"href":"https:\/\/www.europesays.com\/fr\/wp-json\/wp\/v2\/posts"}],"about":[{"href":"https:\/\/www.europesays.com\/fr\/wp-json\/wp\/v2\/types\/post"}],"author":[{"embeddable":true,"href":"https:\/\/www.europesays.com\/fr\/wp-json\/wp\/v2\/users\/2"}],"replies":[{"embeddable":true,"href":"https:\/\/www.europesays.com\/fr\/wp-json\/wp\/v2\/comments?post=511524"}],"version-history":[{"count":0,"href":"https:\/\/www.europesays.com\/fr\/wp-json\/wp\/v2\/posts\/511524\/revisions"}],"wp:featuredmedia":[{"embeddable":true,"href":"https:\/\/www.europesays.com\/fr\/wp-json\/wp\/v2\/media\/511525"}],"wp:attachment":[{"href":"https:\/\/www.europesays.com\/fr\/wp-json\/wp\/v2\/media?parent=511524"}],"wp:term":[{"taxonomy":"category","embeddable":true,"href":"https:\/\/www.europesays.com\/fr\/wp-json\/wp\/v2\/categories?post=511524"},{"taxonomy":"post_tag","embeddable":true,"href":"https:\/\/www.europesays.com\/fr\/wp-json\/wp\/v2\/tags?post=511524"}],"curies":[{"name":"wp","href":"https:\/\/api.w.org\/{rel}","templated":true}]}}