{"id":511538,"date":"2025-11-04T16:31:15","date_gmt":"2025-11-04T16:31:15","guid":{"rendered":"https:\/\/www.europesays.com\/fr\/511538\/"},"modified":"2025-11-04T16:31:15","modified_gmt":"2025-11-04T16:31:15","slug":"royaume-uni-genou-a-terre-epee-sur-lepaule-sir-david-beckham-officiellement-anobli-par-le-roi-charles-iii","status":"publish","type":"post","link":"https:\/\/www.europesays.com\/fr\/511538\/","title":{"rendered":"Royaume-Uni. Genou \u00e0 terre, \u00e9p\u00e9e sur l&rsquo;\u00e9paule&#8230; \u201cSir\u201d David Beckham officiellement anobli par le roi Charles III"},"content":{"rendered":"<p>D\u00e9sormais, appelez le Sir <a href=\"https:\/\/www.ledauphine.com\/p\/david-beckham\" target=\"_blank\" rel=\"nofollow noopener\">David Beckham<\/a>. <a href=\"https:\/\/www.ledauphine.com\/societe\/2025\/06\/06\/appelez-le-sir-david-beckham-l-ancienne-star-du-football-en-passe-d-etre-anoblie\" target=\"_blank\" rel=\"nofollow noopener\">Officiellement chevalier depuis le mois de juin<\/a>, l&rsquo;ancienne star du football a \u00e9t\u00e9 officiellement anoblie ce mardi par le roi <a href=\"https:\/\/www.ledauphine.com\/p\/roi-charles-iii\" target=\"_blank\" rel=\"nofollow noopener\">Charles III<\/a> lors d&rsquo;une c\u00e9r\u00e9monie au ch\u00e2teau de Windsor.<\/p>\n<p>\u00ab Pour un jeune des quartiers est de Londres, \u00eatre ici au ch\u00e2teau de Windsor, honor\u00e9 par sa Majest\u00e9 le roi &#8211; la plus importante et plus respect\u00e9e des institutions au monde &#8211; c&rsquo;est vraiment un grand moment \u00bb, a d\u00e9clar\u00e9\u00a0celui qui a fait les beaux jours de Manchester United, du Real Madrid ou encore du Paris Saint-Germain.\u00a0aux m\u00e9dias apr\u00e8s la c\u00e9r\u00e9monie. Un \u00e9v\u00e9nement auquel ont assist\u00e9\u00a0sa femme Victoria Beckham, et ses parents.<\/p>\n<p>Un costume \u00ab\u00a0inspir\u00e9\u00a0\u00bb par Charles III<\/p>\n<p>En costume trois-pi\u00e8ces gris avec queue de pie et cravate assortie, Beckham s&rsquo;est pr\u00e9sent\u00e9 tout sourire devant le roi, qui l&rsquo;a adoub\u00e9 en tapotant ses \u00e9paules d&rsquo;une \u00e9p\u00e9e de c\u00e9r\u00e9monie. Les deux hommes ont \u00e9chang\u00e9 quelques mots, le roi visiblement ravi lui aussi. Celui qui est devenu un ic\u00f4ne de la mode a expliqu\u00e9 que sa tenue, dessin\u00e9e par son \u00e9pouse, avait \u00e9t\u00e9 \u00ab inspir\u00e9e \u00bb par Charles III.<\/p>\n<p>\u00ab Il est un peu l&rsquo;homme le plus \u00e9l\u00e9gant que je connaisse, il a inspir\u00e9 plusieurs de mes tenues et clairement inspir\u00e9 celle-ci \u00bb, a-t-il soulign\u00e9,\u00a0dans des propos rapport\u00e9s par l&rsquo;agence Press Association. L&rsquo;ancien milieu de terrain\u00a0(qui a raccroch\u00e9 les crampons en 2013) et son \u00e9pouse sont d\u00e9sormais Sir David et Lady Victoria.<\/p>\n<p>David Beckham\u00a0(50 ans) a \u00e9t\u00e9 anobli pour ses services rendus au sport et \u00e0 des organisations caritatives. L&rsquo;ancien international anglais s&rsquo;est associ\u00e9 avec l&rsquo;Unicef et a men\u00e9 des campagnes pour Malaria No More, une organisation \u0153uvrant \u00e0 l&rsquo;\u00e9radication du paludisme.<\/p>\n<p>Les Beckham proches de la famille royale<\/p>\n<p>Le couple Beckham \u00e9volue dans la sph\u00e8re royale depuis des ann\u00e9es. Ils avaient ainsi \u00e9t\u00e9 convi\u00e9s au mariage du <a href=\"https:\/\/www.ledauphine.com\/p\/prince-william\" target=\"_blank\" rel=\"nofollow noopener\">prince William<\/a> et de <a href=\"https:\/\/www.ledauphine.com\/p\/kate-middleton\" target=\"_blank\" rel=\"nofollow noopener\">Kate Middleton<\/a> en 2011, ainsi qu&rsquo;\u00e0 celui du <a href=\"https:\/\/www.ledauphine.com\/p\/prince-harry\" target=\"_blank\" rel=\"nofollow noopener\">prince Harry<\/a> et <a href=\"https:\/\/www.ledauphine.com\/p\/meghan-markle\" target=\"_blank\" rel=\"nofollow noopener\">Meghan Markle<\/a> en 2018.<\/p>\n<p>Lors de la m\u00eame c\u00e9r\u00e9monie, l&rsquo;\u00e9crivain et prix Nobel de Litt\u00e9rature Kazuo Ishiguro a lui \u00e9t\u00e9 \u00e9lev\u00e9 au rang de Compagnon de l&rsquo;Honneur, qui distingue les personnes ayant apport\u00e9 une contribution majeure aux arts, \u00e0 la science ou au gouvernement. Le nombre de personnes vivantes membres de cet Ordre ne peut pas d\u00e9passer les 65.<\/p>\n","protected":false},"excerpt":{"rendered":"D\u00e9sormais, appelez le Sir David Beckham. Officiellement chevalier depuis le mois de juin, l&rsquo;ancienne star du football a&hellip;\n","protected":false},"author":2,"featured_media":511539,"comment_status":"","ping_status":"","sticky":false,"template":"","format":"standard","meta":{"footnotes":""},"categories":[1588],"tags":[11,1777,674,107,1701,63,12,973,473,1853,517,1947,1851,1850,1852],"class_list":{"0":"post-511538","1":"post","2":"type-post","3":"status-publish","4":"format-standard","5":"has-post-thumbnail","7":"category-royaume-uni","8":"tag-actualites","9":"tag-eu","10":"tag-europe","11":"tag-fil-info","12":"tag-fil-info-sport","13":"tag-football","14":"tag-news","15":"tag-people","16":"tag-royaume-uni","17":"tag-royaume-uni-de-grande-bretagne-et-dirlande-du-nord","18":"tag-sport","19":"tag-sport-national","20":"tag-uk","21":"tag-united-kingdom","22":"tag-united-kingdom-of-great-britain-and-northern-ireland"},"share_on_mastodon":{"url":"https:\/\/pubeurope.com\/@fr\/115492387922883330","error":""},"_links":{"self":[{"href":"https:\/\/www.europesays.com\/fr\/wp-json\/wp\/v2\/posts\/511538","targetHints":{"allow":["GET"]}}],"collection":[{"href":"https:\/\/www.europesays.com\/fr\/wp-json\/wp\/v2\/posts"}],"about":[{"href":"https:\/\/www.europesays.com\/fr\/wp-json\/wp\/v2\/types\/post"}],"author":[{"embeddable":true,"href":"https:\/\/www.europesays.com\/fr\/wp-json\/wp\/v2\/users\/2"}],"replies":[{"embeddable":true,"href":"https:\/\/www.europesays.com\/fr\/wp-json\/wp\/v2\/comments?post=511538"}],"version-history":[{"count":0,"href":"https:\/\/www.europesays.com\/fr\/wp-json\/wp\/v2\/posts\/511538\/revisions"}],"wp:featuredmedia":[{"embeddable":true,"href":"https:\/\/www.europesays.com\/fr\/wp-json\/wp\/v2\/media\/511539"}],"wp:attachment":[{"href":"https:\/\/www.europesays.com\/fr\/wp-json\/wp\/v2\/media?parent=511538"}],"wp:term":[{"taxonomy":"category","embeddable":true,"href":"https:\/\/www.europesays.com\/fr\/wp-json\/wp\/v2\/categories?post=511538"},{"taxonomy":"post_tag","embeddable":true,"href":"https:\/\/www.europesays.com\/fr\/wp-json\/wp\/v2\/tags?post=511538"}],"curies":[{"name":"wp","href":"https:\/\/api.w.org\/{rel}","templated":true}]}}