{"id":511564,"date":"2025-11-04T16:51:14","date_gmt":"2025-11-04T16:51:14","guid":{"rendered":"https:\/\/www.europesays.com\/fr\/511564\/"},"modified":"2025-11-04T16:51:14","modified_gmt":"2025-11-04T16:51:14","slug":"eva-longoria-pas-freinee-par-les-accusations-qui-pesent-sur-lui-elle-recrute-slimane","status":"publish","type":"post","link":"https:\/\/www.europesays.com\/fr\/511564\/","title":{"rendered":"Eva Longoria : pas frein\u00e9e par les accusations qui p\u00e8sent sur lui, elle recrute Slimane"},"content":{"rendered":"<p data-start=\"619\" data-end=\"1006\">Eva Longoria ne s\u2019arr\u00eate<br \/>\njamais. <a href=\"https:\/\/www.closermag.fr\/people\/eva-longoria-son-celebre-ex-poignarde-hospitalise-dans-un-etat-critique-puis-arrete-3584701\" rel=\"nofollow noopener\" target=\"_blank\"><br \/>\nActrice, productrice et engag\u00e9e<\/a> pour de nombreuses causes, la<br \/>\nstar am\u00e9ricaine est aussi l\u2019organisatrice du Global Gift Gala,<br \/>\n\u00e9v\u00e9nement caritatif de renom qui fait escale chaque ann\u00e9e dans<br \/>\nplusieurs grandes villes. Ce samedi, c\u2019est au George V, \u00e0 Paris,<br \/>\nqu\u2019elle posera ses valises pour une soir\u00e9e ultra-glamour aux c\u00f4t\u00e9s<br \/>\nde ses invit\u00e9s tri\u00e9s sur le volet.<\/p>\n<p data-start=\"1008\" data-end=\"1196\">Et parmi eux : Slimane. Oui,<br \/>\nle chanteur r\u00e9v\u00e9l\u00e9 dans The<br \/>\nVoice, grand habitu\u00e9 des tubes et des \u00e9motions fortes, a \u00e9t\u00e9<br \/>\n<strong>personnellement choisi par l&rsquo;ex-Desperate<br \/>\nHousewife<\/strong>. Mais pour quoi exactement ?<\/p>\n<p>Slimane et Eva Longoria : une<br \/>\ncollaboration inattendue<\/p>\n<p data-start=\"1258\" data-end=\"1583\">Ce n\u2019est pas la premi\u00e8re fois<br \/>\nqu\u2019<a href=\"https:\/\/www.closermag.fr\/people\/eva-longoria-et-soudain-la-star-debarque-chez-une-agricultrice-emblematique-de-lamour-est-dans-le-pre-3565489\" rel=\"nofollow noopener\" target=\"_blank\">Eva<br \/>\nLongoria affiche sa proximit\u00e9 avec des artistes fran\u00e7ais<\/a>. On<br \/>\nsavait d\u00e9j\u00e0 son affection pour Kendji Girac\u2026 mais cette fois, c\u2019est<br \/>\nSlimane qu\u2019elle met \u00e0 l\u2019honneur. Un choix qui peut \u00e9tonner,<br \/>\nd\u2019autant plus qu\u2019il revient tout juste sous le feu des projecteurs<br \/>\napr\u00e8s une p\u00e9riode tendue pour sa carri\u00e8re, <a href=\"https:\/\/www.closermag.fr\/people\/slimane-apres-les-accusations-le-retour-en-grace-du-chanteur-3569783\" rel=\"nofollow noopener\" target=\"_blank\"><br \/>\nlui qui est accus\u00e9 de harc\u00e8lement<\/a>. Sur le compte Instagram<br \/>\nofficiel du Global Gift Gala, l\u2019annonce est tomb\u00e9e :<br \/>\n<strong>Slimane sera l\u2019un des artistes phares de la<br \/>\nsoir\u00e9e.<\/strong> L\u2019interpr\u00e8te de Mon amour est attendu pour offrir une prestation<br \/>\nmusicale \u00e0 l\u2019h\u00f4tel George V. Joyce Jonathan fait aussi partie de la<br \/>\nprogrammation. Ce que l\u2019on sait moins, c\u2019est que cette invitation<br \/>\nintervient dans un contexte particulier.<\/p>\n<p data-start=\"1957\" data-end=\"2380\">Car Slimane a r\u00e9cemment \u00e9t\u00e9<br \/>\ncondamn\u00e9 \u00e0 10 000 euros d\u2019amende, dont 3 000 avec sursis, pour<br \/>\nharc\u00e8lement envers un technicien lors de sa tourn\u00e9e Cupidon Tour. D\u2019apr\u00e8s Le Parisien, l\u2019artiste aurait envoy\u00e9<br \/>\n<strong>\u00ab\u00a0des messages et<br \/>\nvid\u00e9os \u00e0 caract\u00e8re sexuel,<\/strong> voire<br \/>\npornographiques\u00a0\u00bb\u00a0\u00e0 la victime. Une affaire qui a mis un<br \/>\ncoup d\u2019arr\u00eat \u00e0 sa carri\u00e8re m\u00e9diatique. Mais visiblement, pas au<br \/>\npoint d\u2019\u00e9branler le soutien de ses proches.<\/p>\n<p>Soutiens solides pour un retour sous le feu des projecteurs<\/p>\n<p data-start=\"2447\" data-end=\"2838\">Parmi les personnes rest\u00e9es<br \/>\nloyales \u00e0 Slimane, on retrouve bien s\u00fbr Vitaa. Interrog\u00e9e par<br \/>\nCin\u00e9 T\u00e9l\u00e9 Revue, la<br \/>\nchanteuse confiait r\u00e9cemment : \u00ab\u00a0C\u2019est une amiti\u00e9 qui traverse<br \/>\ntout. On est tr\u00e8s proches.\u00a0\u00bb\u00a0Elle ajoutait m\u00eame :<br \/>\n\u00ab\u00a0On \u00e9crit encore ensemble<br \/>\npour d\u2019autres artistes, m\u00eame si on ne le dit pas toujours<br \/>\npubliquement. On est vraiment connect\u00e9s artistiquement, et amis<br \/>\navant tout.\u00a0\u00bb<\/p>\n<p data-start=\"2840\" data-end=\"3217\" data-is-last-node=\"\" data-is-only-node=\"\">De quoi laisser entendre que Slimane, malgr\u00e9<br \/>\nles critiques, n\u2019a jamais cess\u00e9 de travailler\u2026 et que ce passage au<br \/>\nGlobal Gift Gala est loin d\u2019\u00eatre un simple show. Il pourrait bien<br \/>\nmarquer une nouvelle phase de sa carri\u00e8re, avec le soutien<br \/>\ninattendu (mais assum\u00e9) <strong>d\u2019une figure internationale comme<br \/>\nEva Longoria<\/strong>. Une apparition qui, quoi qu\u2019il en soit, ne<br \/>\npassera pas inaper\u00e7ue.<\/p>\n","protected":false},"excerpt":{"rendered":"Eva Longoria ne s\u2019arr\u00eate jamais. Actrice, productrice et engag\u00e9e pour de nombreuses causes, la star am\u00e9ricaine est aussi&hellip;\n","protected":false},"author":2,"featured_media":511565,"comment_status":"","ping_status":"","sticky":false,"template":"","format":"standard","meta":{"footnotes":""},"categories":[1355],"tags":[11109,58,59,6724,1011,27,1361,873,626,9055],"class_list":{"0":"post-511564","1":"post","2":"type-post","3":"status-publish","4":"format-standard","5":"has-post-thumbnail","7":"category-musique","8":"tag-accusations","9":"tag-divertissement","10":"tag-entertainment","11":"tag-eva-longoria","12":"tag-fr","13":"tag-france","14":"tag-music","15":"tag-musique","16":"tag-paris","17":"tag-slimane"},"share_on_mastodon":{"url":"https:\/\/pubeurope.com\/@fr\/115492466533433420","error":""},"_links":{"self":[{"href":"https:\/\/www.europesays.com\/fr\/wp-json\/wp\/v2\/posts\/511564","targetHints":{"allow":["GET"]}}],"collection":[{"href":"https:\/\/www.europesays.com\/fr\/wp-json\/wp\/v2\/posts"}],"about":[{"href":"https:\/\/www.europesays.com\/fr\/wp-json\/wp\/v2\/types\/post"}],"author":[{"embeddable":true,"href":"https:\/\/www.europesays.com\/fr\/wp-json\/wp\/v2\/users\/2"}],"replies":[{"embeddable":true,"href":"https:\/\/www.europesays.com\/fr\/wp-json\/wp\/v2\/comments?post=511564"}],"version-history":[{"count":0,"href":"https:\/\/www.europesays.com\/fr\/wp-json\/wp\/v2\/posts\/511564\/revisions"}],"wp:featuredmedia":[{"embeddable":true,"href":"https:\/\/www.europesays.com\/fr\/wp-json\/wp\/v2\/media\/511565"}],"wp:attachment":[{"href":"https:\/\/www.europesays.com\/fr\/wp-json\/wp\/v2\/media?parent=511564"}],"wp:term":[{"taxonomy":"category","embeddable":true,"href":"https:\/\/www.europesays.com\/fr\/wp-json\/wp\/v2\/categories?post=511564"},{"taxonomy":"post_tag","embeddable":true,"href":"https:\/\/www.europesays.com\/fr\/wp-json\/wp\/v2\/tags?post=511564"}],"curies":[{"name":"wp","href":"https:\/\/api.w.org\/{rel}","templated":true}]}}