{"id":511613,"date":"2025-11-04T17:24:17","date_gmt":"2025-11-04T17:24:17","guid":{"rendered":"https:\/\/www.europesays.com\/fr\/511613\/"},"modified":"2025-11-04T17:24:17","modified_gmt":"2025-11-04T17:24:17","slug":"nice-le-president-du-rn-jordan-bardella-attendu-en-plein-centre-ville-voici-quand-et-pourquoi","status":"publish","type":"post","link":"https:\/\/www.europesays.com\/fr\/511613\/","title":{"rendered":"Nice. Le pr\u00e9sident du RN Jordan Bardella attendu en plein centre-ville, voici quand et pourquoi"},"content":{"rendered":"<p>            Par<br \/>\n        <strong><br \/>\n            <a href=\"https:\/\/actu.fr\/auteur\/arthur-frand\" title=\"Consulter tous les articles de Arthur Frand\" rel=\"nofollow noopener\" target=\"_blank\">Arthur Frand<\/a><br \/>\n        <\/strong><\/p>\n<p>        Publi\u00e9 le<\/p>\n<p>            4 nov. 2025 \u00e0 17h57        <\/p>\n<p>Jordan Bardella est attendu \u00e0 <a href=\"https:\/\/actu.fr\/nice\/\" rel=\"nofollow noopener\" target=\"_blank\">Nice<\/a>. Ce vendredi 7\u00a0novembre, il sera pr\u00e9sent dans la capitale des <a href=\"https:\/\/actu.fr\/provence-alpes-cote-d-azur\/alpes-maritimes_06\" rel=\"nofollow noopener\" target=\"_blank\">Alpes-Maritimes<\/a>. Pas de meeting pr\u00e9vu, mais <strong>une s\u00e9ance de d\u00e9dicaces<\/strong>. Le pr\u00e9sident du <a href=\"https:\/\/actu.fr\/tag\/rassemblement-national-rn\" rel=\"nofollow noopener\" target=\"_blank\">Rassemblement National<\/a> (RN) vient \u00e0 la <strong>rencontre<\/strong> de son public. M\u00eame si la politique reste au c\u0153ur du sujet.<\/p>\n<p>    <a href=\"https:\/\/www.google.com\/maps\/embed?pb=!1m18!1m12!1m3!1d5769.012436137013!2d7.263092277344795!3d43.700027971099864!2m3!1f0!2f0!3f0!3m2!1i1024!2i768!4f13.1!3m3!1m2!1s0x12cddaa7666138e3%3A0x589a35df77db5c8d!2sBoscolo%20Nice%20H%C3%B4tel%20%26%20Spa!5e0!3m2!1sfr!2sfr!4v1762272675680!5m2!1sfr!2sfr\" title=\"Ouvrie le lien\" rel=\"nofollow noopener\" target=\"_blank\">Cliquez ici pour visualiser le contenu<\/a><\/p>\n<p class=\" wall-content\">Durant plusieurs heures, Jordan Bardella va pr\u00e9senter et d\u00e9dicacer Ce que veulent les Fran\u00e7ais, son nouveau livre, qu\u2019il d\u00e9finit comme un \u00ab\u2009plaidoyer pour la France du travail, silencieuse, humble, qui maintient notre pays debout, et qui demande simplement \u00e0 \u00eatre prot\u00e9g\u00e9e, respect\u00e9e, aim\u00e9e, consid\u00e9r\u00e9e\u2009\u00bb.<\/p>\n<p>Une s\u00e9ance de d\u00e9dicaces dans un h\u00f4tel<\/p>\n<p class=\" wall-content\">Il s\u2019agit de son second ouvrage apr\u00e8s Ce que je cherche pour lequel il <strong>\u00e9tait d\u00e9j\u00e0 venu \u00e0 Nice<\/strong> le 16\u00a0novembre 2024.<\/p>\n<p class=\" wall-content\">Cette s\u00e9ance de d\u00e9dicaces est pr\u00e9vue <strong>en plein centre-ville<\/strong> de Nice, puisqu\u2019elle se tiendra \u00e0 l\u2019h\u00f4tel Boscolo, 12 boulevard Victor Hugo \u00e0 partir de 18h. L\u2019\u00e9tablissement est situ\u00e9 \u00e0 deux pas de la place Mass\u00e9na et la gare Thiers.<\/p>\n<p>    <a href=\"https:\/\/www.google.com\/maps\/embed?pb=!1m18!1m12!1m3!1d2884.5036249470745!2d7.263041612631193!3d43.700081870979446!2m3!1f0!2f0!3f0!3m2!1i1024!2i768!4f13.1!3m3!1m2!1s0x12cddaa766ac9871%3A0x56c00497efba615!2s12%20Bd%20Victor%20Hugo%2C%2006000%20Nice!5e0!3m2!1sfr!2sfr!4v1762275442580!5m2!1sfr!2sfr\" title=\"Ouvrie le lien\" rel=\"nofollow noopener\" target=\"_blank\">Cliquez ici pour visualiser le contenu<\/a><\/p>\n<p class=\" wall-content\">Le pr\u00e9sident du Rassemblement National se rend donc sur le <strong>territoire de l\u2019un de ses alli\u00e9s,<\/strong> <a href=\"https:\/\/actu.fr\/tag\/eric-ciotti\" rel=\"nofollow noopener\" target=\"_blank\">\u00c9ric Ciotti<\/a>, d\u00e9put\u00e9 des Alpes-Maritimes et candidat de l\u2019union des droites pour les municipales ni\u00e7oises de 2026.<\/p>\n<p>Votre r\u00e9gion, votre actu !<\/p>\n<p>Recevez chaque jour les infos qui comptent pour vous.<\/p>\n<p>\t<a href=\"https:\/\/actu.fr\/newsletter\" class=\"ac-btn ac-btn--corner ac-btn--medium ac-btn--blue800\" rel=\"nofollow noopener\" target=\"_blank\">S&rsquo;incrire<\/a><\/p>\n<p class=\" wall-content\">Pour Jordan Bardella, venue \u00e0 Nice s\u2019inscrit dans une tourn\u00e9e plus globale de promotion de son livre avec des d\u00e9placements pr\u00e9vus \u00e0 Perpignan, Toulon et <a href=\"https:\/\/actu.fr\/marseille\/\" rel=\"nofollow noopener\" target=\"_blank\">Marseille<\/a> ce samedi 8\u00a0novembre.<\/p>\n<p class=\" wall-content\">Personnalisez votre actualit\u00e9 en ajoutant vos villes et m\u00e9dias en favori avec <a href=\"https:\/\/moncompte.actu.fr\" title=\"D\u00e9couvez Mon Actu\" rel=\"nofollow noopener\" data-trk=\"{&quot;cta&quot;:{&quot;action&quot;:&quot;https:\\\/\\\/moncompte.actu.fr&quot;,&quot;category&quot;:&quot;mon compte&quot;,&quot;from&quot;:&quot;article footer&quot;,&quot;name&quot;:&quot;Mon actu&quot;,&quot;type&quot;:&quot;cta&quot;}}\" target=\"_blank\">Mon Actu<\/a>.<\/p>\n","protected":false},"excerpt":{"rendered":"Par Arthur Frand Publi\u00e9 le 4 nov. 2025 \u00e0 17h57 Jordan Bardella est attendu \u00e0 Nice. Ce vendredi&hellip;\n","protected":false},"author":2,"featured_media":511614,"comment_status":"","ping_status":"","sticky":false,"template":"","format":"standard","meta":{"footnotes":""},"categories":[2819],"tags":[1111,11,1777,674,1011,27,1077,12,2401,882,2556,25,104],"class_list":{"0":"post-511613","1":"post","2":"type-post","3":"status-publish","4":"format-standard","5":"has-post-thumbnail","7":"category-nice","8":"tag-actu","9":"tag-actualites","10":"tag-eu","11":"tag-europe","12":"tag-fr","13":"tag-france","14":"tag-jordan-bardella","15":"tag-news","16":"tag-nice","17":"tag-provence-alpes-cote-dazur","18":"tag-rassemblement-national-rn","19":"tag-republique-francaise","20":"tag-societe"},"share_on_mastodon":{"url":"https:\/\/pubeurope.com\/@fr\/115492596259505234","error":""},"_links":{"self":[{"href":"https:\/\/www.europesays.com\/fr\/wp-json\/wp\/v2\/posts\/511613","targetHints":{"allow":["GET"]}}],"collection":[{"href":"https:\/\/www.europesays.com\/fr\/wp-json\/wp\/v2\/posts"}],"about":[{"href":"https:\/\/www.europesays.com\/fr\/wp-json\/wp\/v2\/types\/post"}],"author":[{"embeddable":true,"href":"https:\/\/www.europesays.com\/fr\/wp-json\/wp\/v2\/users\/2"}],"replies":[{"embeddable":true,"href":"https:\/\/www.europesays.com\/fr\/wp-json\/wp\/v2\/comments?post=511613"}],"version-history":[{"count":0,"href":"https:\/\/www.europesays.com\/fr\/wp-json\/wp\/v2\/posts\/511613\/revisions"}],"wp:featuredmedia":[{"embeddable":true,"href":"https:\/\/www.europesays.com\/fr\/wp-json\/wp\/v2\/media\/511614"}],"wp:attachment":[{"href":"https:\/\/www.europesays.com\/fr\/wp-json\/wp\/v2\/media?parent=511613"}],"wp:term":[{"taxonomy":"category","embeddable":true,"href":"https:\/\/www.europesays.com\/fr\/wp-json\/wp\/v2\/categories?post=511613"},{"taxonomy":"post_tag","embeddable":true,"href":"https:\/\/www.europesays.com\/fr\/wp-json\/wp\/v2\/tags?post=511613"}],"curies":[{"name":"wp","href":"https:\/\/api.w.org\/{rel}","templated":true}]}}