{"id":511625,"date":"2025-11-04T17:30:19","date_gmt":"2025-11-04T17:30:19","guid":{"rendered":"https:\/\/www.europesays.com\/fr\/511625\/"},"modified":"2025-11-04T17:30:19","modified_gmt":"2025-11-04T17:30:19","slug":"un-enfant-de-cinq-ans-enleve-a-toulouse-par-son-pere-retrouve-en-espagne-avant-dembarquer-pour-lalgerie","status":"publish","type":"post","link":"https:\/\/www.europesays.com\/fr\/511625\/","title":{"rendered":"Un enfant de cinq ans enlev\u00e9 \u00e0 Toulouse par son p\u00e8re retrouv\u00e9 en Espagne avant d&#8217;embarquer pour l&rsquo;Alg\u00e9rie"},"content":{"rendered":"<p class=\"article-p mdl\">Un enfant \u00e2g\u00e9 de 5 ans enlev\u00e9 par son p\u00e8re \u00e0 Toulouse, en Haute-Garonne. Il a \u00e9t\u00e9 retrouv\u00e9 dans la commune de Valence situ\u00e9e dans le sud-est de l\u2019Espagne alors que le p\u00e8re s\u2019appr\u00eatait \u00e0 s&rsquo;enfuir par bateau avec l&rsquo;enfant, en direction de l\u2019Alg\u00e9rie, pays dont est originaire le p\u00e8re.<br \/>Le drame d\u00e9bute le samedi 1er novembre dernier dans un point rencontre \u00e0 Toulouse o\u00f9 le p\u00e8re \u00e2g\u00e9 de 40 ans est autoris\u00e9 \u00e0 voir son fils sous surveillance. Il profite d&rsquo;un moment d&rsquo;inattention \u00ab\u00a0des \u00e9ducateurs pour franchir les grilles et s&rsquo;enfuir avec l&rsquo;enfant de cinq ans\u00a0\u00bb, pr\u00e9cise le parquet de Toulouse, selon\u00a0<a class=\"link\" href=\"https:\/\/france3-regions.franceinfo.fr\/occitanie\/haute-garonne\/toulouse\/un-enfant-de-5-ans-enleve-par-son-pere-retrouve-sain-et-sauf-en-espagne-avant-son-depart-vers-l-algerie-3243712.html\" rel=\"nofollow noopener\" target=\"_blank\">Ici Occitanie<\/a>. Et ce malgr\u00e9 la garde exclusive de l&rsquo;enfant pourtant attribu\u00e9e \u00e0 la m\u00e8re par d\u00e9cision de justice. Tr\u00e8s vite, la m\u00e8re porte plainte.<\/p>\n<p class=\"article-p mdl\">Deux jours plus tard, ce lundi 3 novembre au matin,\u00a0<a class=\"link\" href=\"https:\/\/www.rtl.fr\/actu\/international\/je-vis-dans-la-peur-apres-16-ans-sous-couverture-l-incroyable-histoire-de-l-infiltre-d-eta-qui-se-dit-abandonne-par-l-etat-espagnol-7900546501\" rel=\"nofollow noopener\" target=\"_blank\">la police espagnole<\/a>\u00a0met fin \u00e0 sa cavale. Le p\u00e8re est arr\u00eat\u00e9 au port de Valence alors qu&rsquo;il embarquait avec son enfant \u00e0 bord d&rsquo;un bateau en direction de Mostaganem en Alg\u00e9rie.<\/p>\n<p class=\"article-p mdl\">Sain et sauf, l&rsquo;enfant de cinq ans est vite rapatri\u00e9 et rendu \u00e0 sa m\u00e8re \u00e0\u00a0<a class=\"link\" href=\"https:\/\/www.rtl.fr\/actu\/justice-faits-divers\/a69-des-actes-de-violences-commandites-contre-des-opposants-un-ex-responsable-securite-du-chantier-soupconne-7900551759\" rel=\"nofollow noopener\" target=\"_blank\">Toulouse<\/a>. Le p\u00e8re, lui, est remis aux autorit\u00e9s fran\u00e7aises dans le cadre d&rsquo;un mandat d&rsquo;arr\u00eat europ\u00e9en, et plac\u00e9 en garde \u00e0 vue. Le p\u00e8re encourt une peine maximale de trois ans d&#8217;emprisonnement et 45.000 euros d&rsquo;amende.<\/p>\n<p>            Une fuite vers l&rsquo;Espagne et une traque express<\/p>\n<p class=\"article-p mdl\">\u00ab\u00a0Gr\u00e2ce aux r\u00e9quisitions t\u00e9l\u00e9phoniques, les enqu\u00eateurs ont rep\u00e9r\u00e9 un passage \u00e0 la fronti\u00e8re espagnole \u00e0 Ur, dans les Pyr\u00e9n\u00e9es-Orientales, aux alentours de 13h, l&rsquo;homme avait emprunt\u00e9 un passage peu contr\u00f4l\u00e9 dans le sud-est de l&rsquo;Espagne\u00a0\u00bb, pr\u00e9cise le procureur de la R\u00e9publique, selon\u00a0<a class=\"link\" href=\"https:\/\/france3-regions.franceinfo.fr\/occitanie\/haute-garonne\/toulouse\/un-enfant-de-5-ans-enleve-par-son-pere-retrouve-sain-et-sauf-en-espagne-avant-son-depart-vers-l-algerie-3243712.html\" rel=\"nofollow noopener\" target=\"_blank\">Ici Occitanie<\/a>.<\/p>\n<p class=\"article-p mdl\">Dans un communiqu\u00e9 publi\u00e9 ce mardi 4 novembre, le procureur de la R\u00e9publique David Charmatz a par ailleurs salu\u00e9 \u00ab\u00a0la r\u00e9activit\u00e9 des services d&rsquo;enqu\u00eate et des magistrats\u00a0\u00bb ainsi qu&rsquo;une collaboration \u00ab\u00a0exemplaire\u00a0\u00bb avec les autorit\u00e9s espagnoles. Il rappelle \u00e9galement que \u00ab\u00a0les enfants sont rarement r\u00e9cup\u00e9r\u00e9s une fois arriv\u00e9s sur le sol alg\u00e9rien\u00a0\u00bb.<\/p>\n<p>    La r\u00e9daction vous recommande<\/p>\n<p class=\"s-newsletter__title\">\n                L\u2019actualit\u00e9 par la r\u00e9daction de RTL dans votre bo\u00eete mail.\n            <\/p>\n<p class=\"s-newsletter__subtitle\">\n                Gr\u00e2ce \u00e0 votre compte RTL abonnez-vous \u00e0 la newsletter RTL info pour suivre toute l&rsquo;actualit\u00e9 au quotidien\n            <\/p>\n<p>\n                                    Lire la suite\n                                <\/p>\n","protected":false},"excerpt":{"rendered":"Un enfant \u00e2g\u00e9 de 5 ans enlev\u00e9 par son p\u00e8re \u00e0 Toulouse, en Haute-Garonne. Il a \u00e9t\u00e9 retrouv\u00e9&hellip;\n","protected":false},"author":2,"featured_media":511626,"comment_status":"","ping_status":"","sticky":false,"template":"","format":"standard","meta":{"footnotes":""},"categories":[2816],"tags":[1111,11,54683,1777,674,118,107,1011,27,303,1249,12,2680,1072,25,2312],"class_list":{"0":"post-511625","1":"post","2":"type-post","3":"status-publish","4":"format-standard","5":"has-post-thumbnail","7":"category-toulouse","8":"tag-actu","9":"tag-actualites","10":"tag-alerte-enlevement","11":"tag-eu","12":"tag-europe","13":"tag-faits-divers","14":"tag-fil-info","15":"tag-fr","16":"tag-france","17":"tag-justice","18":"tag-justice-francaise","19":"tag-news","20":"tag-occitanie","21":"tag-police","22":"tag-republique-francaise","23":"tag-toulouse"},"share_on_mastodon":{"url":"https:\/\/pubeurope.com\/@fr\/115492619769769427","error":""},"_links":{"self":[{"href":"https:\/\/www.europesays.com\/fr\/wp-json\/wp\/v2\/posts\/511625","targetHints":{"allow":["GET"]}}],"collection":[{"href":"https:\/\/www.europesays.com\/fr\/wp-json\/wp\/v2\/posts"}],"about":[{"href":"https:\/\/www.europesays.com\/fr\/wp-json\/wp\/v2\/types\/post"}],"author":[{"embeddable":true,"href":"https:\/\/www.europesays.com\/fr\/wp-json\/wp\/v2\/users\/2"}],"replies":[{"embeddable":true,"href":"https:\/\/www.europesays.com\/fr\/wp-json\/wp\/v2\/comments?post=511625"}],"version-history":[{"count":0,"href":"https:\/\/www.europesays.com\/fr\/wp-json\/wp\/v2\/posts\/511625\/revisions"}],"wp:featuredmedia":[{"embeddable":true,"href":"https:\/\/www.europesays.com\/fr\/wp-json\/wp\/v2\/media\/511626"}],"wp:attachment":[{"href":"https:\/\/www.europesays.com\/fr\/wp-json\/wp\/v2\/media?parent=511625"}],"wp:term":[{"taxonomy":"category","embeddable":true,"href":"https:\/\/www.europesays.com\/fr\/wp-json\/wp\/v2\/categories?post=511625"},{"taxonomy":"post_tag","embeddable":true,"href":"https:\/\/www.europesays.com\/fr\/wp-json\/wp\/v2\/tags?post=511625"}],"curies":[{"name":"wp","href":"https:\/\/api.w.org\/{rel}","templated":true}]}}