{"id":511627,"date":"2025-11-04T17:32:15","date_gmt":"2025-11-04T17:32:15","guid":{"rendered":"https:\/\/www.europesays.com\/fr\/511627\/"},"modified":"2025-11-04T17:32:15","modified_gmt":"2025-11-04T17:32:15","slug":"les-deux-amants-passionnes-de-surnaturel-juges-a-lille-apres-avoir-agresse-des-policiers-avec-des-couteaux","status":"publish","type":"post","link":"https:\/\/www.europesays.com\/fr\/511627\/","title":{"rendered":"Les deux amants passionn\u00e9s de surnaturel jug\u00e9s \u00e0 Lille apr\u00e8s avoir agress\u00e9 des policiers avec des couteaux"},"content":{"rendered":"<p>            Par<br \/>\n        <strong><br \/>\n            <a href=\"https:\/\/actu.fr\/auteur\/margot-nicodeme\" title=\"Consulter tous les articles de Margot Nicod\u00e8me\" rel=\"nofollow noopener\" target=\"_blank\">Margot Nicod\u00e8me<\/a><br \/>\n        <\/strong><\/p>\n<p>        Publi\u00e9 le<\/p>\n<p>            4 nov. 2025 \u00e0 18h20        <\/p>\n<p>L\u2019affaire n\u2019avait \u00e9t\u00e9 \u00e9voqu\u00e9e qu\u2019en surface le 15\u00a0septembre dernier, mais d\u00e9j\u00e0 elle avait sem\u00e9 le trouble chez l\u2019auditoire. Elle a \u00e9t\u00e9 jug\u00e9e au <b>tribunal de <a href=\"https:\/\/actu.fr\/hauts-de-france\/lille_59350\/\" rel=\"nofollow noopener\" target=\"_blank\">Lille<\/a> (Nord)<\/b> le 3\u00a0novembre, et les d\u00e9bats ont permis d\u2019\u00e9claircir les circonstances <b>d\u2019un spectaculaire affrontement <\/b>entre <b>cinq policiers<\/b> et<b> deux jeunes amants<\/b>. C\u2019\u00e9tait dans <a href=\"https:\/\/actu.fr\/hauts-de-france\/villeneuve-d-ascq_59009\/villeneuve-dascq-sur-fond-de-sorcellerie-les-policiers-agresses-par-un-couple-nu-et-arme-de-couteaux_63168130.html\" rel=\"nofollow noopener\" target=\"_blank\">la nuit du 11\u00a0septembre, dans l\u2019intimit\u00e9 d\u2019un appartement \u00e0 Villeneuve-d\u2019Ascq<\/a>. Une femme de 31\u00a0ans et un homme de 28\u00a0ans se sont jet\u00e9s sur les fonctionnaires, <b>brandissant des atham\u00e9s<\/b>,<b> des couteaux utilis\u00e9s dans les rituels de sorcellerie<\/b>. Car tous deux sont amateurs d\u2019occultisme et d\u2019\u00e9sot\u00e9risme\u2009; elle a expliqu\u00e9 avoir eu \u00ab\u2009une vision\u2009\u00bb mal\u00e9fique avant l\u2019arriv\u00e9e des policiers, lui dit s\u2019\u00eatre plong\u00e9 dans \u00ab\u2009un \u00e9tat second\u2009\u00bb pour calmer sa conjointe. Une version des faits qui n\u2019a pas pr\u00eat\u00e9 \u00e0 rire du c\u00f4t\u00e9 des policiers, profond\u00e9ment choqu\u00e9s et qui se sont constitu\u00e9s parties civiles. D\u00e9tails.<\/p>\n<p>\u00ab\u2009On s\u2019attend \u00e0 retrouver une femme maintenue de force dans une pi\u00e8ce, ligot\u00e9e\u2009\u00bb<\/p>\n<p class=\" wall-content\">Comment en est-on arriv\u00e9 \u00e0 un tel imbroglio\u2009? Il faut remonter aux origines de ce fait divers, fin ao\u00fbt\u00a02025. Alexia*, 31\u00a0ans, est une m\u00e8re de famille r\u00e9sidant \u00e0 La\u00a0Rochelle. Le 24\u00a0ao\u00fbt, <b>son conjoint signale sa disparition<\/b>, qui prend rapidement une tournure \u00ab\u2009inqui\u00e9tante\u2009\u00bb. Des r\u00e9servations de billets de train permettent de retracer son itin\u00e9raire\u2009: la jeune femme a pris la direction de Lille, o\u00f9 elle est partie rejoindre son amant rencontr\u00e9 sur Internet, Ali*. \u00ab\u2009J\u2019avais besoin de couper les ponts\u2009\u00bb, souffle-t-elle dans le box du tribunal.<\/p>\n<p class=\" wall-content\">Elle et Ali se sont \u00ab\u2009rencontr\u00e9s\u2009\u00bb 3\u00a0ans plus t\u00f4t, sur un groupe Facebook sur la th\u00e8me \u00ab\u2009du vampirisme, de l\u2019\u00e9sot\u00e9risme\u2009\u00bb, relate Ali. En cette fin ao\u00fbt\u00a02025, il a ainsi accueilli sa ma\u00eetresse chez lui, dans son logement de Villeneuve-d\u2019Ascq. Oui mais voil\u00e0, sa personnalit\u00e9 \u00e9nigmatique pose question, et les proches d\u2019Alexia se demandent si elle n\u2019est pas tomb\u00e9e sous la coupe d\u2019un manipulateur.<\/p>\n<p class=\" wall-content\">La jeune femme a beau envoyer quelques messages \u2013 tr\u00e8s peu, et de fa\u00e7on tr\u00e8s discr\u00e8te, \u00e7a lui est reproch\u00e9 \u00e0 l\u2019audience \u2013 pour dire qu\u2019elle va bien, <b>un gros dispositif de police est d\u00e9clench\u00e9 pour la retrouver<\/b>.<\/p>\n<p class=\" wall-content\">En r\u00e9sulte l\u2019intervention \u00ab\u2009surprise\u2009\u00bb des cinq policiers dans l\u2019appartement, la nuit du 11\u00a0septembre. \u00ab<b>\u2009On s\u2019attend \u00e0 retrouver une femme maintenue de force dans une pi\u00e8ce, ligot\u00e9e<\/b>\u2009\u00bb, t\u00e9moigne un des policiers \u00e0 la barre. Point de demoiselle en d\u00e9tresse \u00e0 sauver, mais une femme qui devient \u00e0 la place <b>une assaillante<\/b>, aussit\u00f4t que les fonctionnaires ont mis les pieds dans le logement. Arm\u00e9e d\u2019un couteau, et nue, elle s\u2019est avanc\u00e9e \u00ab\u2009avec d\u00e9termination\u2009\u00bb vers les agents. Elle donne sa version.<\/p>\n<blockquote class=\"ac-article-quote wall-content\">\n<p>Je venais de me r\u00e9veiller, une heure avant. J\u2019ai entendu qu\u2019on commen\u00e7ait \u00e0 ouvrir, derri\u00e8re la porte. J\u2019ai dit \u2018Sortez d\u2019ici\u2009!\u2019, le temps que je me calme et de poser le couteau que je venais de prendre. J\u2019ai toujours un couteau qui n\u2019est pas tr\u00e8s loin, c\u2019est une sorte de protection. [Les policiers] n\u2019ont pas \u00e9cout\u00e9, donc j\u2019ai avanc\u00e9 vers eux avec le couteau.<\/p>\n<p>Alexia, pr\u00e9venue.<\/p><\/blockquote>\n<p class=\" wall-content\">La jeune femme affiche une fragilit\u00e9 \u00e9vidente, doubl\u00e9e d\u2019un fort b\u00e9gaiement. Elle est reconnue travailleur handicap\u00e9.<\/p>\n<p>Votre r\u00e9gion, votre actu !<\/p>\n<p>Recevez chaque jour les infos qui comptent pour vous.<\/p>\n<p>\t<a href=\"https:\/\/actu.fr\/newsletter\" class=\"ac-btn ac-btn--corner ac-btn--medium ac-btn--blue800\" rel=\"nofollow noopener\" target=\"_blank\">S&rsquo;incrire<\/a><br \/>\nUn policier vis\u00e9 par un coup de couteau, lui et son coll\u00e8gue ouvrent le feu<\/p>\n<p class=\" wall-content\">Pour la neutraliser, les policiers ont recours cette nuit-l\u00e0 au pistolet \u00e0 impulsion \u00e9lectrique, plus commun\u00e9ment appel\u00e9 taser. Mais ils ne sont pas au bout de leurs surprises\u2009: c\u2019est Ali, le conjoint qui \u00e9tait jusqu\u2019alors rest\u00e9 dans la chambre, qui fait irruption dans le couloir. \u00ab<b>\u2009J\u2019ai cru que ma compagne s\u2019\u00e9tait fait tirer dessus, alors j\u2019ai fonc\u00e9 sur eux<\/b>\u2009\u00bb, raconte-t-il.<\/p>\n<p class=\" wall-content\">Quelques secondes auparavant, il venait de saisir le fameux atham\u00e9, planqu\u00e9 sous son oreiller. Il se jette sur un des policiers, et lui porte un coup de couteau au niveau de l\u2019\u00e9paule. Le gilet pare-balles du fonctionnaire le sauve heureusement d\u2019une blessure bien plus grave, potentiellement mortelle. \u00ab<b>\u2009Un centim\u00e8tre plus haut, j\u2019\u00e9tais touch\u00e9 \u00e0 la carotide<\/b>\u2009\u00bb, t\u00e9moigne l\u2019agent de police. Celui-ci fait alors usage de son arme de service.<\/p>\n<blockquote class=\"ac-article-quote wall-content\">\n<p>J\u2019ai vu la lame de 20 centim\u00e8tres, j\u2019ai fait feu pour le faire reculer. Il est quand m\u00eame revenu en courant.<\/p>\n<p>Le premier policier qui a ouvert le feu sur le pr\u00e9venu.<\/p><\/blockquote>\n<p class=\" wall-content\">La balle ne fait qu\u2019effleurer le pr\u00e9venu, qui s\u2019en tire avec une blessure l\u00e9g\u00e8re sur la zone pectorale. Il est ensuite vis\u00e9 \u2013 mais pas touch\u00e9 \u2013 par un second policier, qui tire deux balles pour venir en aide \u00e0 son coll\u00e8gue. Le 3\u00a0novembre, Ali se doit de donner des explications sur cet \u00e9tat de folie furieuse.<\/p>\n<p class=\" wall-content\">Il dit qu\u2019avant que les policiers n\u2019interviennent, Alexia a eu une vision dans le lit, laissant penser que \u00ab\u2009quelqu\u2019un allait nous faire du mal\u2009\u00bb. En r\u00e9action, lui se serait \u00ab\u2009plong\u00e9 dans un \u00e9tat second, pour soulager ses visions\u2009\u00bb.<\/p>\n<p class=\" wall-content\">\u00ab\u2009On met du temps \u00e0 se sortir [de cet \u00e9tat].<b> <\/b>Si un \u00e9v\u00e9nement survient, on perd le contr\u00f4le sur sa conscience et<b> \u00e7a peut vite d\u00e9g\u00e9n\u00e9rer<\/b>.<b> Je n\u2019avais pas le contr\u00f4le sur mon corps \u00e0 ce moment-l\u00e0<\/b>\u2009\u00bb, se justifie-t-il devant les magistrats. Et d\u2019ajouter\u2009: \u00ab\u2009Si j\u2019avais \u00e9t\u00e9 en pleine possession de mes moyens, \u00e7a ne se serait pas pass\u00e9 comme \u00e7a.\u2009\u00bb Ali pr\u00e9cise que \u00ab\u2009c\u2019est pour \u00e7a que je reste chez moi en temps normal, pour ne pas \u00eatre d\u00e9rang\u00e9 et ne pas d\u00e9ranger les autres\u2009\u00bb, lors de ses s\u00e9ances de \u00ab\u2009travail mental\u2009\u00bb intense.<\/p>\n<p>\u00ab\u2009Elle est en mesure de comprendre que sa fuite va d\u00e9clencher un arsenal\u2009\u00bb<\/p>\n<p class=\" wall-content\">Les deux amants ont pr\u00e9sent\u00e9 leurs excuses aux cinq policiers qui leur ont fait face dans la salle d\u2019audience, et qui se sont constitu\u00e9s parties civiles. Pour les deux policiers \u00ab\u2009tireurs\u2009\u00bb, l\u2019\u00e9pisode a \u00e9t\u00e9 v\u00e9cu comme un traumatisme. \u00ab\u2009J\u2019ai pens\u00e9 \u00e0 mes enfants, \u00e0 ma femme, \u00e0 tout ce qu\u2019on peut perdre\u2009\u00bb, r\u00e9sume l\u2019un d\u2019eux. Et il y a aussi l\u2019apr\u00e8s, les familles \u00e0 rassurer, les comptes \u00e0 rendre parce qu\u2019on a utilis\u00e9 son arme de service. Autant de stress qui les a profond\u00e9ment marqu\u00e9s, encore aujourd\u2019hui.<\/p>\n<p class=\" wall-content\">L\u2019avocat des policiers, mettant en lumi\u00e8re les stigmates de l\u2019agression chez ses clients, demande \u00e0 ce que quatre d\u2019entre deux soient indemnis\u00e9s \u00e0 hauteur de 4\u2009000\u00a0\u20ac chacun (2\u2009000\u00a0\u20ac de la part d\u2019Ali, 2\u2009000\u00a0\u20ac de la part d\u2019Alexia), au titre du pr\u00e9judice moral. Pour le 5e policier, vis\u00e9 par le coup de couteau, il demande 10\u2009000\u00a0\u20ac\u2009: 5\u2009000\u00a0\u20ac pour le pr\u00e9judice moral et 5\u2009000\u00a0\u20ac au titre <b>du pr\u00e9judice de mort imminente<\/b>.<\/p>\n<p class=\" wall-content\">La procureure de la R\u00e9publique est outr\u00e9e par la l\u00e9g\u00e8ret\u00e9 d\u2019Alexia face aux cons\u00e9quences de sa fuite. \u00ab\u2009Elle est en mesure de comprendre que sa fuite va d\u00e9clencher un arsenal. Elle n\u2019a fait qu\u2019\u00e9couter sa petite voix int\u00e9rieure.\u2009\u00bb Elle requiert des peines lourdes\u2009: 6\u00a0ans de prison ferme contre Ali, 4\u00a0ans de prison ferme contre la trentenaire.<\/p>\n<p class=\" wall-content\">L\u2019avocat d\u2019Ali fait valoir que \u00ab\u2009les policiers n\u2019ont rien \u00e0 exiger de Madame\u2009\u00bb, apr\u00e8s son d\u00e9part volontaire du domicile de La\u00a0Rochelle, \u00ab\u2009tant qu\u2019elle ne commet pas d\u2019infraction\u2009\u00bb. L\u2019intervention de police dans l\u2019appartement, qui a abouti aux d\u00e9bordements que l\u2019on conna\u00eet, est selon lui \u00ab\u2009injustifi\u00e9e\u2009\u00bb. L\u2019avocat d\u2019Alexia, de son c\u00f4t\u00e9, soul\u00e8ve la personnalit\u00e9 \u00ab\u2009particuli\u00e8re\u2009\u00bb de sa cliente. \u00ab\u2009Cette dame, il faut l\u2019aider, et l\u2019\u00e9lever.\u2009\u00bb Sans minimiser la gravit\u00e9 de l\u2019attaque, les deux plaident pour un am\u00e9nagement de peine \u00e0 domicile.<\/p>\n<p class=\" wall-content\">*Les pr\u00e9noms ont \u00e9t\u00e9 chang\u00e9s.<\/p>\n<p class=\" wall-content\">Personnalisez votre actualit\u00e9 en ajoutant vos villes et m\u00e9dias en favori avec <a href=\"https:\/\/moncompte.actu.fr\" title=\"D\u00e9couvez Mon Actu\" rel=\"nofollow noopener\" data-trk=\"{&quot;cta&quot;:{&quot;action&quot;:&quot;https:\\\/\\\/moncompte.actu.fr&quot;,&quot;category&quot;:&quot;mon compte&quot;,&quot;from&quot;:&quot;article footer&quot;,&quot;name&quot;:&quot;Mon actu&quot;,&quot;type&quot;:&quot;cta&quot;}}\" target=\"_blank\">Mon Actu<\/a>.<\/p>\n","protected":false},"excerpt":{"rendered":"Par Margot Nicod\u00e8me Publi\u00e9 le 4 nov. 2025 \u00e0 18h20 L\u2019affaire n\u2019avait \u00e9t\u00e9 \u00e9voqu\u00e9e qu\u2019en surface le 15\u00a0septembre&hellip;\n","protected":false},"author":2,"featured_media":511628,"comment_status":"","ping_status":"","sticky":false,"template":"","format":"standard","meta":{"footnotes":""},"categories":[2815],"tags":[1111,11,1777,674,118,1011,27,811,303,1307,12,1072,25],"class_list":{"0":"post-511627","1":"post","2":"type-post","3":"status-publish","4":"format-standard","5":"has-post-thumbnail","7":"category-lille","8":"tag-actu","9":"tag-actualites","10":"tag-eu","11":"tag-europe","12":"tag-faits-divers","13":"tag-fr","14":"tag-france","15":"tag-hauts-de-france","16":"tag-justice","17":"tag-lille","18":"tag-news","19":"tag-police","20":"tag-republique-francaise"},"share_on_mastodon":{"url":"https:\/\/pubeurope.com\/@fr\/115492627743309237","error":""},"_links":{"self":[{"href":"https:\/\/www.europesays.com\/fr\/wp-json\/wp\/v2\/posts\/511627","targetHints":{"allow":["GET"]}}],"collection":[{"href":"https:\/\/www.europesays.com\/fr\/wp-json\/wp\/v2\/posts"}],"about":[{"href":"https:\/\/www.europesays.com\/fr\/wp-json\/wp\/v2\/types\/post"}],"author":[{"embeddable":true,"href":"https:\/\/www.europesays.com\/fr\/wp-json\/wp\/v2\/users\/2"}],"replies":[{"embeddable":true,"href":"https:\/\/www.europesays.com\/fr\/wp-json\/wp\/v2\/comments?post=511627"}],"version-history":[{"count":0,"href":"https:\/\/www.europesays.com\/fr\/wp-json\/wp\/v2\/posts\/511627\/revisions"}],"wp:featuredmedia":[{"embeddable":true,"href":"https:\/\/www.europesays.com\/fr\/wp-json\/wp\/v2\/media\/511628"}],"wp:attachment":[{"href":"https:\/\/www.europesays.com\/fr\/wp-json\/wp\/v2\/media?parent=511627"}],"wp:term":[{"taxonomy":"category","embeddable":true,"href":"https:\/\/www.europesays.com\/fr\/wp-json\/wp\/v2\/categories?post=511627"},{"taxonomy":"post_tag","embeddable":true,"href":"https:\/\/www.europesays.com\/fr\/wp-json\/wp\/v2\/tags?post=511627"}],"curies":[{"name":"wp","href":"https:\/\/api.w.org\/{rel}","templated":true}]}}