{"id":511631,"date":"2025-11-04T17:34:14","date_gmt":"2025-11-04T17:34:14","guid":{"rendered":"https:\/\/www.europesays.com\/fr\/511631\/"},"modified":"2025-11-04T17:34:14","modified_gmt":"2025-11-04T17:34:14","slug":"sept-ans-apres-le-drame-rue-daubagne-les-familles-des-victimes-attendent-beaucoup-du-proces-en-appel","status":"publish","type":"post","link":"https:\/\/www.europesays.com\/fr\/511631\/","title":{"rendered":"Sept ans apr\u00e8s le drame rue d&rsquo;Aubagne, les familles des victimes attendent \u00ab\u00a0beaucoup du proc\u00e8s en appel\u00a0\u00bb"},"content":{"rendered":"<p>Chaque 5 du mois depuis le 5 novembre 2018, <a href=\"https:\/\/www.laprovence.com\/article\/edition-marseille\/5443590\/nous-etions-quatre-coeurs-qui-nen-faisaient-quun.html\" target=\"_blank\" rel=\"noopener\">Liliana Lalonde<\/a> publie un message sur Facebook, dans lequel elle s&rsquo;adresse \u00e0 son fils Julien, disparu ce jour-l\u00e0 dans <a href=\"https:\/\/www.laprovence.com\/article\/region\/1142580552384515\/a-la-veille-du-proces-de-la-rue-d-aubagne-a-marseille-qui-etaient-les-8-victimes-du-drame\" target=\"_blank\" rel=\"noopener\">les effondrements des 63 et 65 de la rue d&rsquo;Aubagne<\/a> (1er). Chaque 5 du mois, elle lui d\u00e9clare son amour et r\u00e9affirme son combat pour que justice soit faite et que plus personne ne meure du mal-logement.\u00a0<\/p>\n<p>L&rsquo;\u00e9t\u00e9 dernier, elle n&rsquo;a pas attendu le 5 pour exprimer sur le r\u00e9seau social sa tristesse et sa d\u00e9ception apr\u00e8s la d\u00e9cision rendue par le tribunal correctionnel de Marseille, six mois apr\u00e8s la fin du proc\u00e8s hors normes qui s&rsquo;est tenu \u00e0 la caserne du Muy (3e).\u00a0<\/p>\n<p>Ce mercredi 5 novembre, la premi\u00e8re comm\u00e9moration rendue apr\u00e8s cette d\u00e9cision sera toujours marqu\u00e9e par le chagrin, mais aussi la col\u00e8re et l&rsquo;espoir.<\/p>\n<p>\u00ab\u00a0Durant le proc\u00e8s, j&rsquo;ai appris des choses, rel\u00e8ve Liliana Lalonde. Mais les conclusions ne m&rsquo;ont pas apport\u00e9 la paix. J&rsquo;\u00e9tais tr\u00e8s d\u00e9\u00e7ue par les condamnations, j&rsquo;avais l&rsquo;impression que les familles des victimes, quand elles ont t\u00e9moign\u00e9, avaient touch\u00e9 le tribunal et l&rsquo;opinion publique. Que les juges avaient d\u00e9couvert les conditions, les responsabilit\u00e9s et les int\u00e9r\u00eats p\u00e9cuniaires des uns et des autres mais <a href=\"https:\/\/www.laprovence.com\/article\/region\/32745984978591\/proces-de-la-rue-daubagne-jugees-honteuses-ou-exemplaires-les-peines-requises-font-reagir\" target=\"_blank\" rel=\"noopener\">les d\u00e9cisions f<\/a>&#8230;<\/p>\n","protected":false},"excerpt":{"rendered":"Chaque 5 du mois depuis le 5 novembre 2018, Liliana Lalonde publie un message sur Facebook, dans lequel&hellip;\n","protected":false},"author":2,"featured_media":511632,"comment_status":"","ping_status":"","sticky":false,"template":"","format":"standard","meta":{"footnotes":""},"categories":[2814],"tags":[17,1111,11,1764,150,16742,3348,1777,674,1011,27,151,884,12,882,16,25,3640,2559],"class_list":{"0":"post-511631","1":"post","2":"type-post","3":"status-publish","4":"format-standard","5":"has-post-thumbnail","7":"category-marseille","8":"tag-17","9":"tag-actu","10":"tag-actualites","11":"tag-ans","12":"tag-apres","13":"tag-daubagne","14":"tag-drame","15":"tag-eu","16":"tag-europe","17":"tag-fr","18":"tag-france","19":"tag-les","20":"tag-marseille","21":"tag-news","22":"tag-provence-alpes-cote-dazur","23":"tag-region","24":"tag-republique-francaise","25":"tag-rue","26":"tag-sept"},"share_on_mastodon":{"url":"https:\/\/pubeurope.com\/@fr\/115492635622951682","error":""},"_links":{"self":[{"href":"https:\/\/www.europesays.com\/fr\/wp-json\/wp\/v2\/posts\/511631","targetHints":{"allow":["GET"]}}],"collection":[{"href":"https:\/\/www.europesays.com\/fr\/wp-json\/wp\/v2\/posts"}],"about":[{"href":"https:\/\/www.europesays.com\/fr\/wp-json\/wp\/v2\/types\/post"}],"author":[{"embeddable":true,"href":"https:\/\/www.europesays.com\/fr\/wp-json\/wp\/v2\/users\/2"}],"replies":[{"embeddable":true,"href":"https:\/\/www.europesays.com\/fr\/wp-json\/wp\/v2\/comments?post=511631"}],"version-history":[{"count":0,"href":"https:\/\/www.europesays.com\/fr\/wp-json\/wp\/v2\/posts\/511631\/revisions"}],"wp:featuredmedia":[{"embeddable":true,"href":"https:\/\/www.europesays.com\/fr\/wp-json\/wp\/v2\/media\/511632"}],"wp:attachment":[{"href":"https:\/\/www.europesays.com\/fr\/wp-json\/wp\/v2\/media?parent=511631"}],"wp:term":[{"taxonomy":"category","embeddable":true,"href":"https:\/\/www.europesays.com\/fr\/wp-json\/wp\/v2\/categories?post=511631"},{"taxonomy":"post_tag","embeddable":true,"href":"https:\/\/www.europesays.com\/fr\/wp-json\/wp\/v2\/tags?post=511631"}],"curies":[{"name":"wp","href":"https:\/\/api.w.org\/{rel}","templated":true}]}}