{"id":511637,"date":"2025-11-04T17:37:11","date_gmt":"2025-11-04T17:37:11","guid":{"rendered":"https:\/\/www.europesays.com\/fr\/511637\/"},"modified":"2025-11-04T17:37:11","modified_gmt":"2025-11-04T17:37:11","slug":"pres-de-lyon-ces-habitants-decouvrent-une-tres-mauvaise-surprise-dans-leur-precieuse-cave","status":"publish","type":"post","link":"https:\/\/www.europesays.com\/fr\/511637\/","title":{"rendered":"Pr\u00e8s de Lyon. Ces habitants d\u00e9couvrent une tr\u00e8s mauvaise surprise dans leur pr\u00e9cieuse cave"},"content":{"rendered":"<p>            Par<br \/>\n        <strong><br \/>\n            <a href=\"https:\/\/actu.fr\/auteur\/julien-damboise\" title=\"Consulter tous les articles de Julien Damboise\" rel=\"nofollow noopener\" target=\"_blank\">Julien Damboise<\/a><br \/>\n        <\/strong><\/p>\n<p>        Publi\u00e9 le<\/p>\n<p>            4 nov. 2025 \u00e0 18h12        <\/p>\n<p>Le 28 octobre dernier, un <strong>important cambriolage<\/strong> s\u2019est d\u00e9roul\u00e9 \u00e0 <a href=\"https:\/\/actu.fr\/auvergne-rhone-alpes\/villeurbanne_69266\" rel=\"nofollow noopener\" target=\"_blank\">Villeurbanne<\/a>, dans la m\u00e9tropole de <a href=\"https:\/\/actu.fr\/lyon\/\" rel=\"nofollow noopener\" target=\"_blank\">Lyon<\/a>. Dans la cave d\u2019une r\u00e9sidence de la commune, pr\u00e8s de <strong>250 bouteilles de vins<\/strong> ont \u00e9t\u00e9 vol\u00e9es. La police a pi\u00e9g\u00e9 un suspect, avant un <strong>rebond<\/strong> de l\u2019enqu\u00eate. Voici ce qu\u2019il faut savoir.<\/p>\n<p>Des bouteilles rep\u00e9r\u00e9es sur internet<\/p>\n<p class=\" wall-content\">Le pr\u00e9judice du vol avait \u00e9t\u00e9 chiffr\u00e9 : entre 7 500 et 10 000 euros. Parmi les breuvages d\u00e9rob\u00e9s se trouvaient en effet <strong>des grands crus<\/strong>, rapporte la police du Rh\u00f4ne.<\/p>\n<p class=\" wall-content\">Une plainte avait \u00e9t\u00e9 d\u00e9pos\u00e9e. Mais rapidement, la victime a indiqu\u00e9 aux forces de l\u2019ordre qu\u2019elle avait rep\u00e9r\u00e9 des annonces sur internet qui ne laissaient que peu de place au doute : il s\u2019agissait de ses bouteilles d\u00e9rob\u00e9es.<\/p>\n<p>Un revendeur pi\u00e9g\u00e9<\/p>\n<p class=\" wall-content\">Pour pi\u00e9ger le vendeur des bouteilles vol\u00e9es, un \u00ab\u00a0dispositif d\u2019achat\u00a0\u00bb a \u00e9t\u00e9 mis en place. Le suspect, en possession de huit<strong>\u00a0contenants reconnus<\/strong> par la victime, avait \u00e9t\u00e9 plac\u00e9 en garde \u00e0 vue.<\/p>\n<p class=\" wall-content\">\u00c2g\u00e9 de 43 ans avait \u00e9t\u00e9 plac\u00e9 en garde \u00e0 vue, d\u2019autant que d\u2019autres cartons de pinard avaient \u00e9t\u00e9 retrouv\u00e9s dans son v\u00e9hicule.<\/p>\n<p class=\" wall-content\">Mais lors de son audition, le mis en cause a ni\u00e9 le vol, assurant qu\u2019il avait achet\u00e9 sa marchandise \u00e0 une autre personne. Le quadrag\u00e9naire a \u00e9t\u00e9 <strong>laiss\u00e9 libre,<\/strong> l\u2019enqu\u00eate a \u00e9t\u00e9 relanc\u00e9e.<\/p>\n<p>Un Aindinois d\u00e9j\u00e0 connu<\/p>\n<p class=\" wall-content\">Apr\u00e8s de nouvelles investigations, le principal mis en cause a \u00e9t\u00e9 interpell\u00e9 \u00e0 son domicile du d\u00e9partement de l\u2019<a href=\"https:\/\/actu.fr\/ain\/\" rel=\"nofollow noopener\" target=\"_blank\">Ain<\/a>. Un homme \u00e2g\u00e9 de 39 ans, tr\u00e8s d\u00e9favorablement connu des services de police.<\/p>\n<p>Votre r\u00e9gion, votre actu !<\/p>\n<p>Recevez chaque jour les infos qui comptent pour vous.<\/p>\n<p>\t<a href=\"https:\/\/actu.fr\/newsletter\" class=\"ac-btn ac-btn--corner ac-btn--medium ac-btn--blue800\" rel=\"nofollow noopener\" target=\"_blank\">S&rsquo;incrire<\/a><\/p>\n<p class=\" wall-content\">Alors que 1 500 euros ont \u00e9t\u00e9 retrouv\u00e9s dans son logement, l\u2019individu <strong>a reconnu les faits<\/strong> de vol, la revente des bouteilles, mais aussi la violation d\u2019un contr\u00f4le judiciaire.<\/p>\n<p class=\" wall-content\">Le voleur de vin devait \u00eatre pr\u00e9sent\u00e9 ce mardi 4 novembre au parquet de Lyon en vue d\u2019un jugement en comparution imm\u00e9diate.<\/p>\n<p class=\" wall-content\">Personnalisez votre actualit\u00e9 en ajoutant vos villes et m\u00e9dias en favori avec <a href=\"https:\/\/moncompte.actu.fr\" title=\"D\u00e9couvez Mon Actu\" rel=\"nofollow noopener\" data-trk=\"{&quot;cta&quot;:{&quot;action&quot;:&quot;https:\\\/\\\/moncompte.actu.fr&quot;,&quot;category&quot;:&quot;mon compte&quot;,&quot;from&quot;:&quot;article footer&quot;,&quot;name&quot;:&quot;Mon actu&quot;,&quot;type&quot;:&quot;cta&quot;}}\" target=\"_blank\">Mon Actu<\/a>.<\/p>\n","protected":false},"excerpt":{"rendered":"Par Julien Damboise Publi\u00e9 le 4 nov. 2025 \u00e0 18h12 Le 28 octobre dernier, un important cambriolage s\u2019est&hellip;\n","protected":false},"author":2,"featured_media":511638,"comment_status":"","ping_status":"","sticky":false,"template":"","format":"standard","meta":{"footnotes":""},"categories":[1889],"tags":[1111,11,2430,1174,1777,674,118,1011,27,2428,12,1072,25,1662],"class_list":{"0":"post-511637","1":"post","2":"type-post","3":"status-publish","4":"format-standard","5":"has-post-thumbnail","7":"category-lyon","8":"tag-actu","9":"tag-actualites","10":"tag-auvergne-rhone-alpes","11":"tag-cambriolage","12":"tag-eu","13":"tag-europe","14":"tag-faits-divers","15":"tag-fr","16":"tag-france","17":"tag-lyon","18":"tag-news","19":"tag-police","20":"tag-republique-francaise","21":"tag-vin"},"share_on_mastodon":{"url":"https:\/\/pubeurope.com\/@fr\/115492647315255670","error":""},"_links":{"self":[{"href":"https:\/\/www.europesays.com\/fr\/wp-json\/wp\/v2\/posts\/511637","targetHints":{"allow":["GET"]}}],"collection":[{"href":"https:\/\/www.europesays.com\/fr\/wp-json\/wp\/v2\/posts"}],"about":[{"href":"https:\/\/www.europesays.com\/fr\/wp-json\/wp\/v2\/types\/post"}],"author":[{"embeddable":true,"href":"https:\/\/www.europesays.com\/fr\/wp-json\/wp\/v2\/users\/2"}],"replies":[{"embeddable":true,"href":"https:\/\/www.europesays.com\/fr\/wp-json\/wp\/v2\/comments?post=511637"}],"version-history":[{"count":0,"href":"https:\/\/www.europesays.com\/fr\/wp-json\/wp\/v2\/posts\/511637\/revisions"}],"wp:featuredmedia":[{"embeddable":true,"href":"https:\/\/www.europesays.com\/fr\/wp-json\/wp\/v2\/media\/511638"}],"wp:attachment":[{"href":"https:\/\/www.europesays.com\/fr\/wp-json\/wp\/v2\/media?parent=511637"}],"wp:term":[{"taxonomy":"category","embeddable":true,"href":"https:\/\/www.europesays.com\/fr\/wp-json\/wp\/v2\/categories?post=511637"},{"taxonomy":"post_tag","embeddable":true,"href":"https:\/\/www.europesays.com\/fr\/wp-json\/wp\/v2\/tags?post=511637"}],"curies":[{"name":"wp","href":"https:\/\/api.w.org\/{rel}","templated":true}]}}