{"id":511655,"date":"2025-11-04T17:48:13","date_gmt":"2025-11-04T17:48:13","guid":{"rendered":"https:\/\/www.europesays.com\/fr\/511655\/"},"modified":"2025-11-04T17:48:13","modified_gmt":"2025-11-04T17:48:13","slug":"lallemagne-ajoute-3-milliards-deuros-a-laide-armee-a-lukraine","status":"publish","type":"post","link":"https:\/\/www.europesays.com\/fr\/511655\/","title":{"rendered":"L&rsquo;Allemagne ajoute 3 milliards d&rsquo;euros \u00e0 l&rsquo;aide arm\u00e9e \u00e0 l&rsquo;Ukraine"},"content":{"rendered":"<p class=\"p1\">ARTA &#8211; L&rsquo;Allemagne pr\u00e9voit d&rsquo;augmenter son aide financi\u00e8re \u00e0 l&rsquo;Ukraine d&rsquo;environ trois milliards d&rsquo;euros (3,5 milliards de dollars) l&rsquo;an prochain.<\/p>\n<p class=\"p1\">, ce qui a \u00e9t\u00e9 rapport\u00e9 par deux sources gouvernementales le mardi 4 novembre, confirmant les rapports du quotidien \u00e9conomiqueblatt.<\/p>\n<p class=\"p2\">illet est le plus grand donateur d\u2019aide militaire d\u2019Europe \u00e0 l\u2019Ukraine, avec un total d\u2019environ 40 milliards d\u2019euros depuis l\u2019invasion massive de la Russie en 2022. Dans le budget 2026, l\u2019Allemagne a allou\u00e9 8,5 milliards d\u2019euros \u00e0 l\u2019Ukraine.<\/p>\n<p class=\"p3\">\u00bb \u00ab Nous continuerons notre soutien tant que n\u00e9cessaire pour nous d\u00e9fendre contre une guerre d\u2019agression russe \u00bb, a d\u00e9clar\u00e9 \u00e0 Reuters une source gouvernementale.<\/p>\n<p class=\"p3\">r\u00e9nal. Le ministre allemand des Finances et de la D\u00e9fense ajoutera \u00e0 l\u2019Ukraine trois milliards d\u2019euros suppl\u00e9mentaires \u00e0 l\u2019ajustement budg\u00e9taire de 2026 final, a d\u00e9clar\u00e9 la source.<\/p>\n<p class=\"p3\">r\u00e9nage : les fonds compreniront des artisanales, des drones, des v\u00e9hicules blind\u00e9s et le remplacement des deux syst\u00e8mes Patriot, a indiqu\u00e9 la source.<\/p>\n<p class=\"p3\">ritoire : Une autre source gouvernementale a d\u00e9clar\u00e9 \u00e0 Reuters que le chancelierrich Merz soutenait le plan qui devrait \u00eatre approuv\u00e9.<\/p>\n<p>The English, Chinese, Japanese, Arabic, and French versions are automatically generated by the AI. So there may still be inaccuracies in translating, please always see Indonesian as our main language.<br \/>\n                                    (system supported by DigitalSiber.id)<\/p>\n","protected":false},"excerpt":{"rendered":"ARTA &#8211; L&rsquo;Allemagne pr\u00e9voit d&rsquo;augmenter son aide financi\u00e8re \u00e0 l&rsquo;Ukraine d&rsquo;environ trois milliards d&rsquo;euros (3,5 milliards de dollars)&hellip;\n","protected":false},"author":2,"featured_media":511656,"comment_status":"","ping_status":"","sticky":false,"template":"","format":"standard","meta":{"footnotes":""},"categories":[1587],"tags":[63247,11,672,1804,1805,1803,1777,674,1801,12,1802,63246],"class_list":{"0":"post-511655","1":"post","2":"type-post","3":"status-publish","4":"format-standard","5":"has-post-thumbnail","7":"category-allemagne","8":"tag-5-milliards-de-dollars-lannee-prochaine","9":"tag-actualites","10":"tag-allemagne","11":"tag-bundesrepublik-deutschland","12":"tag-de","13":"tag-deutschland","14":"tag-eu","15":"tag-europe","16":"tag-germany","17":"tag-news","18":"tag-republique-federale-dallemagne","19":"tag-ronyme-lallemagne-prevoit-daugmenter-son-aide-financiere-a-lukraine-denviron-trois-milliards-deuros-3"},"share_on_mastodon":{"url":"https:\/\/pubeurope.com\/@fr\/115492690627042041","error":""},"_links":{"self":[{"href":"https:\/\/www.europesays.com\/fr\/wp-json\/wp\/v2\/posts\/511655","targetHints":{"allow":["GET"]}}],"collection":[{"href":"https:\/\/www.europesays.com\/fr\/wp-json\/wp\/v2\/posts"}],"about":[{"href":"https:\/\/www.europesays.com\/fr\/wp-json\/wp\/v2\/types\/post"}],"author":[{"embeddable":true,"href":"https:\/\/www.europesays.com\/fr\/wp-json\/wp\/v2\/users\/2"}],"replies":[{"embeddable":true,"href":"https:\/\/www.europesays.com\/fr\/wp-json\/wp\/v2\/comments?post=511655"}],"version-history":[{"count":0,"href":"https:\/\/www.europesays.com\/fr\/wp-json\/wp\/v2\/posts\/511655\/revisions"}],"wp:featuredmedia":[{"embeddable":true,"href":"https:\/\/www.europesays.com\/fr\/wp-json\/wp\/v2\/media\/511656"}],"wp:attachment":[{"href":"https:\/\/www.europesays.com\/fr\/wp-json\/wp\/v2\/media?parent=511655"}],"wp:term":[{"taxonomy":"category","embeddable":true,"href":"https:\/\/www.europesays.com\/fr\/wp-json\/wp\/v2\/categories?post=511655"},{"taxonomy":"post_tag","embeddable":true,"href":"https:\/\/www.europesays.com\/fr\/wp-json\/wp\/v2\/tags?post=511655"}],"curies":[{"name":"wp","href":"https:\/\/api.w.org\/{rel}","templated":true}]}}