{"id":511710,"date":"2025-11-04T18:25:13","date_gmt":"2025-11-04T18:25:13","guid":{"rendered":"https:\/\/www.europesays.com\/fr\/511710\/"},"modified":"2025-11-04T18:25:13","modified_gmt":"2025-11-04T18:25:13","slug":"scene-stupefiante-devant-un-immeuble-occupe-par-60-familles-gitanes","status":"publish","type":"post","link":"https:\/\/www.europesays.com\/fr\/511710\/","title":{"rendered":"sc\u00e8ne stup\u00e9fiante devant un immeuble occup\u00e9 par 60 familles gitanes"},"content":{"rendered":"<p>            Par<br \/>\n        <strong><br \/>\n            <a href=\"https:\/\/actu.fr\/auteur\/metropoop\" title=\"Consulter tous les articles de R\u00e9daction M\u00e9tropolitain\" target=\"_blank\" rel=\"noopener\">R\u00e9daction M\u00e9tropolitain<\/a><br \/>\n        <\/strong><\/p>\n<p>        Publi\u00e9 le<\/p>\n<p>            4 nov. 2025 \u00e0 18h38<br \/>\n        ; mis \u00e0 jour le 4 nov. 2025 \u00e0 18h39    <\/p>\n<p><strong>Lundi soir<\/strong>, un immeuble social tout juste termin\u00e9 a \u00e9t\u00e9 occup\u00e9 sans droit ni titre. Il se situe avenue du Pont-Trinquat, \u00e0 Montpellier. Les appartements neufs de la nouvelle r\u00e9sidence sociale Clos Lauzier, pr\u00eats \u00e0 recevoir leurs locataires l\u00e9gitimes d\u00e8s ce mercredi 5 novembre, ont \u00e9t\u00e9 investis par des familles issues de la communaut\u00e9 gitane s\u00e9dentaris\u00e9e. La plupart sont domicili\u00e9es \u00e0 la Mosson.<\/p>\n<p>    <a href=\"https:\/\/www.google.com\/maps\/embed?pb=!1m18!1m12!1m3!1d2889.282519355182!2d3.88641677645949!3d43.60065887110451!2m3!1f0!2f0!3f0!3m2!1i1024!2i768!4f13.1!3m3!1m2!1s0x12b6af0000aa1e67%3A0x8daabfb024bac107!2sClos%20Lauzier!5e0!3m2!1sfr!2sfr!4v1762277881733!5m2!1sfr!2sfr\" title=\"Ouvrie le lien\" target=\"_blank\" rel=\"noopener\">Cliquez ici pour visualiser le contenu<\/a><\/p>\n<p>Une intervention polici\u00e8re massive<\/p>\n<p class=\" wall-content\"><strong>Ce mardi 4 novembre 2025<\/strong>, depuis 18h, la police nationale et les CRS (compagnies r\u00e9publicaines de s\u00e9curit\u00e9) ont d\u00e9ploy\u00e9 plusieurs camions et boucl\u00e9 l\u2019avenue du Pont-Trinquat. L\u2019op\u00e9ration se d\u00e9roule sur r\u00e9quisition du pr\u00e9fet de l\u2019H\u00e9rault. La circulation est interrompue.<\/p>\n<p class=\" wall-content\">\n<p class=\" wall-content\">Personnalisez votre actualit\u00e9 en ajoutant vos villes et m\u00e9dias en favori avec <a href=\"https:\/\/moncompte.actu.fr\" title=\"D\u00e9couvez Mon Actu\" rel=\"nofollow noopener\" data-trk=\"{&quot;cta&quot;:{&quot;action&quot;:&quot;https:\\\/\\\/moncompte.actu.fr&quot;,&quot;category&quot;:&quot;mon compte&quot;,&quot;from&quot;:&quot;article footer&quot;,&quot;name&quot;:&quot;Mon actu&quot;,&quot;type&quot;:&quot;cta&quot;}}\" target=\"_blank\">Mon Actu<\/a>.<\/p>\n","protected":false},"excerpt":{"rendered":"Par R\u00e9daction M\u00e9tropolitain Publi\u00e9 le 4 nov. 2025 \u00e0 18h38 ; mis \u00e0 jour le 4 nov. 2025&hellip;\n","protected":false},"author":2,"featured_media":511711,"comment_status":"","ping_status":"","sticky":false,"template":"","format":"standard","meta":{"footnotes":""},"categories":[9599],"tags":[1111,11,1777,674,118,1011,27,1908,2208,12,2680,1072,25],"class_list":{"0":"post-511710","1":"post","2":"type-post","3":"status-publish","4":"format-standard","5":"has-post-thumbnail","7":"category-montpellier","8":"tag-actu","9":"tag-actualites","10":"tag-eu","11":"tag-europe","12":"tag-faits-divers","13":"tag-fr","14":"tag-france","15":"tag-logement","16":"tag-montpellier","17":"tag-news","18":"tag-occitanie","19":"tag-police","20":"tag-republique-francaise"},"share_on_mastodon":{"url":"https:\/\/pubeurope.com\/@fr\/115492836129297410","error":""},"_links":{"self":[{"href":"https:\/\/www.europesays.com\/fr\/wp-json\/wp\/v2\/posts\/511710","targetHints":{"allow":["GET"]}}],"collection":[{"href":"https:\/\/www.europesays.com\/fr\/wp-json\/wp\/v2\/posts"}],"about":[{"href":"https:\/\/www.europesays.com\/fr\/wp-json\/wp\/v2\/types\/post"}],"author":[{"embeddable":true,"href":"https:\/\/www.europesays.com\/fr\/wp-json\/wp\/v2\/users\/2"}],"replies":[{"embeddable":true,"href":"https:\/\/www.europesays.com\/fr\/wp-json\/wp\/v2\/comments?post=511710"}],"version-history":[{"count":0,"href":"https:\/\/www.europesays.com\/fr\/wp-json\/wp\/v2\/posts\/511710\/revisions"}],"wp:featuredmedia":[{"embeddable":true,"href":"https:\/\/www.europesays.com\/fr\/wp-json\/wp\/v2\/media\/511711"}],"wp:attachment":[{"href":"https:\/\/www.europesays.com\/fr\/wp-json\/wp\/v2\/media?parent=511710"}],"wp:term":[{"taxonomy":"category","embeddable":true,"href":"https:\/\/www.europesays.com\/fr\/wp-json\/wp\/v2\/categories?post=511710"},{"taxonomy":"post_tag","embeddable":true,"href":"https:\/\/www.europesays.com\/fr\/wp-json\/wp\/v2\/tags?post=511710"}],"curies":[{"name":"wp","href":"https:\/\/api.w.org\/{rel}","templated":true}]}}