{"id":511712,"date":"2025-11-04T18:26:11","date_gmt":"2025-11-04T18:26:11","guid":{"rendered":"https:\/\/www.europesays.com\/fr\/511712\/"},"modified":"2025-11-04T18:26:11","modified_gmt":"2025-11-04T18:26:11","slug":"vous-voulez-apprendre-a-danser-a-rouen-ces-ateliers-sont-ouverts-a-tous-les-niveaux","status":"publish","type":"post","link":"https:\/\/www.europesays.com\/fr\/511712\/","title":{"rendered":"Vous voulez apprendre \u00e0 danser ? \u00c0 Rouen, ces ateliers sont ouverts \u00e0 tous les niveaux"},"content":{"rendered":"<p>            Par<br \/>\n        <strong><br \/>\n            <a href=\"https:\/\/actu.fr\/auteur\/laredaction\" title=\"Consulter tous les articles de R\u00e9daction Normandie\" target=\"_blank\" rel=\"noopener\">R\u00e9daction Normandie<\/a><br \/>\n        <\/strong><\/p>\n<p>        Publi\u00e9 le<\/p>\n<p>            4 nov. 2025 \u00e0 18h22        <\/p>\n<p>Cr\u00e9\u00e9e en avril 2025, l\u2019\u00c9cole de Do <a href=\"https:\/\/actu.fr\/normandie\/rouen_76540\" target=\"_blank\" rel=\"noopener\">\u00e0 Rouen<\/a> se d\u00e9veloppe un peu plus et propose <strong>de nouveaux ateliers<\/strong>. D\u2019apr\u00e8s Dorian, le fondateur, l\u2019objectif est de \u00ab\u00a0proposer des cours accessibles \u00e0 tous, m\u00eame aux plus jeunes, mais maintenant dans divers domaines artistiques\u00a0\u00bb. C\u2019est alors que<strong> l\u2019atelier de danse<\/strong> fait son apparition, depuis le 14 septembre 2025.\u00a0<\/p>\n<p>Apprenez de nouvelles danses<\/p>\n<p class=\" wall-content\">\u00c0 l\u2019initiative, Ana\u00efs, passionn\u00e9e par ce sport, propose pour toutes et tous, d\u00e9butants comme amateurs, des ateliers pratiques, au salon de l\u2019Entrep\u00f4t sur les quais. Au programme : enseignements de deux types de danse, <strong>heels et street jazz<\/strong>, selon le cr\u00e9neau choisi.<\/p>\n<p class=\" wall-content\">Toutes les conditions sont r\u00e9unies pour apprendre \u00e0 ses c\u00f4t\u00e9s : \u00e9chauffements, exercices dynamiques et apprentissage d\u2019une chor\u00e9graphie o\u00f9 les participants sont invit\u00e9s, \u00e0 la fin de l\u2019atelier, \u00e0 la r\u00e9aliser. Selon Ana\u00efs, les buts de ce \u00ab\u00a0show final film\u00e9\u00a0\u00bb sont d\u2019avoir, certes, des souvenirs pour eux, mais \u00e9galement de voir leur progression, au fur et \u00e0 mesure des heures pass\u00e9es ensemble.\u00a0<\/p>\n<p>Pour tous les niveaux, mais pas tous les \u00e2ges<\/p>\n<p class=\" wall-content\">Malgr\u00e9 les nombreuses demandes, le public tr\u00e8s jeune, inf\u00e9rieur \u00e0 15 ans, <strong>n\u2019est pas accept\u00e9.<\/strong> Ana\u00efs se confie sur ce point-l\u00e0, tout en insistant : \u00ab\u00a0Ces genres de danse ne sont pas adapt\u00e9s \u00e0 tous puisqu\u2019ils sont sensuels. Je mets en garde les parents, souvent demandeurs de renseignements, pour inscrire leurs enfants \u00e0 mes ateliers. C\u2019est pourquoi, une limite d\u2019\u00e2ge est impos\u00e9e\u00a0\u00bb.\u00a0<\/p>\n<p class=\" wall-content\">\u00c0 l\u2019\u00c9cole de Do, il est dor\u00e9navant possible d\u2019apprendre <strong>\u00e0 chanter, pianoter ou bien dessiner.<\/strong> Le tout est d\u2019apprendre aux c\u00f4t\u00e9s de professionnels, toujours en groupe restreint. Par ailleurs, les cours sont r\u00e9fl\u00e9chis d\u2019une mani\u00e8re o\u00f9 l\u2019h\u00e9t\u00e9rog\u00e9n\u00e9it\u00e9 des niveaux n\u2019est pas un souci. \u00c0 chaque s\u00e9ance, <strong>une adaptation est faite<\/strong> pour l\u2019ensemble des participants.\u00a0<\/p>\n<p>Vid\u00e9os : en ce moment sur ActuInscriptions et toutes infos compl\u00e9mentaires <a href=\"https:\/\/www.lecolededo.fr\/\" target=\"_blank\" rel=\"noopener\">sur le site<\/a>.<\/p>\n<p class=\" wall-content\"><strong>Ivanna Razafindrazaka<\/strong><\/p>\n<p class=\" wall-content\">Personnalisez votre actualit\u00e9 en ajoutant vos villes et m\u00e9dias en favori avec <a href=\"https:\/\/moncompte.actu.fr\" title=\"D\u00e9couvez Mon Actu\" rel=\"nofollow noopener\" data-trk=\"{&quot;cta&quot;:{&quot;action&quot;:&quot;https:\\\/\\\/moncompte.actu.fr&quot;,&quot;category&quot;:&quot;mon compte&quot;,&quot;from&quot;:&quot;article footer&quot;,&quot;name&quot;:&quot;Mon actu&quot;,&quot;type&quot;:&quot;cta&quot;}}\" target=\"_blank\">Mon Actu<\/a>.<\/p>\n","protected":false},"excerpt":{"rendered":"Par R\u00e9daction Normandie Publi\u00e9 le 4 nov. 2025 \u00e0 18h22 Cr\u00e9\u00e9e en avril 2025, l\u2019\u00c9cole de Do \u00e0&hellip;\n","protected":false},"author":2,"featured_media":511713,"comment_status":"","ping_status":"","sticky":false,"template":"","format":"standard","meta":{"footnotes":""},"categories":[9587],"tags":[1111,11,9086,5972,1777,674,1011,27,1652,12,5161,25,9590],"class_list":{"0":"post-511712","1":"post","2":"type-post","3":"status-publish","4":"format-standard","5":"has-post-thumbnail","7":"category-rouen","8":"tag-actu","9":"tag-actualites","10":"tag-bon-plan-a-rouen","11":"tag-danse","12":"tag-eu","13":"tag-europe","14":"tag-fr","15":"tag-france","16":"tag-loisirs-culture","17":"tag-news","18":"tag-normandie","19":"tag-republique-francaise","20":"tag-rouen"},"share_on_mastodon":{"url":"https:\/\/pubeurope.com\/@fr\/115492840146460432","error":""},"_links":{"self":[{"href":"https:\/\/www.europesays.com\/fr\/wp-json\/wp\/v2\/posts\/511712","targetHints":{"allow":["GET"]}}],"collection":[{"href":"https:\/\/www.europesays.com\/fr\/wp-json\/wp\/v2\/posts"}],"about":[{"href":"https:\/\/www.europesays.com\/fr\/wp-json\/wp\/v2\/types\/post"}],"author":[{"embeddable":true,"href":"https:\/\/www.europesays.com\/fr\/wp-json\/wp\/v2\/users\/2"}],"replies":[{"embeddable":true,"href":"https:\/\/www.europesays.com\/fr\/wp-json\/wp\/v2\/comments?post=511712"}],"version-history":[{"count":0,"href":"https:\/\/www.europesays.com\/fr\/wp-json\/wp\/v2\/posts\/511712\/revisions"}],"wp:featuredmedia":[{"embeddable":true,"href":"https:\/\/www.europesays.com\/fr\/wp-json\/wp\/v2\/media\/511713"}],"wp:attachment":[{"href":"https:\/\/www.europesays.com\/fr\/wp-json\/wp\/v2\/media?parent=511712"}],"wp:term":[{"taxonomy":"category","embeddable":true,"href":"https:\/\/www.europesays.com\/fr\/wp-json\/wp\/v2\/categories?post=511712"},{"taxonomy":"post_tag","embeddable":true,"href":"https:\/\/www.europesays.com\/fr\/wp-json\/wp\/v2\/tags?post=511712"}],"curies":[{"name":"wp","href":"https:\/\/api.w.org\/{rel}","templated":true}]}}