{"id":511714,"date":"2025-11-04T18:27:10","date_gmt":"2025-11-04T18:27:10","guid":{"rendered":"https:\/\/www.europesays.com\/fr\/511714\/"},"modified":"2025-11-04T18:27:10","modified_gmt":"2025-11-04T18:27:10","slug":"un-bal-inspire-dune-serie-populaire-de-netflix-se-prepare-au-musee-des-beaux-arts-de-rouen","status":"publish","type":"post","link":"https:\/\/www.europesays.com\/fr\/511714\/","title":{"rendered":"Un bal inspir\u00e9 d&rsquo;une s\u00e9rie populaire de Netflix se pr\u00e9pare au mus\u00e9e des Beaux Arts de Rouen"},"content":{"rendered":"<p>            Par<br \/>\n        <strong><br \/>\n            <a href=\"https:\/\/actu.fr\/auteur\/laredaction\" title=\"Consulter tous les articles de R\u00e9daction Normandie\" target=\"_blank\" rel=\"noopener\">R\u00e9daction Normandie<\/a><br \/>\n        <\/strong><\/p>\n<p>        Publi\u00e9 le<\/p>\n<p>            4 nov. 2025 \u00e0 19h16        <\/p>\n<p><strong>Pour les fans de la s\u00e9rie Les Chroniques des Bridgerton<\/strong>, le <a href=\"https:\/\/actu.fr\/normandie\/rouen_76540\/mangez-entre-les-chefs-d-oeuvre-du-musee-des-beaux-arts-de-rouen-avec-le-nouveau-restaurant-cafe-sculptures_62905797.html\" target=\"_blank\" rel=\"noopener\">Caf\u00e9 Sculpture de Rouen<\/a> organise une soir\u00e9e aux Beaux-Arts. Elle aura lieu le vendredi 28 novembre 2025 \u00e0 partir de 19h30. <strong>Tenue d\u2019\u00e9poque exig\u00e9e !<\/strong><\/p>\n<p>Un bal inspir\u00e9 de la c\u00e9l\u00e8bre s\u00e9rie<\/p>\n<p class=\" wall-content\">Un bal comme \u00e0 l\u2019\u00e9poque ! C\u2019est l\u2019objectif affich\u00e9 par l\u2019organisatrice de l\u2019\u00e9v\u00e9nement et pour cela plein d\u2019activit\u00e9s seront propos\u00e9es. De l\u2019initiation \u00e0 la valse jusqu\u2019\u00e0 l\u2019\u00e9lection du diamant de la soir\u00e9e, ce bal saura vous plonger dans l\u2019\u00e9poque de la R\u00e9gence. <strong>D\u2019autres \u00ab petites surprises \u00bb sont \u00e0 pr\u00e9voir.<\/strong><\/p>\n<p>Un cadre exceptionnel<\/p>\n<p class=\" wall-content\">Toutes ces activit\u00e9s se d\u00e9rouleront dans le jardins des sculptures du mus\u00e9e des Beaux-Arts. \u00ab On a de la chance d\u2019avoir <strong>un cadre exceptionnel<\/strong> qui se pr\u00eate \u00e0 l\u2019\u00e9v\u00e9nement \u00bb, confie Amira, l\u2019organisatrice. De plus, la salle sera d\u00e9cor\u00e9e par des fleurs et illumin\u00e9e par des bougies, tout cela dans une ambiance sonore qui nous rappellera les bals de la R\u00e9gence.<\/p>\n<p class=\" wall-content\">\u00ab On souhaite avoir des partenariats avec des prestataires locaux pour les mettre en avant. \u00bb Et en effet, de nombreuses entreprises normandes seront pr\u00e9sentes : <a href=\"https:\/\/actu.fr\/normandie\/rouen_76540\/les-amateurs-de-belles-bougies-ont-une-nouvelle-adresse-dans-le-centre-de-rouen_62632246.html\" target=\"_blank\" rel=\"noopener\">la boutique Everglow<\/a>, la fleuriste <a href=\"https:\/\/actu.fr\/normandie\/rouen_76540\/des-scenographies-de-fleurs-sur-halloween-harry-potter-brigitte-cree-des-bouquets-uniques-a-rouen_61870330.html\" target=\"_blank\" rel=\"noopener\">The world of Brigitte<\/a> ainsi qu\u2019une parfumerie de luxe qui vient d\u2019ouvrir.<\/p>\n<p>Un \u00e9v\u00e9nement qui pourrait devenir r\u00e9current ?<\/p>\n<p class=\" wall-content\">Le caf\u00e9 souhaiterait mettre en place deux bals par an : \u00ab On y pense depuis un petit moment et c\u2019est vrai que \u00e7a s\u2019y pr\u00eatait bien \u00bb. L\u2019objectif serait donc de faire un bal pour chaque lancement de carte.<\/p>\n<p>Vid\u00e9os : en ce moment sur Actu<\/p>\n<p class=\" wall-content\">Pour 89,99 euros vous pourrez donc participer \u00e0 ce Bal de la R\u00e9gence, comme dans la s\u00e9rie tr\u00e8s populaire de Netflix. Selon l\u2019organisatrice, une centaine de places ont d\u00e9j\u00e0 \u00e9t\u00e9 r\u00e9serv\u00e9es. Et elle esp\u00e8re afficher complet le jour de l\u2019\u00e9v\u00e8nement.<\/p>\n<p>R\u00e9servation <a href=\"https:\/\/my.weezevent.com\/le-bal-de-la-regence-par-le-cafe-sculpture\" target=\"_blank\" rel=\"noopener\">sur ce site<\/a>.<\/p>\n<p>Votre r\u00e9gion, votre actu !<\/p>\n<p>Recevez chaque jour les infos qui comptent pour vous.<\/p>\n<p>\t<a href=\"https:\/\/actu.fr\/newsletter\" class=\"ac-btn ac-btn--corner ac-btn--medium ac-btn--blue800\" target=\"_blank\" rel=\"noopener\">S&rsquo;incrire<\/a><br \/>\nSuivez l\u2019actualit\u00e9 de Rouen <a href=\"https:\/\/www.whatsapp.com\/channel\/0029VaKfnf99hXF2ddApFB1D\" target=\"_blank\" rel=\"noopener\">sur notre cha\u00eene WhatsApp<\/a> et <a href=\"https:\/\/www.tiktok.com\/@76actu.fr?lang=fr\" target=\"_blank\" rel=\"noopener\">sur notre compte TikTok<\/a><\/p>\n<p class=\" wall-content\"><strong>Elouan Radoux<\/strong><\/p>\n<p class=\" wall-content\">Personnalisez votre actualit\u00e9 en ajoutant vos villes et m\u00e9dias en favori avec <a href=\"https:\/\/moncompte.actu.fr\" title=\"D\u00e9couvez Mon Actu\" rel=\"nofollow noopener\" data-trk=\"{&quot;cta&quot;:{&quot;action&quot;:&quot;https:\\\/\\\/moncompte.actu.fr&quot;,&quot;category&quot;:&quot;mon compte&quot;,&quot;from&quot;:&quot;article footer&quot;,&quot;name&quot;:&quot;Mon actu&quot;,&quot;type&quot;:&quot;cta&quot;}}\" target=\"_blank\">Mon Actu<\/a>.<\/p>\n<p>                    <script async src=\"\/\/www.tiktok.com\/embed.js\"><\/script><\/p>\n","protected":false},"excerpt":{"rendered":"Par R\u00e9daction Normandie Publi\u00e9 le 4 nov. 2025 \u00e0 19h16 Pour les fans de la s\u00e9rie Les Chroniques&hellip;\n","protected":false},"author":2,"featured_media":511715,"comment_status":"","ping_status":"","sticky":false,"template":"","format":"standard","meta":{"footnotes":""},"categories":[9587],"tags":[1111,11,9086,1777,674,1011,27,1757,1652,12,5161,25,9590,1314],"class_list":{"0":"post-511714","1":"post","2":"type-post","3":"status-publish","4":"format-standard","5":"has-post-thumbnail","7":"category-rouen","8":"tag-actu","9":"tag-actualites","10":"tag-bon-plan-a-rouen","11":"tag-eu","12":"tag-europe","13":"tag-fr","14":"tag-france","15":"tag-insolite","16":"tag-loisirs-culture","17":"tag-news","18":"tag-normandie","19":"tag-republique-francaise","20":"tag-rouen","21":"tag-series"},"share_on_mastodon":{"url":"https:\/\/pubeurope.com\/@fr\/115492843963873012","error":""},"_links":{"self":[{"href":"https:\/\/www.europesays.com\/fr\/wp-json\/wp\/v2\/posts\/511714","targetHints":{"allow":["GET"]}}],"collection":[{"href":"https:\/\/www.europesays.com\/fr\/wp-json\/wp\/v2\/posts"}],"about":[{"href":"https:\/\/www.europesays.com\/fr\/wp-json\/wp\/v2\/types\/post"}],"author":[{"embeddable":true,"href":"https:\/\/www.europesays.com\/fr\/wp-json\/wp\/v2\/users\/2"}],"replies":[{"embeddable":true,"href":"https:\/\/www.europesays.com\/fr\/wp-json\/wp\/v2\/comments?post=511714"}],"version-history":[{"count":0,"href":"https:\/\/www.europesays.com\/fr\/wp-json\/wp\/v2\/posts\/511714\/revisions"}],"wp:featuredmedia":[{"embeddable":true,"href":"https:\/\/www.europesays.com\/fr\/wp-json\/wp\/v2\/media\/511715"}],"wp:attachment":[{"href":"https:\/\/www.europesays.com\/fr\/wp-json\/wp\/v2\/media?parent=511714"}],"wp:term":[{"taxonomy":"category","embeddable":true,"href":"https:\/\/www.europesays.com\/fr\/wp-json\/wp\/v2\/categories?post=511714"},{"taxonomy":"post_tag","embeddable":true,"href":"https:\/\/www.europesays.com\/fr\/wp-json\/wp\/v2\/tags?post=511714"}],"curies":[{"name":"wp","href":"https:\/\/api.w.org\/{rel}","templated":true}]}}