{"id":511738,"date":"2025-11-04T18:39:16","date_gmt":"2025-11-04T18:39:16","guid":{"rendered":"https:\/\/www.europesays.com\/fr\/511738\/"},"modified":"2025-11-04T18:39:16","modified_gmt":"2025-11-04T18:39:16","slug":"a-peine-officialise-le-candidat-lfi-se-prend-une-vague-de-cyberharcelement","status":"publish","type":"post","link":"https:\/\/www.europesays.com\/fr\/511738\/","title":{"rendered":"\u00e0 peine officialis\u00e9, le candidat LFI se prend une vague de cyberharc\u00e8lement"},"content":{"rendered":"<p>            Par<br \/>\n        <strong><br \/>\n            <a href=\"https:\/\/actu.fr\/auteur\/juliette-cardinale\" title=\"Consulter tous les articles de Juliette Cardinale\" rel=\"nofollow noopener\" target=\"_blank\">Juliette Cardinale<\/a><br \/>\n        <\/strong><\/p>\n<p>        Publi\u00e9 le<\/p>\n<p>            4 nov. 2025 \u00e0 19h15        <\/p>\n<p>Dimanche 2 novembre 2025, Nordine Raymond s\u2019est officiellement jet\u00e9 dans l\u2019ar\u00e8ne des \u00e9lections municipales <a href=\"https:\/\/actu.fr\/bordeaux\/\" rel=\"nofollow noopener\" target=\"_blank\">\u00e0 Bordeaux.<\/a> La <strong>candidature<\/strong> du militant d\u00e9j\u00e0 co-chef de file de <a href=\"https:\/\/actu.fr\/tag\/la-france-insoumise-lfi\" rel=\"nofollow noopener\" target=\"_blank\">La France insoumise (LFI)<\/a> n\u2019est pas vraiment une surprise. Mais tr\u00e8s vite, les r\u00e9seaux sociaux se sont enflamm\u00e9s, et les messages \u00e0 caract\u00e8re raciste n\u2019ont pas tard\u00e9. Un ph\u00e9nom\u00e8ne d\u00e9plorable qui avait d\u00e9j\u00e0 <a href=\"https:\/\/actu.fr\/nouvelle-aquitaine\/bordeaux_33063\/municipales-2026-a-bordeaux-l-elu-karfa-diallo-evoque-des-deferlements-de-racisme-et-retropedale_63284960.html\" rel=\"nofollow noopener\" target=\"_blank\">vis\u00e9 un candidat \u00e0 la succession de Pierre Hurmic.<\/a><\/p>\n<p>Des messages insultants<\/p>\n<p class=\" wall-content\">D\u00e9j\u00e0 pr\u00e9sent en 9e position sur la liste \u00ab Bordeaux en Luttes \u00bb de <a href=\"https:\/\/actu.fr\/tag\/philippe-poutou\" rel=\"nofollow noopener\" target=\"_blank\">Philippe Poutou<\/a> en 2020, Nordine Raymond a d\u00e9voil\u00e9<strong> les grandes lignes de son programme <\/strong><a href=\"https:\/\/www.instagram.com\/nordineraymond\/p\/DQkBVFKjB0I\/\" rel=\"nofollow noopener\" target=\"_blank\">en annon\u00e7ant sa candidature sur les r\u00e9seaux.<\/a>\u00a0Il veut notamment un \u00ab\u00a0Bordeaux abordable, o\u00f9 les gens peuvent se loger, se nourrir, avoir des loisirs\u00a0\u00bb. Une ville \u00ab\u00a0\u00e0 vivre\u00a0\u00bb, \u00ab\u00a0qui n\u2019est pas qu\u2019une carte postale\u00a0\u00bb et n\u2019appartient \u00ab\u00a0pas \u00e0 ceux qui la vendent\u00a0\u00bb.\u00a0<\/p>\n<p class=\" wall-content\">Mais Nordine Raymond a notamment soulign\u00e9 vouloir d\u2019un \u00ab\u00a0Bordeaux qui fait la paix avec son pass\u00e9 colonial et <strong>lutte contre le fl\u00e9au du racisme<\/strong> qui pollue nos soci\u00e9t\u00e9s\u00a0\u00bb. Visiblement, une partie des utilisateurs des r\u00e9seaux sociaux n\u2019ont pas compris le message.<\/p>\n<p class=\" wall-content\">\u00ab\u00a0Suite \u00e0 sa d\u00e9claration de candidature \u00e0 la mairie de Bordeaux, Nordine Raymond subit une <strong>vague d\u2019insultes racistes et de cyberharc\u00e8lement violent\u00a0\u00bb,<\/strong> a d\u00e9plor\u00e9 ce mardi Cl\u00e9mence Guett\u00e9, vice-pr\u00e9sidente LFI \u00e0 l\u2019Assembl\u00e9e nationale.<\/p>\n<p class=\" wall-content\">\n<p class=\" wall-content\"><strong>\u00ab\u00a0C\u2019est contre cela que nous luttons.<\/strong> C\u2019est pour cela que nous sommes candidats\u00a0\u00bb, continue la responsable du programme de La France insoumise. Dans sa publication, Cl\u00e9mence Guett\u00e9 a ajout\u00e9 un photomontage d\u2019une vingtaine de<strong> messages virulents<\/strong> envers le candidat bordelais.<\/p>\n<p>Un deuxi\u00e8me candidat harcel\u00e9<\/p>\n<p class=\" wall-content\">Ce n\u2019est <strong>pas la premi\u00e8re fois<\/strong> que de tels propos s\u2019invitent dans ce d\u00e9but de campagne \u00e0 Bordeaux. Karfa Diallo\u00a0avait annonc\u00e9 <a href=\"https:\/\/actu.fr\/nouvelle-aquitaine\/bordeaux_33063\/municipales-2026-a-bordeaux-l-elu-karfa-diallo-evoque-des-deferlements-de-racisme-et-retropedale_63284960.html\" rel=\"nofollow noopener\" target=\"_blank\">retirer sa <\/a><a href=\"https:\/\/actu.fr\/nouvelle-aquitaine\/bordeaux_33063\/municipales-2026-a-bordeaux-l-elu-karfa-diallo-evoque-des-deferlements-de-racisme-et-retropedale_63284960.html\" rel=\"nofollow noopener\" target=\"_blank\">candidature\u2009le vendredi 10 octobre dernier <\/a>en raison des m\u00eames d\u00e9rives.<\/p>\n<p class=\" wall-content\">L\u2019\u00e9lu qui si\u00e8ge avec les \u00e9cologistes au conseil r\u00e9gional de Nouvelle-Aquitaine avait justifi\u00e9 sa d\u00e9cision par des difficult\u00e9s \u00e0 mobiliser autour de sa candidature. Mais il avait aussi annonc\u00e9 vouloir \u00ab\u00a0pr\u00e9server [sa] sant\u00e9 et [sa] vie de famille\u2009\u00bb, notamment face \u00e0 des <strong>\u00ab\u00a0d\u00e9ferlements de racisme<\/strong>\u00a0sur les r\u00e9seaux sociaux suite \u00e0 cette d\u00e9claration de candidature\u2009\u00bb.\u00a0<\/p>\n<p class=\" wall-content\">Personnalisez votre actualit\u00e9 en ajoutant vos villes et m\u00e9dias en favori avec <a href=\"https:\/\/moncompte.actu.fr\" title=\"D\u00e9couvez Mon Actu\" rel=\"nofollow noopener\" data-trk=\"{&quot;cta&quot;:{&quot;action&quot;:&quot;https:\\\/\\\/moncompte.actu.fr&quot;,&quot;category&quot;:&quot;mon compte&quot;,&quot;from&quot;:&quot;article footer&quot;,&quot;name&quot;:&quot;Mon actu&quot;,&quot;type&quot;:&quot;cta&quot;}}\" target=\"_blank\">Mon Actu<\/a>.<\/p>\n<p>                    <script async src=\"\/\/www.instagram.com\/embed.js\"><\/script><\/p>\n","protected":false},"excerpt":{"rendered":"Par Juliette Cardinale Publi\u00e9 le 4 nov. 2025 \u00e0 19h15 Dimanche 2 novembre 2025, Nordine Raymond s\u2019est officiellement&hellip;\n","protected":false},"author":2,"featured_media":511739,"comment_status":"","ping_status":"","sticky":false,"template":"","format":"standard","meta":{"footnotes":""},"categories":[2817],"tags":[1111,11,1997,4188,1777,674,1011,27,1023,3434,12,2219,316,25],"class_list":{"0":"post-511738","1":"post","2":"type-post","3":"status-publish","4":"format-standard","5":"has-post-thumbnail","7":"category-bordeaux","8":"tag-actu","9":"tag-actualites","10":"tag-bordeaux","11":"tag-elections-municipales","12":"tag-eu","13":"tag-europe","14":"tag-fr","15":"tag-france","16":"tag-la-france-insoumise-lfi","17":"tag-municipales-2026","18":"tag-news","19":"tag-nouvelle-aquitaine","20":"tag-politique","21":"tag-republique-francaise"},"share_on_mastodon":{"url":"https:\/\/pubeurope.com\/@fr\/115492891195646471","error":""},"_links":{"self":[{"href":"https:\/\/www.europesays.com\/fr\/wp-json\/wp\/v2\/posts\/511738","targetHints":{"allow":["GET"]}}],"collection":[{"href":"https:\/\/www.europesays.com\/fr\/wp-json\/wp\/v2\/posts"}],"about":[{"href":"https:\/\/www.europesays.com\/fr\/wp-json\/wp\/v2\/types\/post"}],"author":[{"embeddable":true,"href":"https:\/\/www.europesays.com\/fr\/wp-json\/wp\/v2\/users\/2"}],"replies":[{"embeddable":true,"href":"https:\/\/www.europesays.com\/fr\/wp-json\/wp\/v2\/comments?post=511738"}],"version-history":[{"count":0,"href":"https:\/\/www.europesays.com\/fr\/wp-json\/wp\/v2\/posts\/511738\/revisions"}],"wp:featuredmedia":[{"embeddable":true,"href":"https:\/\/www.europesays.com\/fr\/wp-json\/wp\/v2\/media\/511739"}],"wp:attachment":[{"href":"https:\/\/www.europesays.com\/fr\/wp-json\/wp\/v2\/media?parent=511738"}],"wp:term":[{"taxonomy":"category","embeddable":true,"href":"https:\/\/www.europesays.com\/fr\/wp-json\/wp\/v2\/categories?post=511738"},{"taxonomy":"post_tag","embeddable":true,"href":"https:\/\/www.europesays.com\/fr\/wp-json\/wp\/v2\/tags?post=511738"}],"curies":[{"name":"wp","href":"https:\/\/api.w.org\/{rel}","templated":true}]}}