{"id":511744,"date":"2025-11-04T18:42:29","date_gmt":"2025-11-04T18:42:29","guid":{"rendered":"https:\/\/www.europesays.com\/fr\/511744\/"},"modified":"2025-11-04T18:42:29","modified_gmt":"2025-11-04T18:42:29","slug":"quand-ouvre-t-il-et-quelles-animations-en-2025","status":"publish","type":"post","link":"https:\/\/www.europesays.com\/fr\/511744\/","title":{"rendered":"quand ouvre-t-il et quelles animations en 2025\u00a0?"},"content":{"rendered":"<p>            Par<br \/>\n        <strong><br \/>\n            <a href=\"https:\/\/actu.fr\/auteur\/amandine-vachez\" title=\"Consulter tous les articles de Amandine Vachez\" target=\"_blank\" rel=\"noopener\">Amandine Vachez<\/a><br \/>\n        <\/strong><\/p>\n<p>        Publi\u00e9 le<\/p>\n<p>            4 nov. 2025 \u00e0 16h48        <\/p>\n<p>Il y a quelques jours, on entendait \u00ab\u2009des bonbons ou un sort\u2009\u00bb. Halloween et la Toussaint tout juste pass\u00e9s,<b> l\u2019ambiance de No\u00ebl<\/b> s\u2019invite peu \u00e0 peu autour de nous. \u00c0<b> Lille<\/b>, les d\u00e9corations sont install\u00e9es en ville. Le<b> march\u00e9 de No\u00ebl <\/b>va aussi bient\u00f4t ouvrir ses portes. Voici les dates \u00e0 retenir pour la<b> saison 2025 <\/b>du \u00ab\u2009village de No\u00ebl\u2009\u00bb et les animations phares pr\u00e9vues pour cette \u00e9dition <b>anniversaire des 35\u00a0ans\u2009!<\/b><\/p>\n<p>35\u00a0ans d\u2019\u00e9merveillement<\/p>\n<p class=\" wall-content\">Le Village de No\u00ebl, c\u2019est \u00ab\u200935\u00a0ans d\u2019\u00e9merveillement\u2009\u00bb, \u00e9crit la Ville de Lille, dans la pr\u00e9sentation de cette nouvelle \u00e9dition. Rendez-vous toujours place Rihour, en c\u0153ur de ville, pour vivre la magie de ce rendez-vous port\u00e9 par la F\u00e9d\u00e9ration lilloise du commerce.<\/p>\n<p class=\" wall-content\">\u00ab\u2009Depuis 35\u00a0ans, cet \u00e9v\u00e9nement accueille petits et grands pendant 6 semaines. Les<b> 90 chalets en bois accueillent commer\u00e7ants, artisans et producteurs<\/b> venus de Lille et de toute la France, pr\u00e9sentant leurs savoir-faire et sp\u00e9cialit\u00e9s\u2009\u00bb, poursuit la municipalit\u00e9.<\/p>\n<p class=\" wall-content\">Cette ann\u00e9e, vous pourrez en profiter <b>du 20\u00a0novembre au 29\u00a0d\u00e9cembre\u2009!<\/b><\/p>\n<p class=\" wall-content\">Ce village offre une ambiance unique, illumin\u00e9e par des d\u00e9corations f\u00e9eriques et vous propose des cadeaux authentiques et des animations en tout genre.<\/p>\n<p class=\" wall-content\">Le march\u00e9 sera ouvert du dimanche au jeudi\u2009: de 11\u2009h \u00e0 20\u2009h\u200930, vendredi et samedi\u2009: de 11\u2009h \u00e0 22\u2009h. Il fermera ses portes le 24\u00a0d\u00e9cembre \u00e0 18\u2009h, ainsi que le 25\u00a0d\u00e9cembre totalement.<\/p>\n<p>Les animations au programme de l\u2019\u00e9dition 2025<\/p>\n<p class=\" wall-content\">La Ville a d\u00e9j\u00e0 \u00e9dit\u00e9 un programme d\u2019animations \u00e0 ne pas manquer\u2009:<\/p>\n<p>Votre r\u00e9gion, votre actu !<\/p>\n<p>Recevez chaque jour les infos qui comptent pour vous.<\/p>\n<p>\t<a href=\"https:\/\/actu.fr\/newsletter\" class=\"ac-btn ac-btn--corner ac-btn--medium ac-btn--blue800\" target=\"_blank\" rel=\"noopener\">S&rsquo;incrire<\/a><\/p>\n<ul class=\" wall-content\">\n<li><b>animation photobooth et un jeu-concours RTL2, <\/b>vendredi 21\u00a0novembre de 12\u2009h \u00e0 18\u2009h sous le carport<\/li>\n<li><b>Atelier magie<\/b>\u00a0mercredi 26\u00a0novembre de 14\u2009h \u00e0 17\u2009h sous le carport<\/li>\n<li><b>Animation photobooth et jeu-concours RTL2\u00a0<\/b>vendredi 28\u00a0novembre\u00a0de 12\u2009h \u00e0 18\u2009h sous le carport<\/li>\n<li><b>Duo flamboyant<\/b>\u00a0mercredi 3\u00a0d\u00e9cembre de 17\u2009h\u200930 \u00e0 19\u2009h\u200930 en d\u00e9ambulation<\/li>\n<li><b>Animation photobooth et jeu-concours RTL2\u00a0<\/b>vendredi 5\u00a0d\u00e9cembre de 12\u2009h \u00e0 18\u2009h sous le carport<\/li>\n<li><b>Atelier maquillage f\u00e9erique\u2009<\/b>: mercredi 10\u00a0d\u00e9cembre de 14\u2009h \u00e0 17\u2009h sous le carport<\/li>\n<li><b>Animation photobooth et jeu-concours RTL2\u00a0<\/b>vendredi 12\u00a0d\u00e9cembre de 12\u2009h \u00e0 18\u2009h sous le carport<\/li>\n<li><b>J<\/b><b>ongleur lumineux<\/b>\u00a0mercredi 17\u00a0d\u00e9cembre de 16\u2009h\u200930 \u00e0 19\u2009h\u200930 en d\u00e9ambulation<\/li>\n<li><b>Lutin sculpteur de ballons<\/b>\u00a0mercredi 23\u00a0d\u00e9cembre de 14\u2009h \u00e0 17\u2009h sous le carport.<\/li>\n<\/ul>\n<p class=\" wall-content\">Vous savez l\u2019essentiel\u2009! Pour rester au courant des informations li\u00e9es \u00e0 l\u2019\u00e9v\u00e9nement, rendez-vous <a href=\"https:\/\/noel-a-lille.com\/\" target=\"_blank\" rel=\"noopener\">sur le site officiel d\u00e9di\u00e9 au Village de No\u00ebl de Lille<\/a>.<\/p>\n<p class=\" wall-content\">Personnalisez votre actualit\u00e9 en ajoutant vos villes et m\u00e9dias en favori avec <a href=\"https:\/\/moncompte.actu.fr\" title=\"D\u00e9couvez Mon Actu\" rel=\"nofollow noopener\" data-trk=\"{&quot;cta&quot;:{&quot;action&quot;:&quot;https:\\\/\\\/moncompte.actu.fr&quot;,&quot;category&quot;:&quot;mon compte&quot;,&quot;from&quot;:&quot;article footer&quot;,&quot;name&quot;:&quot;Mon actu&quot;,&quot;type&quot;:&quot;cta&quot;}}\" target=\"_blank\">Mon Actu<\/a>.<\/p>\n","protected":false},"excerpt":{"rendered":"Par Amandine Vachez Publi\u00e9 le 4 nov. 2025 \u00e0 16h48 Il y a quelques jours, on entendait \u00ab\u2009des&hellip;\n","protected":false},"author":2,"featured_media":511745,"comment_status":"","ping_status":"","sticky":false,"template":"","format":"standard","meta":{"footnotes":""},"categories":[2815],"tags":[1111,11,1777,674,1011,27,811,1307,1652,12,15830,25],"class_list":{"0":"post-511744","1":"post","2":"type-post","3":"status-publish","4":"format-standard","5":"has-post-thumbnail","7":"category-lille","8":"tag-actu","9":"tag-actualites","10":"tag-eu","11":"tag-europe","12":"tag-fr","13":"tag-france","14":"tag-hauts-de-france","15":"tag-lille","16":"tag-loisirs-culture","17":"tag-news","18":"tag-noel","19":"tag-republique-francaise"},"share_on_mastodon":{"url":"https:\/\/pubeurope.com\/@fr\/115492902925002999","error":""},"_links":{"self":[{"href":"https:\/\/www.europesays.com\/fr\/wp-json\/wp\/v2\/posts\/511744","targetHints":{"allow":["GET"]}}],"collection":[{"href":"https:\/\/www.europesays.com\/fr\/wp-json\/wp\/v2\/posts"}],"about":[{"href":"https:\/\/www.europesays.com\/fr\/wp-json\/wp\/v2\/types\/post"}],"author":[{"embeddable":true,"href":"https:\/\/www.europesays.com\/fr\/wp-json\/wp\/v2\/users\/2"}],"replies":[{"embeddable":true,"href":"https:\/\/www.europesays.com\/fr\/wp-json\/wp\/v2\/comments?post=511744"}],"version-history":[{"count":0,"href":"https:\/\/www.europesays.com\/fr\/wp-json\/wp\/v2\/posts\/511744\/revisions"}],"wp:featuredmedia":[{"embeddable":true,"href":"https:\/\/www.europesays.com\/fr\/wp-json\/wp\/v2\/media\/511745"}],"wp:attachment":[{"href":"https:\/\/www.europesays.com\/fr\/wp-json\/wp\/v2\/media?parent=511744"}],"wp:term":[{"taxonomy":"category","embeddable":true,"href":"https:\/\/www.europesays.com\/fr\/wp-json\/wp\/v2\/categories?post=511744"},{"taxonomy":"post_tag","embeddable":true,"href":"https:\/\/www.europesays.com\/fr\/wp-json\/wp\/v2\/tags?post=511744"}],"curies":[{"name":"wp","href":"https:\/\/api.w.org\/{rel}","templated":true}]}}