{"id":511748,"date":"2025-11-04T18:44:11","date_gmt":"2025-11-04T18:44:11","guid":{"rendered":"https:\/\/www.europesays.com\/fr\/511748\/"},"modified":"2025-11-04T18:44:11","modified_gmt":"2025-11-04T18:44:11","slug":"au-proces-du-meurtre-de-la-paternelle-a-marseille-recit-dune-traque","status":"publish","type":"post","link":"https:\/\/www.europesays.com\/fr\/511748\/","title":{"rendered":"au proc\u00e8s du meurtre de La Paternelle \u00e0 Marseille, r\u00e9cit d&rsquo;une traque"},"content":{"rendered":"<p>Ils sont amis d\u2019enfance, \u00ab\u00a0comme des fr\u00e8res\u00a0\u00bb, soulignent leurs proches \u00e0 l\u2019envi. Medy Zrida et Miguel Gomis, 28 et 30\u00a0ans, consid\u00e9r\u00e9s comme \u00ab\u00a0les lieutenants\u00a0\u00bb <a href=\"https:\/\/www.laprovence.com\/article\/faits-divers-justice\/66326317979277\/plongee-dans-la-paternelle-cite-au-coeur-d-une-guerre-inedite-pour-le-controle-de-la-drogue-a-marseille\" target=\"_blank\" rel=\"noopener\">du r\u00e9seau de narcotrafiquants de La Paternelle<\/a> \u00e0 <a href=\"https:\/\/www.laprovence.com\/bouches-du-rhone\/marseille-13055\" target=\"_blank\" rel=\"noopener\">Marseille<\/a> et auteurs <a href=\"https:\/\/www.laprovence.com\/article\/faits-divers-justice\/1082025848754715\/aux-assises-les-proches-d-un-jeune-battu-a-mort-sur-un-plan-stup-de-la-paternelle-en-quete-de-justice\" target=\"_blank\" rel=\"noopener\">des coups mortels port\u00e9s \u00e0 Abdel Hakim le 22\u00a0mai\u00a02019<\/a>, ont \u00e9t\u00e9 pendant les deux ann\u00e9es suivantes au c\u0153ur d\u2019une formidable chasse \u00e0 l\u2019homme. Au deuxi\u00e8me jour d\u2019audience du proc\u00e8s dans lequel ils sont poursuivis pour meurtre aux c\u00f4t\u00e9s de deux co-accus\u00e9s, le directeur d\u2019enqu\u00eate est venu ce mardi 4\u00a0novembre remonter le fil d\u2019une traque complexe et parfois rocambolesque.<\/p>\n<p>Frapp\u00e9e puis d\u00e9pos\u00e9e \u00e0 l\u2019h\u00f4pital dans la nuit du 22 au 23\u00a0mai\u00a02019, la victime, un \u00ab\u00a0ravitailleur\u00a0\u00bb de 19\u00a0ans soup\u00e7onn\u00e9 d\u2019avoir d\u00e9tourn\u00e9 des stup\u00e9fiants, est d\u00e9c\u00e9d\u00e9e des suites de ses blessures \u00e0 la t\u00eate trois jours plus tard. Dans la foul\u00e9e, les enqu\u00eateurs avaient \u00e9t\u00e9 destinataires de renseignements anonymes puis d\u2019un t\u00e9moignage sous X corrobor\u00e9 par des \u00e9coutes t\u00e9l\u00e9phoniques d\u00e9non\u00e7ant Miguel Gomis et Medy Zrida.<\/p>\n<p>Trois tentatives d\u2019interpellations rat\u00e9es<\/p>\n<p>Mais une tentative d\u2019interpellation rat\u00e9e du premier, le 2\u00a0d\u00e9cembre\u00a02019, avait mis le tandem en alerte. Apr\u00e8s avoir fui de la voiture de sa ma\u00eetresse&#8230;<\/p>\n","protected":false},"excerpt":{"rendered":"Ils sont amis d\u2019enfance, \u00ab\u00a0comme des fr\u00e8res\u00a0\u00bb, soulignent leurs proches \u00e0 l\u2019envi. Medy Zrida et Miguel Gomis, 28&hellip;\n","protected":false},"author":2,"featured_media":511749,"comment_status":"","ping_status":"","sticky":false,"template":"","format":"standard","meta":{"footnotes":""},"categories":[2814],"tags":[17,1111,11,31908,123,1777,674,274,1011,27,15516,884,777,12,63251,2694,882,63250,25],"class_list":{"0":"post-511748","1":"post","2":"type-post","3":"status-publish","4":"format-standard","5":"has-post-thumbnail","7":"category-marseille","8":"tag-17","9":"tag-actu","10":"tag-actualites","11":"tag-cavale","12":"tag-espagne","13":"tag-eu","14":"tag-europe","15":"tag-faits-divers-justice","16":"tag-fr","17":"tag-france","18":"tag-interpellations","19":"tag-marseille","20":"tag-meurtre","21":"tag-news","22":"tag-paternelle","23":"tag-proces","24":"tag-provence-alpes-cote-dazur","25":"tag-ratees","26":"tag-republique-francaise"},"share_on_mastodon":{"url":"https:\/\/pubeurope.com\/@fr\/115492910869254073","error":""},"_links":{"self":[{"href":"https:\/\/www.europesays.com\/fr\/wp-json\/wp\/v2\/posts\/511748","targetHints":{"allow":["GET"]}}],"collection":[{"href":"https:\/\/www.europesays.com\/fr\/wp-json\/wp\/v2\/posts"}],"about":[{"href":"https:\/\/www.europesays.com\/fr\/wp-json\/wp\/v2\/types\/post"}],"author":[{"embeddable":true,"href":"https:\/\/www.europesays.com\/fr\/wp-json\/wp\/v2\/users\/2"}],"replies":[{"embeddable":true,"href":"https:\/\/www.europesays.com\/fr\/wp-json\/wp\/v2\/comments?post=511748"}],"version-history":[{"count":0,"href":"https:\/\/www.europesays.com\/fr\/wp-json\/wp\/v2\/posts\/511748\/revisions"}],"wp:featuredmedia":[{"embeddable":true,"href":"https:\/\/www.europesays.com\/fr\/wp-json\/wp\/v2\/media\/511749"}],"wp:attachment":[{"href":"https:\/\/www.europesays.com\/fr\/wp-json\/wp\/v2\/media?parent=511748"}],"wp:term":[{"taxonomy":"category","embeddable":true,"href":"https:\/\/www.europesays.com\/fr\/wp-json\/wp\/v2\/categories?post=511748"},{"taxonomy":"post_tag","embeddable":true,"href":"https:\/\/www.europesays.com\/fr\/wp-json\/wp\/v2\/tags?post=511748"}],"curies":[{"name":"wp","href":"https:\/\/api.w.org\/{rel}","templated":true}]}}