{"id":511760,"date":"2025-11-04T18:51:20","date_gmt":"2025-11-04T18:51:20","guid":{"rendered":"https:\/\/www.europesays.com\/fr\/511760\/"},"modified":"2025-11-04T18:51:20","modified_gmt":"2025-11-04T18:51:20","slug":"le-parquet-de-paris-ouvre-une-enquete-sur-tiktok","status":"publish","type":"post","link":"https:\/\/www.europesays.com\/fr\/511760\/","title":{"rendered":"Le parquet de Paris ouvre une enqu\u00eate sur TikTok"},"content":{"rendered":"<p class=\"mb-4 text-lg md:leading-8 break-words\"><strong>R\u00e9seaux dangereux &#8211; Le parquet de Paris ouvre ce mardi une enqu\u00eate pr\u00e9liminaire concernant TikTok, notamment apr\u00e8s la commission d\u2019enqu\u00eate parlementaire sur les effets psychologiques de la plateforme<\/strong><\/p>\n<p class=\"mb-4 text-lg md:leading-8 break-words\">Le <a href=\"https:\/\/www.20minutes.fr\/dossier\/parquet_de_paris?at_medium=RSS%20feed&amp;at_campaign=ynews&amp;utm_source=yahoo&amp;utm_medium=rss&amp;utm_campaign=news_feed&amp;utm_content=in_article_link\" rel=\"nofollow noopener\" target=\"_blank\" data-ylk=\"slk:parquet de Paris;elm:context_link;itc:0;sec:content-canvas\" class=\"link \">parquet de Paris<\/a> annonce ouvrir une enqu\u00eate pr\u00e9liminaire concernant <a href=\"https:\/\/www.20minutes.fr\/high-tech\/tiktok\/?at_medium=RSS%20feed&amp;at_campaign=ynews&amp;utm_source=yahoo&amp;utm_medium=rss&amp;utm_campaign=news_feed&amp;utm_content=in_article_link\" rel=\"nofollow noopener\" target=\"_blank\" data-ylk=\"slk:TikTok;elm:context_link;itc:0;sec:content-canvas\" class=\"link \">TikTok<\/a>. Saisie le 11\u00a0septembre par le d\u00e9put\u00e9 <a href=\"https:\/\/www.20minutes.fr\/politique\/ps\/?at_medium=RSS%20feed&amp;at_campaign=ynews&amp;utm_source=yahoo&amp;utm_medium=rss&amp;utm_campaign=news_feed&amp;utm_content=in_article_link\" rel=\"nofollow noopener\" target=\"_blank\" data-ylk=\"slk:PS;elm:context_link;itc:0;sec:content-canvas\" class=\"link \">PS<\/a> Arthur Delaporte <a href=\"https:\/\/www.20minutes.fr\/societe\/4172412-20250911-commission-parlementaire-tiktok-demande-interdiction-moins-15-ans?at_medium=RSS%20feed&amp;at_campaign=ynews&amp;utm_source=yahoo&amp;utm_medium=rss&amp;utm_campaign=news_feed&amp;utm_content=in_article_link\" rel=\"nofollow noopener\" target=\"_blank\" data-ylk=\"slk:\u00e0 l\u2019issue de la commission d\u2019enqu\u00eate parlementaire sur les effets psychologiques de la plateforme;elm:context_link;itc:0;sec:content-canvas\" class=\"link \">\u00e0 l\u2019issue de la commission d\u2019enqu\u00eate parlementaire sur les effets psychologiques de la plateforme<\/a>, le parquet rel\u00e8ve une mod\u00e9ration insuffisante de la part de TikTok, et les effets psychologiques des bulles de contenus sur la <a href=\"https:\/\/www.20minutes.fr\/sante\/sante-mentale\/?at_medium=RSS%20feed&amp;at_campaign=ynews&amp;utm_source=yahoo&amp;utm_medium=rss&amp;utm_campaign=news_feed&amp;utm_content=in_article_link\" rel=\"nofollow noopener\" target=\"_blank\" data-ylk=\"slk:sant\u00e9 mentale;elm:context_link;itc:0;sec:content-canvas\" class=\"link \">sant\u00e9 mentale<\/a> et l\u2019incitation au <a href=\"https:\/\/www.20minutes.fr\/dossier\/suicide?at_medium=RSS%20feed&amp;at_campaign=ynews&amp;utm_source=yahoo&amp;utm_medium=rss&amp;utm_campaign=news_feed&amp;utm_content=in_article_link\" rel=\"nofollow noopener\" target=\"_blank\" data-ylk=\"slk:suicide;elm:context_link;itc:0;sec:content-canvas\" class=\"link \">suicide<\/a>.<\/p>\n<p class=\"mb-4 text-lg md:leading-8 break-words\">L\u2019enqu\u00eate porte plus pr\u00e9cis\u00e9ment sur des infractions de fourniture de plateforme en ligne pour permettre une transaction illicite en bande organis\u00e9e, alt\u00e9ration du fonctionnement d\u2019un syst\u00e8me de traitement automatis\u00e9 de donn\u00e9es en bande organis\u00e9e et propagande en faveur de produit, objet ou m\u00e9thode pr\u00e9conis\u00e9s comme moyens de se donner la mort. Trois d\u00e9lits passibles de lourdes amendes, voire de peines de prison.<\/p>\n<p>Publicit\u00e9<\/p>\n<p>Publicit\u00e9<\/p>\n<p>Publicit\u00e9<\/p>\n<p>Publicit\u00e9<\/p>\n<p class=\"mb-4 text-lg md:leading-8 break-words\">A cette analyse, la section de lutte contre la cybercriminalit\u00e9 du parquet de Paris a joint des \u00e9l\u00e9ments issus du rapport du S\u00e9nat de\u00a02023 sur la s\u00e9curit\u00e9 des donn\u00e9es, le rapport d\u2019<a href=\"https:\/\/www.20minutes.fr\/monde\/amnesty_international\/?at_medium=RSS%20feed&amp;at_campaign=ynews&amp;utm_source=yahoo&amp;utm_medium=rss&amp;utm_campaign=news_feed&amp;utm_content=in_article_link\" rel=\"nofollow noopener\" target=\"_blank\" data-ylk=\"slk:Amnesty International;elm:context_link;itc:0;sec:content-canvas\" class=\"link \">Amnesty International<\/a> de\u00a02023 sur l\u2019incitation \u00e0 l\u2019automutilation et au suicide (<a href=\"https:\/\/www.20minutes.fr\/high-tech\/by-the-web\/4180356-20251021-tiktok-videos-suicide-quelques-heures-amnesty-pointe-risques-appli-sante-mentale-ados?at_medium=RSS%20feed&amp;at_campaign=ynews&amp;utm_source=yahoo&amp;utm_medium=rss&amp;utm_campaign=news_feed&amp;utm_content=in_article_link\" rel=\"nofollow noopener\" target=\"_blank\" data-ylk=\"slk:qui a connu une autre version il y a quelques semaines;elm:context_link;itc:0;sec:content-canvas\" class=\"link \">qui a connu une autre version il y a quelques semaines<\/a>), ainsi qu\u2019un rapport de l\u2019organisme Viginum de\u00a02025 sur un risque de manipulation de l\u2019opinion publique. L\u2019enqu\u00eate a \u00e9t\u00e9 confi\u00e9e \u00e0 la BL2C, Brigade de lutte contre la cybercriminalit\u00e9, de la pr\u00e9fecture de police de Paris.<\/p>\n<p class=\"mb-4 text-lg md:leading-8 break-words\"><a href=\"https:\/\/www.20minutes.fr\/high-tech\/by-the-web\/4183581-20251104-parquet-paris-ouvre-enquete-tiktok?at_medium=RSS%20feed&amp;at_campaign=ynews&amp;utm_source=yahoo&amp;utm_medium=rss&amp;utm_campaign=news_feed&amp;utm_content=read_more_link&quot;\" rel=\"nofollow noopener\" target=\"_blank\" data-ylk=\"slk:Lire la suite sur 20minutes;elm:context_link;itc:0;sec:content-canvas\" class=\"link \">Lire la suite sur 20minutes<\/a><\/p>\n<p>\u00c0 lire aussi :<br \/><a href=\"https:\/\/www.20minutes.fr\/societe\/4169592-20250826-mort-jean-pormanove-parquet-paris-ouvre-enquete-plateforme-kick?at_medium=RSS%20feed&amp;at_campaign=ynews&amp;utm_source=yahoo&amp;utm_medium=rss&amp;utm_campaign=news_feed&amp;utm_content=related_content_link\" rel=\"nofollow noopener\" target=\"_blank\" data-ylk=\"slk:Mort de Jean Pormanove\u00a0: Le parquet de Paris ouvre une enqu\u00eate sur la plateforme Kick;elm:context_link;itc:0;sec:content-canvas\" class=\"link \">Mort de Jean Pormanove\u00a0: Le parquet de Paris ouvre une enqu\u00eate sur la plateforme Kick<\/a><br \/><a href=\"https:\/\/www.20minutes.fr\/high-tech\/by-the-web\/4172467-20250911-commission-enquete-tiktok-quoi-pourrait-ressembler-delit-negligence-numerique?at_medium=RSS%20feed&amp;at_campaign=ynews&amp;utm_source=yahoo&amp;utm_medium=rss&amp;utm_campaign=news_feed&amp;utm_content=related_content_link\" rel=\"nofollow noopener\" target=\"_blank\" data-ylk=\"slk:Commission d\u2019enqu\u00eate sur TikTok\u00a0: A quoi pourrait ressembler le d\u00e9lit de n\u00e9gligence num\u00e9rique\u00a0?;elm:context_link;itc:0;sec:content-canvas\" class=\"link \">Commission d\u2019enqu\u00eate sur TikTok\u00a0: A quoi pourrait ressembler le d\u00e9lit de n\u00e9gligence num\u00e9rique\u00a0?<\/a><\/p>\n","protected":false},"excerpt":{"rendered":"R\u00e9seaux dangereux &#8211; Le parquet de Paris ouvre ce mardi une enqu\u00eate pr\u00e9liminaire concernant TikTok, notamment apr\u00e8s la&hellip;\n","protected":false},"author":2,"featured_media":511761,"comment_status":"","ping_status":"","sticky":false,"template":"","format":"standard","meta":{"footnotes":""},"categories":[1888],"tags":[1111,1928,11,1927,5137,63252,1777,674,1011,27,8017,63253,12,1926,626,1925,25,2439],"class_list":{"0":"post-511760","1":"post","2":"type-post","3":"status-publish","4":"format-standard","5":"has-post-thumbnail","7":"category-paris","8":"tag-actu","9":"tag-actu-paris","10":"tag-actualites","11":"tag-actualites-paris","12":"tag-commission-denquete","13":"tag-enquete-preliminaire","14":"tag-eu","15":"tag-europe","16":"tag-fr","17":"tag-france","18":"tag-la-plateforme","19":"tag-manipulation-de-lopinion-publique","20":"tag-news","21":"tag-news-paris","22":"tag-paris","23":"tag-paris-news","24":"tag-republique-francaise","25":"tag-tiktok"},"share_on_mastodon":{"url":"https:\/\/pubeurope.com\/@fr\/115492938287801717","error":""},"_links":{"self":[{"href":"https:\/\/www.europesays.com\/fr\/wp-json\/wp\/v2\/posts\/511760","targetHints":{"allow":["GET"]}}],"collection":[{"href":"https:\/\/www.europesays.com\/fr\/wp-json\/wp\/v2\/posts"}],"about":[{"href":"https:\/\/www.europesays.com\/fr\/wp-json\/wp\/v2\/types\/post"}],"author":[{"embeddable":true,"href":"https:\/\/www.europesays.com\/fr\/wp-json\/wp\/v2\/users\/2"}],"replies":[{"embeddable":true,"href":"https:\/\/www.europesays.com\/fr\/wp-json\/wp\/v2\/comments?post=511760"}],"version-history":[{"count":0,"href":"https:\/\/www.europesays.com\/fr\/wp-json\/wp\/v2\/posts\/511760\/revisions"}],"wp:featuredmedia":[{"embeddable":true,"href":"https:\/\/www.europesays.com\/fr\/wp-json\/wp\/v2\/media\/511761"}],"wp:attachment":[{"href":"https:\/\/www.europesays.com\/fr\/wp-json\/wp\/v2\/media?parent=511760"}],"wp:term":[{"taxonomy":"category","embeddable":true,"href":"https:\/\/www.europesays.com\/fr\/wp-json\/wp\/v2\/categories?post=511760"},{"taxonomy":"post_tag","embeddable":true,"href":"https:\/\/www.europesays.com\/fr\/wp-json\/wp\/v2\/tags?post=511760"}],"curies":[{"name":"wp","href":"https:\/\/api.w.org\/{rel}","templated":true}]}}