{"id":511764,"date":"2025-11-04T18:53:10","date_gmt":"2025-11-04T18:53:10","guid":{"rendered":"https:\/\/www.europesays.com\/fr\/511764\/"},"modified":"2025-11-04T18:53:10","modified_gmt":"2025-11-04T18:53:10","slug":"cecile-kohler-et-jacques-paris-retenus-en-iran-depuis-mai-2022-ont-ete-liberes-liberation","status":"publish","type":"post","link":"https:\/\/www.europesays.com\/fr\/511764\/","title":{"rendered":"C\u00e9cile Kohler et Jacques Paris, retenus en Iran depuis mai\u00a02022, ont \u00e9t\u00e9 lib\u00e9r\u00e9s \u2013 Lib\u00e9ration"},"content":{"rendered":"<p class=\"sc-cPiKLX AiZTS text-element\">Un \u00absoulagement immense\u00bb. <a href=\"https:\/\/www.liberation.fr\/international\/moyen-orient\/cecile-kohler-et-jacques-denis-detenus-en-iran-sont-en-train-de-mourir-a-petit-feu-alertent-leurs-proches-20250305_UKCCFCBLORFFXFJ5KYE7S7BBSY\/\" target=\"_blank\" rel=\"noreferrer noopener\" title=\"https:\/\/www.liberation.fr\/international\/moyen-orient\/cecile-kohler-et-jacques-denis-detenus-en-iran-sont-en-train-de-mourir-a-petit-feu-alertent-leurs-proches-20250305_UKCCFCBLORFFXFJ5KYE7S7BBSY\/\">C\u00e9cile Kohler et Jacques Paris<\/a>, deux Fran\u00e7ais d\u00e9tenus en Iran depuis trois\u00a0ans, ont \u00e9t\u00e9 lib\u00e9r\u00e9s et \u00absont sortis de la prison d\u2019Evin\u00bb, annonce Emmanuel Macron ce mardi 4\u00a0novembre au soir sur X. Ils sont \u00aben route pour l\u2019Ambassade de France \u00e0 T\u00e9h\u00e9ran\u00bb, pr\u00e9cise le pr\u00e9sident de la R\u00e9publique.<\/p>\n<p class=\"sc-cPiKLX AiZTS text-element\">\u00abJe me f\u00e9licite de cette premi\u00e8re \u00e9tape. Le dialogue se poursuit pour permettre leur retour en France le plus rapidement possible\u00bb, a-t-il ajout\u00e9.<\/p>\n<p class=\"sc-cPiKLX AiZTS text-element\">Les avocats des deux Fran\u00e7ais sortis de prison en Iran ce mardi ont salu\u00e9 un \u00abjour nouveau\u00bb pour eux, \u00abmettant fin \u00e0 leur d\u00e9tention arbitraire qui a dur\u00e9 1277 jours\u00bb.<\/p>\n<p class=\"sc-cPiKLX AiZTS text-element\">\u00abNous veillerons \u00e0 ce qu\u2019un jour justice puisse \u00eatre rendue\u00bb pour C\u00e9cile Kohler et Jacques Paris, \u00abdont les droits ont \u00e9t\u00e9 bafou\u00e9s chaque jour depuis ce 7\u00a0mai 2022\u00bb, ont d\u00e9clar\u00e9 ma\u00eetres Martin Pradel, Chirinne Ardakani, Emma Villard et Karine Rivoallan dans un communiqu\u00e9 transmis \u00e0 l\u2019AFP.<\/p>\n<p class=\"sc-cPiKLX AiZTS text-element\"><b>Plus d\u2019informations \u00e0 venir\u2026<\/b><\/p>\n","protected":false},"excerpt":{"rendered":"Un \u00absoulagement immense\u00bb. C\u00e9cile Kohler et Jacques Paris, deux Fran\u00e7ais d\u00e9tenus en Iran depuis trois\u00a0ans, ont \u00e9t\u00e9 lib\u00e9r\u00e9s&hellip;\n","protected":false},"author":2,"featured_media":511765,"comment_status":"","ping_status":"","sticky":false,"template":"","format":"standard","meta":{"footnotes":""},"categories":[1888],"tags":[11,1777,674,1011,27,3019,12,35212,626,25],"class_list":{"0":"post-511764","1":"post","2":"type-post","3":"status-publish","4":"format-standard","5":"has-post-thumbnail","7":"category-paris","8":"tag-actualites","9":"tag-eu","10":"tag-europe","11":"tag-fr","12":"tag-france","13":"tag-iran","14":"tag-news","15":"tag-otages-francais","16":"tag-paris","17":"tag-republique-francaise"},"share_on_mastodon":{"url":"https:\/\/pubeurope.com\/@fr\/115492946241936252","error":""},"_links":{"self":[{"href":"https:\/\/www.europesays.com\/fr\/wp-json\/wp\/v2\/posts\/511764","targetHints":{"allow":["GET"]}}],"collection":[{"href":"https:\/\/www.europesays.com\/fr\/wp-json\/wp\/v2\/posts"}],"about":[{"href":"https:\/\/www.europesays.com\/fr\/wp-json\/wp\/v2\/types\/post"}],"author":[{"embeddable":true,"href":"https:\/\/www.europesays.com\/fr\/wp-json\/wp\/v2\/users\/2"}],"replies":[{"embeddable":true,"href":"https:\/\/www.europesays.com\/fr\/wp-json\/wp\/v2\/comments?post=511764"}],"version-history":[{"count":0,"href":"https:\/\/www.europesays.com\/fr\/wp-json\/wp\/v2\/posts\/511764\/revisions"}],"wp:featuredmedia":[{"embeddable":true,"href":"https:\/\/www.europesays.com\/fr\/wp-json\/wp\/v2\/media\/511765"}],"wp:attachment":[{"href":"https:\/\/www.europesays.com\/fr\/wp-json\/wp\/v2\/media?parent=511764"}],"wp:term":[{"taxonomy":"category","embeddable":true,"href":"https:\/\/www.europesays.com\/fr\/wp-json\/wp\/v2\/categories?post=511764"},{"taxonomy":"post_tag","embeddable":true,"href":"https:\/\/www.europesays.com\/fr\/wp-json\/wp\/v2\/tags?post=511764"}],"curies":[{"name":"wp","href":"https:\/\/api.w.org\/{rel}","templated":true}]}}