{"id":511768,"date":"2025-11-04T18:55:13","date_gmt":"2025-11-04T18:55:13","guid":{"rendered":"https:\/\/www.europesays.com\/fr\/511768\/"},"modified":"2025-11-04T18:55:13","modified_gmt":"2025-11-04T18:55:13","slug":"la-russie-menace-durable-pour-leurope-et-le-retour-des-soldats-de-kim-jong-un","status":"publish","type":"post","link":"https:\/\/www.europesays.com\/fr\/511768\/","title":{"rendered":"La Russie \u00ab menace durable \u00bb pour l\u2019Europe, et le retour des soldats de Kim Jong-un"},"content":{"rendered":"<p class=\"mb-4 text-lg md:leading-8 break-words\"><strong>R\u00e9cap&rsquo; &#8211; \u00ab\u00a020 Minutes\u00a0\u00bb fait le point pour vous tous les soirs sur le conflit en Ukraine. Ce mardi, des experts ont confirm\u00e9 que l\u2019Europe devait se \u00ab\u00a0muscler\u00a0\u00bb face \u00e0 la \u00ab\u00a0menace durable\u00a0\u00bb que repr\u00e9sente la Russie<\/strong><\/p>\n<p class=\"mb-4 text-lg md:leading-8 break-words\">Vous avez rat\u00e9 les derniers \u00e9v\u00e9nements sur la <a href=\"https:\/\/www.20minutes.fr\/monde\/ukraine\/?at_medium=RSS%20feed&amp;at_campaign=ynews&amp;utm_source=yahoo&amp;utm_medium=rss&amp;utm_campaign=news_feed&amp;utm_content=in_article_link\" rel=\"nofollow noopener\" target=\"_blank\" data-ylk=\"slk:guerre en Ukraine;elm:context_link;itc:0;sec:content-canvas\" class=\"link \">guerre en Ukraine<\/a>\u00a0? 20 Minutes fait le point pour vous tous les soirs. Voici l\u2019essentiel de ce mardi 4\u00a0novembre, 1.350e jour du conflit.<\/p>\n<p>Le fait du jour<\/p>\n<p class=\"mb-4 text-lg md:leading-8 break-words\">Le chemin sera encore long, mais les n\u00e9gociations sur l\u2019int\u00e9gration de l\u2019Ukraine dans l\u2019Union europ\u00e9enne sont sur le point de franchir un nouveau palier. Dans un rapport annuel sur les dix pays qui souhaitent rejoindre l\u2019<a href=\"https:\/\/www.20minutes.fr\/dossier\/ue?at_medium=RSS%20feed&amp;at_campaign=ynews&amp;utm_source=yahoo&amp;utm_medium=rss&amp;utm_campaign=news_feed&amp;utm_content=in_article_link\" rel=\"nofollow noopener\" target=\"_blank\" data-ylk=\"slk:UE;elm:context_link;itc:0;sec:content-canvas\" class=\"link \">UE<\/a>, la commission rel\u00e8ve que le pays est celui, avec la Moldavie, qui a montr\u00e9 le plus grand engagement. \u00ab\u00a0Il y a toutes les raisons de s\u2019attendre \u00e0 un r\u00e9sultat positif pour nous\u00a0\u00bb, a d\u2019ailleurs jug\u00e9 le pr\u00e9sident ukrainien <a href=\"https:\/\/www.20minutes.fr\/monde\/volodymyr-zelensky\/?at_medium=RSS%20feed&amp;at_campaign=ynews&amp;utm_source=yahoo&amp;utm_medium=rss&amp;utm_campaign=news_feed&amp;utm_content=in_article_link\" rel=\"nofollow noopener\" target=\"_blank\" data-ylk=\"slk:Volodymyr Zelensky;elm:context_link;itc:0;sec:content-canvas\" class=\"link \">Volodymyr Zelensky<\/a>.<\/p>\n<p class=\"mb-4 text-lg md:leading-8 break-words\">Mais il lui reste deux obstacles de taille \u00e0 franchir. Lutter plus efficacement contre la corruption d\u2019abord. \u00ab\u00a0Les tendances n\u00e9gatives r\u00e9centes, notamment une pression croissante sur les agences sp\u00e9cialis\u00e9es dans la lutte contre la corruption et sur la soci\u00e9t\u00e9 civile, doivent \u00eatre invers\u00e9es de mani\u00e8re d\u00e9cisive\u00a0\u00bb, note ainsi l\u2019ex\u00e9cutif europ\u00e9en. Et convaincre la Hongrie de <a href=\"https:\/\/www.20minutes.fr\/dossier\/viktor_orban?at_medium=RSS%20feed&amp;at_campaign=ynews&amp;utm_source=yahoo&amp;utm_medium=rss&amp;utm_campaign=news_feed&amp;utm_content=in_article_link\" rel=\"nofollow noopener\" target=\"_blank\" data-ylk=\"slk:Viktor Orb\u00e1n;elm:context_link;itc:0;sec:content-canvas\" class=\"link \">Viktor Orb\u00e1n<\/a>, proche de <a href=\"https:\/\/www.20minutes.fr\/monde\/vladimir_poutine\/?at_medium=RSS%20feed&amp;at_campaign=ynews&amp;utm_source=yahoo&amp;utm_medium=rss&amp;utm_campaign=news_feed&amp;utm_content=in_article_link\" rel=\"nofollow noopener\" target=\"_blank\" data-ylk=\"slk:Vladimir Poutine;elm:context_link;itc:0;sec:content-canvas\" class=\"link \">Vladimir Poutine<\/a>, de ne pas exercer son droit de veto \u00e0 chaque nouvelle \u00e9tape. \u00ab\u00a0Nous aimerions vraiment que le Premier ministre hongrois nous soutienne, ou du moins qu\u2019il ne nous bloque pas\u00a0\u00bb, a lanc\u00e9 le pr\u00e9sident ukrainien depuis Bruxelles. Rien n\u2019est moins s\u00fbr.<\/p>\n<p>La d\u00e9claration du jour<\/p>\n<p class=\"mb-4 text-lg md:leading-8 break-words\">La Russie b\u00e9n\u00e9ficie fondamentalement d\u2019un avantage dans le domaine terrestre par sa puissance de feu et par sa masse, par rapport \u00e0 des arm\u00e9es euro(&#8230;)<\/p>\n<p class=\"mb-4 text-lg md:leading-8 break-words\"><a href=\"https:\/\/www.20minutes.fr\/monde\/ukraine\/4183572-20251104-guerre-ukraine-russie-menace-durable-europe-retour-soldats-kim-jong?at_medium=RSS%20feed&amp;at_campaign=ynews&amp;utm_source=yahoo&amp;utm_medium=rss&amp;utm_campaign=news_feed&amp;utm_content=read_more_link&quot;\" rel=\"nofollow noopener\" target=\"_blank\" data-ylk=\"slk:Lire la suite sur 20minutes;elm:context_link;itc:0;sec:content-canvas\" class=\"link \">Lire la suite sur 20minutes<\/a><\/p>\n<p>\u00c0 lire aussi :<br \/><a href=\"https:\/\/www.20minutes.fr\/monde\/ukraine\/4183337-20251103-guerre-ukraine-trump-accuse-russie-mener-essais-nucleaires-troupes-moscou-avancent-front?at_medium=RSS%20feed&amp;at_campaign=ynews&amp;utm_source=yahoo&amp;utm_medium=rss&amp;utm_campaign=news_feed&amp;utm_content=related_content_link\" rel=\"nofollow noopener\" target=\"_blank\" data-ylk=\"slk:Guerre en Ukraine\u00a0: Trump accuse la Russie de mener des essais nucl\u00e9aires, les troupes de Moscou avancent sur le front;elm:context_link;itc:0;sec:content-canvas\" class=\"link \">Guerre en Ukraine\u00a0: Trump accuse la Russie de mener des essais nucl\u00e9aires, les troupes de Moscou avancent sur le front<\/a><br \/><a href=\"https:\/\/www.20minutes.fr\/monde\/ukraine\/4183051-20251102-guerre-ukraine-six-morts-dont-deux-enfants-frappes-russes-belgique-nouveau-survolee-drones?at_medium=RSS%20feed&amp;at_campaign=ynews&amp;utm_source=yahoo&amp;utm_medium=rss&amp;utm_campaign=news_feed&amp;utm_content=related_content_link\" rel=\"nofollow noopener\" target=\"_blank\" data-ylk=\"slk:Guerre en Ukraine\u00a0: Six morts dont deux enfants dans des frappes russes, la Belgique de nouveau survol\u00e9e par des drones;elm:context_link;itc:0;sec:content-canvas\" class=\"link \">Guerre en Ukraine\u00a0: Six morts dont deux enfants dans des frappes russes, la Belgique de nouveau survol\u00e9e par des drones<\/a><\/p>\n","protected":false},"excerpt":{"rendered":"R\u00e9cap&rsquo; &#8211; \u00ab\u00a020 Minutes\u00a0\u00bb fait le point pour vous tous les soirs sur le conflit en Ukraine. Ce&hellip;\n","protected":false},"author":2,"featured_media":511769,"comment_status":"","ping_status":"","sticky":false,"template":"","format":"standard","meta":{"footnotes":""},"categories":[1590],"tags":[642,11,1777,674,2489,23800,1739,12,63254,132,220],"class_list":{"0":"post-511768","1":"post","2":"type-post","3":"status-publish","4":"format-standard","5":"has-post-thumbnail","7":"category-ukraine","8":"tag-20-minutes","9":"tag-actualites","10":"tag-eu","11":"tag-europe","12":"tag-la-russie","13":"tag-le-pays","14":"tag-le-point","15":"tag-news","16":"tag-puissance-de-feu","17":"tag-russie","18":"tag-ukraine"},"share_on_mastodon":{"url":"https:\/\/pubeurope.com\/@fr\/115492954085648840","error":""},"_links":{"self":[{"href":"https:\/\/www.europesays.com\/fr\/wp-json\/wp\/v2\/posts\/511768","targetHints":{"allow":["GET"]}}],"collection":[{"href":"https:\/\/www.europesays.com\/fr\/wp-json\/wp\/v2\/posts"}],"about":[{"href":"https:\/\/www.europesays.com\/fr\/wp-json\/wp\/v2\/types\/post"}],"author":[{"embeddable":true,"href":"https:\/\/www.europesays.com\/fr\/wp-json\/wp\/v2\/users\/2"}],"replies":[{"embeddable":true,"href":"https:\/\/www.europesays.com\/fr\/wp-json\/wp\/v2\/comments?post=511768"}],"version-history":[{"count":0,"href":"https:\/\/www.europesays.com\/fr\/wp-json\/wp\/v2\/posts\/511768\/revisions"}],"wp:featuredmedia":[{"embeddable":true,"href":"https:\/\/www.europesays.com\/fr\/wp-json\/wp\/v2\/media\/511769"}],"wp:attachment":[{"href":"https:\/\/www.europesays.com\/fr\/wp-json\/wp\/v2\/media?parent=511768"}],"wp:term":[{"taxonomy":"category","embeddable":true,"href":"https:\/\/www.europesays.com\/fr\/wp-json\/wp\/v2\/categories?post=511768"},{"taxonomy":"post_tag","embeddable":true,"href":"https:\/\/www.europesays.com\/fr\/wp-json\/wp\/v2\/tags?post=511768"}],"curies":[{"name":"wp","href":"https:\/\/api.w.org\/{rel}","templated":true}]}}