{"id":511799,"date":"2025-11-04T19:18:18","date_gmt":"2025-11-04T19:18:18","guid":{"rendered":"https:\/\/www.europesays.com\/fr\/511799\/"},"modified":"2025-11-04T19:18:18","modified_gmt":"2025-11-04T19:18:18","slug":"grand-corps-malade-tacle-fabien-lecoeuvre-il-contre-attaque","status":"publish","type":"post","link":"https:\/\/www.europesays.com\/fr\/511799\/","title":{"rendered":"Grand Corps Malade tacle Fabien Lec\u0153uvre, il contre-attaque"},"content":{"rendered":"<p>            <a href=\"https:\/\/www.journaldesfemmes.fr\/people\/magazine\/3246106-la-semaine-des-stars-actu-people-france-novembre-mylene-farmer-amanda-lear\/3246350-miss-univers-croatie\" class=\"app_button_nav_prev jMiddlePreviousButton\" target=\"_blank\" rel=\"noopener\"><\/a><a href=\"https:\/\/www.journaldesfemmes.fr\/people\/magazine\/3246106-la-semaine-des-stars-actu-people-france-novembre-mylene-farmer-amanda-lear\/3246320-jennifer-aniston\" class=\"app_button_nav_next jMiddleNextButton\" target=\"_blank\" rel=\"noopener\"><\/a><\/p>\n<p>                <img loading=\"lazy\" decoding=\"async\" src=\"https:\/\/www.europesays.com\/fr\/wp-content\/uploads\/2025\/11\/40053027.jpg\" alt=\"\" width=\"250\" height=\"457\"\/><br \/>\n            <a href=\"https:\/\/img-3.journaldesfemmes.fr\/TfAec4I0Pkuc2vPVA55Wj-AA6Hs=\/5464x\/smart\/4bdaeb7421d9428db3768a3e95eb4ca7\/ccmcms-jdf\/40053027.jpg\" class=\"fancy app_btn_1 app_btn--ico\" target=\"_blank\" rel=\"noopener\"><\/a>Grand Corps Malade \u00a9\u00a0LAURENT VU\/ SIPA\/SIPA    <\/p>\n<p><strong>Justice. <\/strong>Alors que Grand Corps Malade avait utilis\u00e9 un enregistrement audio de Fabien Lec\u0153uvre, qui critiquait le physique de la chanteuse Hoshi, dans sa chanson Des gens beaux, le chroniqueur a obtenu de la justice le 17 octobre que l&rsquo;artiste retire cette partie du morceau, selon Le Parisien. La voix de\u00a0Fabien Lec\u0153uvre doit donc \u00eatre retir\u00e9e sous astreinte de 500\u00a0euros par jour de retard. Mais l&rsquo;astreinte ne d\u00e9bute que quatre mois apr\u00e8s la signification de l&rsquo;arr\u00eat de la cour d&rsquo;appel et pour une dur\u00e9e de six mois.<\/p>\n","protected":false},"excerpt":{"rendered":"Grand Corps Malade \u00a9\u00a0LAURENT VU\/ SIPA\/SIPA Justice. Alors que Grand Corps Malade avait utilis\u00e9 un enregistrement audio de&hellip;\n","protected":false},"author":2,"featured_media":511800,"comment_status":"","ping_status":"","sticky":false,"template":"","format":"standard","meta":{"footnotes":""},"categories":[1355],"tags":[63256,51761,58,59,52292,1011,27,51766,1031,1361,873],"class_list":{"0":"post-511799","1":"post","2":"type-post","3":"status-publish","4":"format-standard","5":"has-post-thumbnail","7":"category-musique","8":"tag-cms-journaldesfemmes-3246404","9":"tag-controller-content","10":"tag-divertissement","11":"tag-entertainment","12":"tag-format-reportage","13":"tag-fr","14":"tag-france","15":"tag-les-histoires-du-jdf","16":"tag-magazine","17":"tag-music","18":"tag-musique"},"share_on_mastodon":{"url":"https:\/\/pubeurope.com\/@fr\/115493045654828973","error":""},"_links":{"self":[{"href":"https:\/\/www.europesays.com\/fr\/wp-json\/wp\/v2\/posts\/511799","targetHints":{"allow":["GET"]}}],"collection":[{"href":"https:\/\/www.europesays.com\/fr\/wp-json\/wp\/v2\/posts"}],"about":[{"href":"https:\/\/www.europesays.com\/fr\/wp-json\/wp\/v2\/types\/post"}],"author":[{"embeddable":true,"href":"https:\/\/www.europesays.com\/fr\/wp-json\/wp\/v2\/users\/2"}],"replies":[{"embeddable":true,"href":"https:\/\/www.europesays.com\/fr\/wp-json\/wp\/v2\/comments?post=511799"}],"version-history":[{"count":0,"href":"https:\/\/www.europesays.com\/fr\/wp-json\/wp\/v2\/posts\/511799\/revisions"}],"wp:featuredmedia":[{"embeddable":true,"href":"https:\/\/www.europesays.com\/fr\/wp-json\/wp\/v2\/media\/511800"}],"wp:attachment":[{"href":"https:\/\/www.europesays.com\/fr\/wp-json\/wp\/v2\/media?parent=511799"}],"wp:term":[{"taxonomy":"category","embeddable":true,"href":"https:\/\/www.europesays.com\/fr\/wp-json\/wp\/v2\/categories?post=511799"},{"taxonomy":"post_tag","embeddable":true,"href":"https:\/\/www.europesays.com\/fr\/wp-json\/wp\/v2\/tags?post=511799"}],"curies":[{"name":"wp","href":"https:\/\/api.w.org\/{rel}","templated":true}]}}