{"id":511801,"date":"2025-11-04T19:19:16","date_gmt":"2025-11-04T19:19:16","guid":{"rendered":"https:\/\/www.europesays.com\/fr\/511801\/"},"modified":"2025-11-04T19:19:16","modified_gmt":"2025-11-04T19:19:16","slug":"ce-projet-maudit-a-enfin-trouve-son-casting-et-ca-fait-deja-peur","status":"publish","type":"post","link":"https:\/\/www.europesays.com\/fr\/511801\/","title":{"rendered":"ce projet maudit a enfin trouv\u00e9 son casting, et \u00e7a fait d\u00e9j\u00e0 peur"},"content":{"rendered":"<p><strong>Apr\u00e8s <a href=\"https:\/\/www.ecranlarge.com\/films\/1366595-les-trois-mousquetaires-partie-1-dartagnan\" data-type=\"films\" data-id=\"690365\" rel=\"nofollow noopener\" target=\"_blank\">Les Trois Mousquetaires<\/a> et <a href=\"https:\/\/www.ecranlarge.com\/films\/1459388-le-comte-de-monte-cristo\" data-type=\"films\" data-id=\"795152\" rel=\"nofollow noopener\" target=\"_blank\">Le Comte de Monte-Cristo<\/a>, <a href=\"https:\/\/www.ecranlarge.com\/films\/fantomas\" data-type=\"films\" data-id=\"1349905\" rel=\"nofollow noopener\" target=\"_blank\">Fant\u00f4mas<\/a>, notre prochain blockbuster patrimonial national se d\u00e9voile un peu plus.<\/strong><\/p>\n<p><strong>Un nouveau<\/strong> <strong>Fant\u00f4mas<\/strong>. <strong>Le projet \u00e9tait, depuis 2022, dans les tuyaux de Wassim B\u00e9ji<\/strong>, producteur de WY Productions, partenaire r\u00e9gulier de Jalil Lespert, Yann Gozlan et d\u00e9j\u00e0 derri\u00e8re <strong>L\u2019Abb\u00e9 Pierre : Une vie de combats<\/strong> de <strong><a href=\"https:\/\/www.ecranlarge.com\/personnalite\/783305-frederic-tellier\" data-type=\"people\" data-id=\"421017\" rel=\"nofollow noopener\" target=\"_blank\">Fr\u00e9d\u00e9ric Tellier<\/a>, qui r\u00e9alisera le long-m\u00e9trage<\/strong>. B\u00e9ji a semble-t-il trouv\u00e9 en SND un partenaire pour lancer le chantier, et le 22 f\u00e9vrier 2025 nous apprenions, gr\u00e2ce \u00e0 une date de sortie, que le film se concr\u00e9tisait. <\/p>\n<p>                    <img decoding=\"async\" alt=\"\" class=\"wp-image-518375\" style=\"object-fit:cover;width:25px;height:25px\" src=\"https:\/\/www.ecranlarge.com\/content\/uploads\/2023\/09\/arrow-right-circle.svg\"\/><\/p>\n<p>Pour rappel, Fant\u00f4mas est un anti-h\u00e9ros phare du roman-feuilleton des ann\u00e9es 1910, n\u00e9 sous la plume de\u00a0Pierre Souvestre\u00a0et\u00a0Marcel Allain. Ma\u00eetre du crime, le personnage se d\u00e9finit surtout par son art du d\u00e9guisement et de la parade (dans les deux sens du terme), narguant sans cesse son poursuivant toujours surclass\u00e9, l\u2019inspecteur Juve. <strong>SND a annonc\u00e9 que le projet serait prochainement pr\u00e9sent\u00e9 au American Film Market, l\u2019occasion pour le producteur et distributeur d\u2019en r\u00e9v\u00e9ler un peu plus. <\/strong><\/p>\n<p><a href=\"https:\/\/www.ecranlarge.com\/content\/uploads\/2025\/11\/image.png\" rel=\"nofollow noopener\" target=\"_blank\"><\/p>\n<p><img loading=\"lazy\" decoding=\"async\" alt=\"\" src=\"https:\/\/www.europesays.com\/fr\/wp-content\/uploads\/2025\/11\/image-1260x709.png\" width=\"1260\" height=\"709\"  \/><\/p>\n<p><\/a>Fous ta cagoule, ou t\u2019auras froid, t\u2019auras les glandes, t\u2019auras les boules (fous ta cagoule)LOUIS DE FUNESTE<\/p>\n<p>Si le m\u00e9chant magnifique a eu bien des adaptations, les deux principales et plus connues restent la s\u00e9rie de films de Louis Feuillade, sortie entre 1913 et 1914 et pr\u00e9curseur de la s\u00e9rie TV telle qu\u2019on la conna\u00eet, et, bien s\u00fbr, les trois com\u00e9dies des ann\u00e9es 1960, o\u00f9 le vilain sous son masque de cire (Jean Marais) est finalement moins important que les pitreries de Louis de Fun\u00e8s dans le r\u00f4le de Juve. <strong>La premi\u00e8re question est donc celle du ton de la prochaine adaptation. <\/strong><\/p>\n<p>La r\u00e9ponse est donn\u00e9e puisque le long-m\u00e9trage est annonc\u00e9 dans Le Film Fran\u00e7ais comme<strong> \u00ab \u00e0 la fois un retour aux sources et un thriller d\u2019action ambitieux \u00bb<\/strong>. On pouvait s\u2019en douter vu le CV de <strong>Fr\u00e9d\u00e9ric Tellier<\/strong>, l\u2019\u0153uvre sera plus proche de la version Feuillade sur ce point. Le pitch :<\/p>\n<blockquote class=\"wp-block-quote is-layout-flow wp-block-quote-is-layout-flow\">\n<p><strong>\u00ab L\u2019intrigue se d\u00e9roulera \u00e0 Paris en 1914, \u00e9poque de violence et de tensions politiques. Alors qu\u2019une s\u00e9rie de crimes violents s\u00e8me la panique parmi la police et la population, le lieutenant Juve se retrouve \u00e0 la recherche d\u2019un homme sans mobile, sans but pr\u00e9cis, sans comportement habituel ni identit\u00e9. Toujours avec un coup d\u2019avance sur les forces de l\u2019ordre, Fant\u00f4mas excelle dans l\u2019art de la tromperie et du chaos. \u00bb<\/strong><\/p>\n<\/blockquote>\n<p><img loading=\"lazy\" decoding=\"async\" width=\"630\" height=\"354\" alt=\"Louis de Fun\u00e8s, Jean Marais, Fant\u00f4mas contre Scotland Yard\" src=\"https:\/\/www.europesays.com\/fr\/wp-content\/uploads\/2025\/11\/fantomas-contre-scotland-yard-photo-jean-marais-louis-de-funes-1474121-630x354-1.jpg\"  \/><\/p>\n<p>Jean Marais incarnait un double r\u00f4le, le m\u00e9chant Fant\u00f4mas et le journaliste J\u00e9r\u00f4me FandorBAS LES MASQUES<\/p>\n<p>Surtout, les premiers noms du casting sont annonc\u00e9s : <a href=\"https:\/\/www.ecranlarge.com\/personnalite\/657942-guillaume-canet\" data-type=\"people\" data-id=\"309597\" rel=\"nofollow noopener\" target=\"_blank\">Guillaume Canet<\/a>, <a href=\"https:\/\/www.ecranlarge.com\/personnalite\/654452-romain-duris\" data-type=\"people\" data-id=\"306416\" rel=\"nofollow noopener\" target=\"_blank\">Romain Duris<\/a>, <a href=\"https:\/\/www.ecranlarge.com\/personnalite\/1057704-lyna-khoudri\" data-type=\"people\" data-id=\"490906\" rel=\"nofollow noopener\" target=\"_blank\">Lyna Khoudri<\/a> et <a href=\"https:\/\/www.ecranlarge.com\/personnalite\/1355673-louis-peres\" data-type=\"people\" data-id=\"613294\" rel=\"nofollow noopener\" target=\"_blank\">Louis Peres<\/a>. Sans \u00eatre synonyme de mauvais films (pas toujours en tout cas), ce casting \u00ab qualit\u00e9 France \u00bb fait craindre un projet lisse et ronronnant comme l\u2019\u00e9taient les deux volets des <strong>Trois Mousquetaires<\/strong> \u2013 surtout associ\u00e9 \u00e0 Fr\u00e9d\u00e9ric Tellier. Le cin\u00e9aste s\u2019est jusqu\u2019ici distingu\u00e9 par l\u2019acad\u00e9misme, certes de bonne facture, de ses mises en sc\u00e8ne.<\/p>\n<p>On craint en fait un gros budget format\u00e9 \u00ab Paris-Moulin Rouge-Tour Eiffel \u00bb (\u00e0 lire avec un accent am\u00e9ricain) pour s\u00e9duire un large public, notamment \u00e0 l\u2019international \u2013 et, par cons\u00e9quent, loin des innovations et de la noirceur de Feuillade. Bien s\u00fbr, il est possible (et on l\u2019esp\u00e8re fortement) que, \u00e0 la mani\u00e8re de ce qu\u2019avait plut\u00f4t r\u00e9ussi <strong>Le Comte de Monte Cristo<\/strong>, ce <strong>Fant\u00f4mas <\/strong>conjugue ambition populaire et qualit\u00e9 cin\u00e9matographique. Mais il est \u00e0 craindre que la marque, moins connue que celles des \u0153uvres de Dumas, doive donner plus de gages au march\u00e9.<\/p>\n<p><a href=\"https:\/\/www.ecranlarge.com\/content\/uploads\/2023\/12\/les-trois-mousquetaires-milady-photo-francois-civil-romain-duris-1497915.jpg\" rel=\"nofollow noopener\" target=\"_blank\"><img loading=\"lazy\" decoding=\"async\" alt=\"Les Trois Mousquetaires : Milady : photo, Fran\u00e7ois Civil, Romain Duris\" class=\"wp-image-801678\" src=\"https:\/\/www.europesays.com\/fr\/wp-content\/uploads\/2025\/11\/les-trois-mousquetaires-milady-photo-francois-civil-romain-duris-1497915-630x391.jpg\" width=\"630\" height=\"391\"  \/><\/a>Apr\u00e8s Eiffel et Aramis, Duris vise-t-il un bingo des personnages patrimoniaux ?<\/p>\n<p>Sans doute est-ce d\u2019ailleurs pour cela que le projet est longtemps rest\u00e9 maudit, d\u00e9sir\u00e9 par Thomas Langmann dans les ann\u00e9es 90, consid\u00e9r\u00e9 pour de nouvelles com\u00e9dies dans les ann\u00e9es 2000, et enfin r\u00eav\u00e9 par <strong>Christophe Gans<\/strong>, sans jamais avoir \u00e9t\u00e9 concr\u00e9tis\u00e9. Cette fois-ci devrait \u00eatre la bonne. <\/p>\n<p>\u00c9galement annonc\u00e9s \u00e0 l\u2019\u00e9laboration du film : le directeur de la photographie Glynn Speeckaert (<strong>Les Gar\u00e7ons et Guillaume, \u00e0 table !<\/strong>), le chef d\u00e9corateur Florian Sanson (<strong>Proxima<\/strong>), le cr\u00e9ateur de costumes Olivier B\u00e9riot (<strong>Chambre 212<\/strong>), le directeur artistique Fr\u00e9d\u00e9ric Cambon (<strong>Lupin<\/strong>), et le compositeur Guillaume Roussel (<strong>Les Trois Mousquetaires<\/strong>). Comme nous l\u2019avait d\u00e9j\u00e0 annonc\u00e9 Le Film Fran\u00e7ais, <strong>le long-m\u00e9trage de Fr\u00e9d\u00e9ric Tellier devrait sortir le 3 f\u00e9vrier 2027 dans nos salles. <\/strong><\/p>\n","protected":false},"excerpt":{"rendered":"Apr\u00e8s Les Trois Mousquetaires et Le Comte de Monte-Cristo, Fant\u00f4mas, notre prochain blockbuster patrimonial national se d\u00e9voile un&hellip;\n","protected":false},"author":2,"featured_media":511802,"comment_status":"","ping_status":"","sticky":false,"template":"","format":"standard","meta":{"footnotes":""},"categories":[1354],"tags":[58,59,1346,1011,27,1360],"class_list":{"0":"post-511801","1":"post","2":"type-post","3":"status-publish","4":"format-standard","5":"has-post-thumbnail","7":"category-films","8":"tag-divertissement","9":"tag-entertainment","10":"tag-films","11":"tag-fr","12":"tag-france","13":"tag-movies"},"share_on_mastodon":{"url":"https:\/\/pubeurope.com\/@fr\/115493049167250117","error":""},"_links":{"self":[{"href":"https:\/\/www.europesays.com\/fr\/wp-json\/wp\/v2\/posts\/511801","targetHints":{"allow":["GET"]}}],"collection":[{"href":"https:\/\/www.europesays.com\/fr\/wp-json\/wp\/v2\/posts"}],"about":[{"href":"https:\/\/www.europesays.com\/fr\/wp-json\/wp\/v2\/types\/post"}],"author":[{"embeddable":true,"href":"https:\/\/www.europesays.com\/fr\/wp-json\/wp\/v2\/users\/2"}],"replies":[{"embeddable":true,"href":"https:\/\/www.europesays.com\/fr\/wp-json\/wp\/v2\/comments?post=511801"}],"version-history":[{"count":0,"href":"https:\/\/www.europesays.com\/fr\/wp-json\/wp\/v2\/posts\/511801\/revisions"}],"wp:featuredmedia":[{"embeddable":true,"href":"https:\/\/www.europesays.com\/fr\/wp-json\/wp\/v2\/media\/511802"}],"wp:attachment":[{"href":"https:\/\/www.europesays.com\/fr\/wp-json\/wp\/v2\/media?parent=511801"}],"wp:term":[{"taxonomy":"category","embeddable":true,"href":"https:\/\/www.europesays.com\/fr\/wp-json\/wp\/v2\/categories?post=511801"},{"taxonomy":"post_tag","embeddable":true,"href":"https:\/\/www.europesays.com\/fr\/wp-json\/wp\/v2\/tags?post=511801"}],"curies":[{"name":"wp","href":"https:\/\/api.w.org\/{rel}","templated":true}]}}