{"id":511811,"date":"2025-11-04T19:24:12","date_gmt":"2025-11-04T19:24:12","guid":{"rendered":"https:\/\/www.europesays.com\/fr\/511811\/"},"modified":"2025-11-04T19:24:12","modified_gmt":"2025-11-04T19:24:12","slug":"les-retraites-aux-revenus-inferieurs-a-ces-nouveaux-plafonds-auront-droit-a-cet-abattement-fiscal-en-2026","status":"publish","type":"post","link":"https:\/\/www.europesays.com\/fr\/511811\/","title":{"rendered":"Les retrait\u00e9s aux revenus inf\u00e9rieurs \u00e0 ces nouveaux plafonds auront droit \u00e0 cet abattement fiscal en 2026"},"content":{"rendered":"<p>Tous les contribuables sont en th\u00e9orie \u00e9gaux devant la l\u00e9gislation fiscale. Mais certains b\u00e9n\u00e9ficient d&rsquo;avantages sp\u00e9cifiques. Voici un abattement qui permet \u00e0 de nombreux retrait\u00e9s de payer moins d&rsquo;imp\u00f4ts.\u00a0<\/p>\n<p>L&rsquo;une des principales caract\u00e9ristiques du syst\u00e8me fiscal fran\u00e7ais repose en effet sur l&rsquo;existence de nombreux abattements sur le revenu imposable. Le plus courant et le plus connu est celui dont b\u00e9n\u00e9ficient les salari\u00e9s avec l&rsquo;abattement forfaitaire de 10% qui est appliqu\u00e9 sur le revenu imposable du contribuable. D&rsquo;autres sont moins connus et moins r\u00e9pandus, comme celui, par exemple, qui est accord\u00e9 aux journalistes qui d\u00e9duisent 7\u00a0650\u00a0\u20ac de leurs revenus au titre des frais professionnels. D&rsquo;autres encore concernent des activit\u00e9s ou des revenus non salari\u00e9s sp\u00e9cifiques\u00a0: l&rsquo;abattement micro-foncier pour les propri\u00e9taires bailleurs soumis \u00e0 ce r\u00e9gime ou encore l&rsquo;abattement micro-entreprise pour les titulaires de BIC ou de BNC.<\/p>\n<p>Mais il existe aussi un abattement qui est \u00e0 la fois r\u00e9pandu et assez peu connu\u00a0: celui dont b\u00e9n\u00e9ficient les personnes \u00e2g\u00e9es de plus de 65\u00a0ans au 31\u00a0d\u00e9cembre de l&rsquo;ann\u00e9e d&rsquo;imposition. Mais cet avantage fiscal est accord\u00e9 sous conditions de ressources.\u00a0<\/p>\n<p>Les montants et les plafonds sont actualis\u00e9s chaque ann\u00e9e par la Loi de Finances, dans la m\u00eame proportion que le bar\u00e8me d&rsquo;imposition sur le revenu. Dans l&rsquo;\u00e9tat actuel de la discussion du budget 2026, ce bar\u00e8me devrait augmenter de 1,1%.\u00a0<\/p>\n<p>Cons\u00e9quence\u00a0: pour b\u00e9n\u00e9ficier de l&rsquo;abattement en 2026, les plus de 65\u00a0ans devraient avoir un revenu inf\u00e9rieur \u00e0 28\u00a0480\u00a0\u20ac.\u00a0L&rsquo;abattement serait de 1413\u00a0\u20ac quand le revenu est compris entre 28\u00a0480\u00a0\u20ac et 17\u00a0703\u00a0\u20ac et de 2827\u00a0\u20ac quand le revenu est inf\u00e9rieur \u00e0 17\u00a0703\u00a0\u20ac. Ces montants sont doubl\u00e9s si chaque membre du couple remplit les conditions d&rsquo;\u00e2ge. \u00a0Mais attention, le plafond de revenu s&rsquo;entend par foyer fiscal.\u00a0<\/p>\n<p>On pourrait penser que ces abattements ne servent pas \u00e0 grand chose dans la mesure o\u00f9 les niveaux de revenus exig\u00e9s sont tellement faibles que les contribuables concern\u00e9s devraient \u00e9chapper \u00e0 l&rsquo;imp\u00f4t sur le revenu. Mais c&rsquo;est partiellement faux car le revenu net global en question ne prend pas en compte les plus-values tax\u00e9es \u00e0 un taux proportionnel ni les revenus soumis \u00e0 un pr\u00e9l\u00e8vement lib\u00e9ratoire. Dans la pratique, un couple de personnes \u00e2g\u00e9es pourra ainsi b\u00e9n\u00e9ficier de ces abattements m\u00eame s&rsquo;il dispose par ailleurs de revenus de placement importants.<\/p>\n<p>Enfin, il faut savoir que les m\u00eames abattements sous les m\u00eames conditions de ressources sont accord\u00e9es aux personnes titulaires d&rsquo;une pension militaire pour invalidit\u00e9 ou d&rsquo;une pension pour accident du travail, \u00e0 condition que le taux d&rsquo;invalidit\u00e9 soit au moins de 40%.<\/p>\n","protected":false},"excerpt":{"rendered":"Tous les contribuables sont en th\u00e9orie \u00e9gaux devant la l\u00e9gislation fiscale. Mais certains b\u00e9n\u00e9ficient d&rsquo;avantages sp\u00e9cifiques. Voici un&hellip;\n","protected":false},"author":2,"featured_media":511812,"comment_status":"","ping_status":"","sticky":false,"template":"","format":"standard","meta":{"footnotes":""},"categories":[6],"tags":[58292,35,63257,51761,33,34,51763,1011,27,58293,51767],"class_list":{"0":"post-511811","1":"post","2":"type-post","3":"status-publish","4":"format-standard","5":"has-post-thumbnail","7":"category-economie","8":"tag-actualite-juridique-et-financiere","9":"tag-business","10":"tag-cms-droit-finances-5177","11":"tag-controller-content","12":"tag-economie","13":"tag-economy","14":"tag-format-papier","15":"tag-fr","16":"tag-france","17":"tag-les-histoires-de-droit-finances","18":"tag-parallaxeinfeed"},"share_on_mastodon":{"url":"https:\/\/pubeurope.com\/@fr\/115493068170021097","error":""},"_links":{"self":[{"href":"https:\/\/www.europesays.com\/fr\/wp-json\/wp\/v2\/posts\/511811","targetHints":{"allow":["GET"]}}],"collection":[{"href":"https:\/\/www.europesays.com\/fr\/wp-json\/wp\/v2\/posts"}],"about":[{"href":"https:\/\/www.europesays.com\/fr\/wp-json\/wp\/v2\/types\/post"}],"author":[{"embeddable":true,"href":"https:\/\/www.europesays.com\/fr\/wp-json\/wp\/v2\/users\/2"}],"replies":[{"embeddable":true,"href":"https:\/\/www.europesays.com\/fr\/wp-json\/wp\/v2\/comments?post=511811"}],"version-history":[{"count":0,"href":"https:\/\/www.europesays.com\/fr\/wp-json\/wp\/v2\/posts\/511811\/revisions"}],"wp:featuredmedia":[{"embeddable":true,"href":"https:\/\/www.europesays.com\/fr\/wp-json\/wp\/v2\/media\/511812"}],"wp:attachment":[{"href":"https:\/\/www.europesays.com\/fr\/wp-json\/wp\/v2\/media?parent=511811"}],"wp:term":[{"taxonomy":"category","embeddable":true,"href":"https:\/\/www.europesays.com\/fr\/wp-json\/wp\/v2\/categories?post=511811"},{"taxonomy":"post_tag","embeddable":true,"href":"https:\/\/www.europesays.com\/fr\/wp-json\/wp\/v2\/tags?post=511811"}],"curies":[{"name":"wp","href":"https:\/\/api.w.org\/{rel}","templated":true}]}}