{"id":511815,"date":"2025-11-04T19:26:12","date_gmt":"2025-11-04T19:26:12","guid":{"rendered":"https:\/\/www.europesays.com\/fr\/511815\/"},"modified":"2025-11-04T19:26:12","modified_gmt":"2025-11-04T19:26:12","slug":"a-la-veille-de-larrivee-de-shein-au-bhv-les-elus-parisiens-crient-au-scandale","status":"publish","type":"post","link":"https:\/\/www.europesays.com\/fr\/511815\/","title":{"rendered":"\u00e0 la veille de l\u2019arriv\u00e9e de Shein au BHV, les \u00e9lus parisiens crient au scandale"},"content":{"rendered":"<p>\n    Quelques heures avant l\u2019ouverture officielle de son corner au BHV, Shein organise ce mardi un grand raout destin\u00e9 aux influenceurs. L\u2019occasion pour les \u00e9lus parisiens de rappeler leur indignation de voir arriver la marque controvers\u00e9e dans le c\u00e9l\u00e8bre grand magasin.<\/p>\n<p class=\"fig-paragraph\">La col\u00e8re gronde\u00a0<a href=\"http:\/\/www.lefigaro.fr\/societes\/angers-dijon-grenoble-reims-les-sept-galeries-lafayette-geres-par-frederic-merlin-vont-etre-rebaptises-bhv-20251104\" data-fig-type=\"NewsFlash\" data-gtm-custom-categorie=\"navigation\" data-gtm-custom-action=\"crossclick\" data-gtm-custom-label=\"Contextuel\" data-gtm-event=\"customEventSPE\" data-fig-domain=\"LEFIGARO\" target=\"_blank\" rel=\"noopener\">au pied du BHV Marais<\/a>, alors que le c\u00e9l\u00e8bre grand magasin parisien s\u2019appr\u00eate \u00e0 accueillir en son sein l\u2019\u00abogre chinois\u00bb. \u00abConcurrence d\u00e9loyale\u00bb, \u00abpatron voyou\u00bb, \u00abinacceptable\u00bb&#8230; Les mots n\u2019ont jamais \u00e9t\u00e9 aussi forts pour\u00a0<a href=\"http:\/\/www.lefigaro.fr\/societes\/poupees-sexuelles-produits-dangereux-mauvaises-pratiques-shein-la-plateforme-qui-collectionne-les-scandales-20251104\" data-fig-type=\"NewsFlash\" data-gtm-custom-categorie=\"navigation\" data-gtm-custom-action=\"crossclick\" data-gtm-custom-label=\"Contextuel\" data-gtm-event=\"customEventSPE\" data-fig-domain=\"LEFIGARO\" target=\"_blank\" rel=\"noopener\">d\u00e9noncer l\u2019arriv\u00e9e de Shein<\/a>\u00a0ici, en plein c\u0153ur de Paris. Tr\u00e8s mobilis\u00e9s sur le sujet ces derni\u00e8res semaines, les \u00e9lus parisiens se sont \u00e0 nouveau donn\u00e9 rendez-vous ce mardi 4 novembre pour manifester et partager leur indignation, alors que le g\u00e9ant asiatique organise ce soir un grand raout pour faire d\u00e9couvrir son installation aux influenceurs. Une soir\u00e9e priv\u00e9e, r\u00e9serv\u00e9e \u00e0 quelques \u201chappy few\u201d qui ne manqueront de faire l\u2019\u00e9loge de la marque chinoise pourtant controvers\u00e9e.<\/p>\n<p class=\"fig-paragraph\">\u00abNous sommes face \u00e0 deux portraits de criminels, qui d\u00e9truisent l\u2019emploi, qui d\u00e9truisent la plan\u00e8te et qui mettent en doute la dignit\u00e9 des enfants en France et dans le monde. Pour toutes ces raisons, la Ville de Paris r\u00e9affirme que Shein est contraire \u00e0 ses valeurs\u00bb, s\u2019est ainsi exprim\u00e9 l\u2019adjoint \u00e0 la mairie de Paris charg\u00e9 du commerce, Nicolas Bonnet-Ouladj, pointant du doigt l\u2019immense photographie des deux dirigeants du BHV et de Shein install\u00e9s sur la devanture du grand magasin. S\u2019adressant directement au\u00a0<a href=\"http:\/\/www.lefigaro.fr\/economie\/frederic-merlin-le-reenchanteur-du-bhv-devenu-paria-depuis-son-alliance-avec-shein-20251009\" data-fig-type=\"Article\" data-gtm-custom-categorie=\"navigation\" data-gtm-custom-action=\"crossclick\" data-gtm-custom-label=\"Contextuel\" data-gtm-event=\"customEventSPE\" data-fig-domain=\"LEFIGARO\" target=\"_blank\" rel=\"noopener\">nouveau patron du BHV Fran\u00e7ois Merlin<\/a>, l\u2019\u00e9lu a r\u00e9clam\u00e9 que ce dernier renonce \u00e0 son partenariat avec Shein. Il a \u00e9galement demand\u00e9 au ministre de l\u2019\u00c9conomie Roland Lescure d\u2019aller \u00abplus loin que les menaces\u00bb et \u00abd\u2019interdire la plateforme Shein en France\u00bb.<\/p>\n<p>                                    <a class=\"fig-a11y-skip a11y-hidden\" href=\"#fig-a11y-skip-main-inarticle\"><br \/>\n        Passer la publicit\u00e9<br \/>\n    <\/a><\/p>\n<p class=\"fig-paragraph\">\u00abLe BHV est la maison commune des Parisiens qui participe \u00e0 l\u2019attractivit\u00e9 commerciale de la capitale, nous vivons \u00e7a comme une provocation\u00bb, a d\u00e9plor\u00e9 \u00e0 son tour le premier adjoint \u00e0 la mairie de Paris Patrick Bloche, qui a assist\u00e9 impuissant \u00e0 la \u00abd\u00e9rive totale\u00bb de ce qu\u2019est devenu \u00absous ses fen\u00eatres\u00bb le BHV \u00abces derniers mois\u00bb. \u00abCette affiche provocatrice rappelle ce que repr\u00e9sente Shein dans le monde\u00a0:\u00a0<a href=\"http:\/\/www.lefigaro.fr\/flash-eco\/poupees-lingeries-fines-sur-les-plateformes-chinoises-la-banalisation-des-produits-qui-flirtent-avec-la-pedocriminalite-20251103\" data-fig-type=\"NewsFlash\" data-gtm-custom-categorie=\"navigation\" data-gtm-custom-action=\"crossclick\" data-gtm-custom-label=\"Contextuel\" data-gtm-event=\"customEventSPE\" data-fig-domain=\"LEFIGARO\" target=\"_blank\" rel=\"noopener\">un d\u00e9sastre \u00e9cologique mondial et la mort du petit commerce<\/a> \u00bb, a-t-il poursuivi, \u00e9voquant \u00abl\u2019insulte qui nous est faite\u00bb. Pour le premier adjoint, la pr\u00e9sence de Shein \u00abtraduit sans doute une situation financi\u00e8re tr\u00e8s certainement compliqu\u00e9e pour le BHV\u00bb, mais pas de quoi justifier de mettre \u00e0 mal \u00ables valeurs \u00e9thiques et morales\u00bb port\u00e9es par la Ville de Paris.<\/p>\n<p>D\u00e9ployer \u00abtous les moyens parlementaires\u00bb possibles<\/p>\n<p class=\"fig-paragraph\">\u00c0 leurs c\u00f4t\u00e9s, le directeur de l\u2019entrepreneuriat et de l\u2019innovation \u00e0 la F\u00e9d\u00e9ration fran\u00e7aise du pr\u00eat-\u00e0-porter f\u00e9minin, Thibaut Ledunois, a \u00e9voqu\u00e9 un \u00abjour noir pour la mode fran\u00e7aise\u00bb, et un symbole \u00abextr\u00eamement probl\u00e9matique\u00bb pour Paris et la France. \u00abFran\u00e7ois Merlin devrait \u00eatre conscient de la responsabilit\u00e9 qu\u2019il a sur le futur impact commercial de Shein, qui vendait jusqu\u2019\u00e0 pr\u00e9sent plus de 80% de ses productions sur Internet\u00bb. \u00abAujourd\u2019hui, il s\u2019ach\u00e8te le nom des Galeries Lafayette en d\u00e9pit des droits humains des consommateurs\u00bb, a-t-il conclu.<\/p>\n<p class=\"fig-paragraph\">En outre, les \u00e9lus parisiens ont assur\u00e9 \u00eatre pr\u00eats \u00e0 d\u00e9ployer \u00abtous les moyens parlementaires\u00bb possibles \u00abpour contrer Shein\u00bb. Et \u00e0 son \u00e9chelle, la Ville de Paris a d\u00e9j\u00e0 annonc\u00e9 qu\u2019elle refuserait la demande d\u2019autorisation de l\u2019utilisation de l\u2019espace public en vue de l\u2019installation des vitrines de No\u00ebl du BHV, si le partenariat avec Shein n\u2019\u00e9tait pas rompu. Les services juridiques ont \u00e9galement envoy\u00e9 \u00abd\u00e8s aujourd\u2019hui\u00bb un proc\u00e8s-verbal \u00e0 la direction du grand magasin pour d\u00e9noncer l\u2019affichage sans autorisation de la publicit\u00e9 sp\u00e9cialement pens\u00e9e pour l\u2019arriv\u00e9e de la plateforme chinoise au BHV. En outre, les \u00e9lus affirment avoir saisi le gouvernement et fait des propositions pour aller plus loin dans la lutte contre l\u2019ultra fast-fashion.<\/p>\n","protected":false},"excerpt":{"rendered":"Quelques heures avant l\u2019ouverture officielle de son corner au BHV, Shein organise ce mardi un grand raout destin\u00e9&hellip;\n","protected":false},"author":2,"featured_media":511816,"comment_status":"","ping_status":"","sticky":false,"template":"","format":"standard","meta":{"footnotes":""},"categories":[4],"tags":[11,1011,27,12,626,25,1104],"class_list":{"0":"post-511815","1":"post","2":"type-post","3":"status-publish","4":"format-standard","5":"has-post-thumbnail","7":"category-france","8":"tag-actualites","9":"tag-fr","10":"tag-france","11":"tag-news","12":"tag-paris","13":"tag-republique-francaise","14":"tag-shein"},"share_on_mastodon":{"url":"https:\/\/pubeurope.com\/@fr\/115493076023602404","error":""},"_links":{"self":[{"href":"https:\/\/www.europesays.com\/fr\/wp-json\/wp\/v2\/posts\/511815","targetHints":{"allow":["GET"]}}],"collection":[{"href":"https:\/\/www.europesays.com\/fr\/wp-json\/wp\/v2\/posts"}],"about":[{"href":"https:\/\/www.europesays.com\/fr\/wp-json\/wp\/v2\/types\/post"}],"author":[{"embeddable":true,"href":"https:\/\/www.europesays.com\/fr\/wp-json\/wp\/v2\/users\/2"}],"replies":[{"embeddable":true,"href":"https:\/\/www.europesays.com\/fr\/wp-json\/wp\/v2\/comments?post=511815"}],"version-history":[{"count":0,"href":"https:\/\/www.europesays.com\/fr\/wp-json\/wp\/v2\/posts\/511815\/revisions"}],"wp:featuredmedia":[{"embeddable":true,"href":"https:\/\/www.europesays.com\/fr\/wp-json\/wp\/v2\/media\/511816"}],"wp:attachment":[{"href":"https:\/\/www.europesays.com\/fr\/wp-json\/wp\/v2\/media?parent=511815"}],"wp:term":[{"taxonomy":"category","embeddable":true,"href":"https:\/\/www.europesays.com\/fr\/wp-json\/wp\/v2\/categories?post=511815"},{"taxonomy":"post_tag","embeddable":true,"href":"https:\/\/www.europesays.com\/fr\/wp-json\/wp\/v2\/tags?post=511815"}],"curies":[{"name":"wp","href":"https:\/\/api.w.org\/{rel}","templated":true}]}}