{"id":511817,"date":"2025-11-04T19:27:16","date_gmt":"2025-11-04T19:27:16","guid":{"rendered":"https:\/\/www.europesays.com\/fr\/511817\/"},"modified":"2025-11-04T19:27:16","modified_gmt":"2025-11-04T19:27:16","slug":"new-york-la-campagne-de-zohran-mamdani-une-lecon-pour-la-gauche-francaise","status":"publish","type":"post","link":"https:\/\/www.europesays.com\/fr\/511817\/","title":{"rendered":"New York\u00a0: la campagne de Zohran Mamdani, une le\u00e7on pour la gauche fran\u00e7aise\u00a0?"},"content":{"rendered":"<p>New York, ville insoumise\u00a0? \u00c0 en croire les visuels de soutien au <a href=\"https:\/\/www.humanite.fr\/monde\/new-york\/a-new-york-la-vague-mamdani-jeune-populaire-et-socialiste-destabilise-lestablishment\" data-type=\"post\" data-id=\"3287398\" target=\"_blank\" rel=\"noopener\">candidat d\u00e9mocrate socialiste Zohran Mamdani<\/a>, publi\u00e9s sur les r\u00e9seaux sociaux par des d\u00e9put\u00e9s LFI, le mouvement m\u00e9lenchoniste est partie prenante de la campagne dans la Big Apple. \u00ab\u00a0Allez Zohran\u00a0!\u00a0\u00bb, s\u2019exclame l\u2019eurod\u00e9put\u00e9e Manon Aubry dans une vid\u00e9o, quelques jours avant les r\u00e9sultats.<\/p>\n<p>Si la campagne Mamdani int\u00e9resse de pr\u00e8s LFI, c\u2019est qu\u2019elle semble valider les pr\u00e9suppos\u00e9s strat\u00e9giques du mouvement en France \u2013 si tant est que l\u2019\u00e9lection puisse \u00eatre transpos\u00e9e. Voyons plut\u00f4t\u00a0: un candidat d\u2019une grande m\u00e9tropole, qui assume sa radicalit\u00e9 face \u00e0 l\u2019establishment lib\u00e9ral et pro-business de son parti, d\u00e9fenseur de Gaza et des Palestiniens, musulman et socialiste. Le tout en d\u00e9fendant la&#8230;<\/p>\n","protected":false},"excerpt":{"rendered":"New York, ville insoumise\u00a0? \u00c0 en croire les visuels de soutien au candidat d\u00e9mocrate socialiste Zohran Mamdani, publi\u00e9s&hellip;\n","protected":false},"author":2,"featured_media":511818,"comment_status":"","ping_status":"","sticky":false,"template":"","format":"standard","meta":{"footnotes":""},"categories":[2],"tags":[11,1011,27,2338,415,12,62862],"class_list":{"0":"post-511817","1":"post","2":"type-post","3":"status-publish","4":"format-standard","5":"has-post-thumbnail","7":"category-actualites","8":"tag-actualites","9":"tag-fr","10":"tag-france","11":"tag-la-france-insoumise","12":"tag-new-york","13":"tag-news","14":"tag-zohran-mamdani"},"share_on_mastodon":{"url":"https:\/\/pubeurope.com\/@fr\/115493079861069253","error":""},"_links":{"self":[{"href":"https:\/\/www.europesays.com\/fr\/wp-json\/wp\/v2\/posts\/511817","targetHints":{"allow":["GET"]}}],"collection":[{"href":"https:\/\/www.europesays.com\/fr\/wp-json\/wp\/v2\/posts"}],"about":[{"href":"https:\/\/www.europesays.com\/fr\/wp-json\/wp\/v2\/types\/post"}],"author":[{"embeddable":true,"href":"https:\/\/www.europesays.com\/fr\/wp-json\/wp\/v2\/users\/2"}],"replies":[{"embeddable":true,"href":"https:\/\/www.europesays.com\/fr\/wp-json\/wp\/v2\/comments?post=511817"}],"version-history":[{"count":0,"href":"https:\/\/www.europesays.com\/fr\/wp-json\/wp\/v2\/posts\/511817\/revisions"}],"wp:featuredmedia":[{"embeddable":true,"href":"https:\/\/www.europesays.com\/fr\/wp-json\/wp\/v2\/media\/511818"}],"wp:attachment":[{"href":"https:\/\/www.europesays.com\/fr\/wp-json\/wp\/v2\/media?parent=511817"}],"wp:term":[{"taxonomy":"category","embeddable":true,"href":"https:\/\/www.europesays.com\/fr\/wp-json\/wp\/v2\/categories?post=511817"},{"taxonomy":"post_tag","embeddable":true,"href":"https:\/\/www.europesays.com\/fr\/wp-json\/wp\/v2\/tags?post=511817"}],"curies":[{"name":"wp","href":"https:\/\/api.w.org\/{rel}","templated":true}]}}