{"id":511821,"date":"2025-11-04T19:29:19","date_gmt":"2025-11-04T19:29:19","guid":{"rendered":"https:\/\/www.europesays.com\/fr\/511821\/"},"modified":"2025-11-04T19:29:19","modified_gmt":"2025-11-04T19:29:19","slug":"saint-etienne-un-individu-sintroduit-au-college-jules-valles-pendant-la-recreation","status":"publish","type":"post","link":"https:\/\/www.europesays.com\/fr\/511821\/","title":{"rendered":"Saint-\u00c9tienne. Un individu s\u2019introduit au coll\u00e8ge Jules-Vall\u00e8s pendant la r\u00e9cr\u00e9ation"},"content":{"rendered":"<p>\u00c0 15\u00a0h\u00a050, les \u00e9l\u00e8ves du coll\u00e8ge Jules-Vall\u00e8s, dans le quartier du Soleil \u00e0 Saint-\u00c9tienne, \u00e9taient en r\u00e9cr\u00e9ation quand un individu s\u2019est introduit dans l\u2019enceinte de l\u2019\u00e9tablissement. Le personnel a tent\u00e9 de le faire sortir. En vain.<\/p>\n<p><a href=\"https:\/\/www.leprogres.fr\/education\/2023\/12\/20\/mise-en-securite-des-eleves-il-faut-s-y-preparer\" target=\"_blank\" rel=\"noopener\">L\u2019alarme PPMS<\/a> (Plan particulier de mise en s\u00fbret\u00e9) a, alors, \u00e9t\u00e9 d\u00e9clench\u00e9e et les coll\u00e9giens, dont certains \u00e9taient en larmes, choqu\u00e9s par l\u2019intrusion et le d\u00e9clenchement de l\u2019alarme, ont \u00e9t\u00e9 rapidement mis en s\u00e9curit\u00e9 \u00e0 l\u2019int\u00e9rieur des b\u00e2timents pendant que l\u2019individu, qui n\u2019\u00e9tait pas arm\u00e9, errait dans la cour sans prof\u00e9rer de menaces ou de violences.<\/p>\n<p>  Une cellule d\u2019\u00e9coute a \u00e9t\u00e9 mise en place pour les \u00e9l\u00e8ves<\/p>\n<p>Imm\u00e9diatement appel\u00e9s par le personnel du coll\u00e8ge, des agents de la police nationale sont rapidement intervenus sur les lieux et ont interpell\u00e9 l\u2019individu. Il s\u2019agissait, en r\u00e9alit\u00e9, d\u2019un cambrioleur qui venait de voler \u00e0 l\u2019arrach\u00e9 un t\u00e9l\u00e9phone portable dans le quartier et qui, se croyant poursuivi, est all\u00e9 se r\u00e9fugier dans l\u2019\u00e9tablissement scolaire. Il a \u00e9t\u00e9 plac\u00e9 en garde \u00e0 vue. Selon la police, l\u2019homme n\u2019a fait part d\u2019aucun mobile terroriste\u00a0ni durant l\u2019intrusion, ni durant l\u2019arrestation.<\/p>\n<p>Apr\u00e8s l\u2019incident, les \u00e9l\u00e8ves ont regagn\u00e9\u00a0leurs salles de cours avec leurs professeurs. Une cellule d\u2019\u00e9coute a \u00e9t\u00e9 mise en place au sein de l\u2019\u00e9tablissement pour accompagner les coll\u00e9giens qui en ressentaient le besoin.<\/p>\n","protected":false},"excerpt":{"rendered":"\u00c0 15\u00a0h\u00a050, les \u00e9l\u00e8ves du coll\u00e8ge Jules-Vall\u00e8s, dans le quartier du Soleil \u00e0 Saint-\u00c9tienne, \u00e9taient en r\u00e9cr\u00e9ation quand&hellip;\n","protected":false},"author":2,"featured_media":511822,"comment_status":"","ping_status":"","sticky":false,"template":"","format":"standard","meta":{"footnotes":""},"categories":[9653],"tags":[1111,11,2430,271,272,7539,1777,674,274,107,1011,27,3367,12,25,4001,7538],"class_list":{"0":"post-511821","1":"post","2":"type-post","3":"status-publish","4":"format-standard","5":"has-post-thumbnail","7":"category-saint-etienne","8":"tag-actu","9":"tag-actualites","10":"tag-auvergne-rhone-alpes","11":"tag-crime","12":"tag-delit-et-contravention","13":"tag-edition-loire-sud","14":"tag-eu","15":"tag-europe","16":"tag-faits-divers-justice","17":"tag-fil-info","18":"tag-fr","19":"tag-france","20":"tag-loire","21":"tag-news","22":"tag-republique-francaise","23":"tag-saint-etienne","24":"tag-saint-etienne-ville"},"share_on_mastodon":{"url":"https:\/\/pubeurope.com\/@fr\/115493087754478813","error":""},"_links":{"self":[{"href":"https:\/\/www.europesays.com\/fr\/wp-json\/wp\/v2\/posts\/511821","targetHints":{"allow":["GET"]}}],"collection":[{"href":"https:\/\/www.europesays.com\/fr\/wp-json\/wp\/v2\/posts"}],"about":[{"href":"https:\/\/www.europesays.com\/fr\/wp-json\/wp\/v2\/types\/post"}],"author":[{"embeddable":true,"href":"https:\/\/www.europesays.com\/fr\/wp-json\/wp\/v2\/users\/2"}],"replies":[{"embeddable":true,"href":"https:\/\/www.europesays.com\/fr\/wp-json\/wp\/v2\/comments?post=511821"}],"version-history":[{"count":0,"href":"https:\/\/www.europesays.com\/fr\/wp-json\/wp\/v2\/posts\/511821\/revisions"}],"wp:featuredmedia":[{"embeddable":true,"href":"https:\/\/www.europesays.com\/fr\/wp-json\/wp\/v2\/media\/511822"}],"wp:attachment":[{"href":"https:\/\/www.europesays.com\/fr\/wp-json\/wp\/v2\/media?parent=511821"}],"wp:term":[{"taxonomy":"category","embeddable":true,"href":"https:\/\/www.europesays.com\/fr\/wp-json\/wp\/v2\/categories?post=511821"},{"taxonomy":"post_tag","embeddable":true,"href":"https:\/\/www.europesays.com\/fr\/wp-json\/wp\/v2\/tags?post=511821"}],"curies":[{"name":"wp","href":"https:\/\/api.w.org\/{rel}","templated":true}]}}