{"id":511823,"date":"2025-11-04T19:30:13","date_gmt":"2025-11-04T19:30:13","guid":{"rendered":"https:\/\/www.europesays.com\/fr\/511823\/"},"modified":"2025-11-04T19:30:13","modified_gmt":"2025-11-04T19:30:13","slug":"la-mere-de-famille-na-pas-survecu-a-ses-blessures","status":"publish","type":"post","link":"https:\/\/www.europesays.com\/fr\/511823\/","title":{"rendered":"la m\u00e8re de famille n\u2019a pas surv\u00e9cu \u00e0 ses blessures"},"content":{"rendered":"<p>Un terrible accident de la circulation a co\u00fbt\u00e9 la vie \u00e0 une m\u00e8re de trois enfants, samedi\u00a01er novembre, \u00e0 Tomblaine. \u00c2g\u00e9e de 42 ans, la conductrice circulait seule \u00e0 bord, boulevard du Mill\u00e9naire en direction du rond-point\u00a02000.<\/p>\n<p>Vers 6 heures et pour une raison ind\u00e9termin\u00e9e, le v\u00e9hicule heurtait une bordure, dans une courbe, arrachait un coffret \u00e9lectrique puis un arbre avant de s\u2019immobiliser. \u00c0 l\u2019arriv\u00e9e des secours alert\u00e9s par des t\u00e9moins, la quadrag\u00e9naire \u00e9tait en arr\u00eat cardiorespiratoire.<\/p>\n<p>Les pompiers et le Smur parvenaient \u00e0 relancer le c\u0153ur mais la victime domicili\u00e9e \u00e0 Cerville et qui poss\u00e8de de la famille \u00e0 Saulxures-l\u00e8s-Nancy, ne survivait pas \u00e0 la gravit\u00e9 de ses blessures. Une enqu\u00eate a \u00e9t\u00e9 ouverte par les policiers de la brigade des accidents \u00e0 l\u2019h\u00f4tel de police de Nancy afin de d\u00e9terminer avec pr\u00e9cisions les circonstances de ce tragique accident.<\/p>\n","protected":false},"excerpt":{"rendered":"Un terrible accident de la circulation a co\u00fbt\u00e9 la vie \u00e0 une m\u00e8re de trois enfants, samedi\u00a01er novembre,&hellip;\n","protected":false},"author":2,"featured_media":511824,"comment_status":"","ping_status":"","sticky":false,"template":"","format":"standard","meta":{"footnotes":""},"categories":[9635],"tags":[119,1111,11,1704,1777,674,274,1011,27,775,11260,3457,1702,12,25,11703],"class_list":{"0":"post-511823","1":"post","2":"type-post","3":"status-publish","4":"format-standard","5":"has-post-thumbnail","7":"category-nancy","8":"tag-accident","9":"tag-actu","10":"tag-actualites","11":"tag-edition-nancy-et-agglomeration","12":"tag-eu","13":"tag-europe","14":"tag-faits-divers-justice","15":"tag-fr","16":"tag-france","17":"tag-grand-est","18":"tag-metropole-du-grand-nancy-54b4","19":"tag-meurthe-et-moselle","20":"tag-nancy","21":"tag-news","22":"tag-republique-francaise","23":"tag-tomblaine"},"share_on_mastodon":{"url":"https:\/\/pubeurope.com\/@fr\/115493091718320067","error":""},"_links":{"self":[{"href":"https:\/\/www.europesays.com\/fr\/wp-json\/wp\/v2\/posts\/511823","targetHints":{"allow":["GET"]}}],"collection":[{"href":"https:\/\/www.europesays.com\/fr\/wp-json\/wp\/v2\/posts"}],"about":[{"href":"https:\/\/www.europesays.com\/fr\/wp-json\/wp\/v2\/types\/post"}],"author":[{"embeddable":true,"href":"https:\/\/www.europesays.com\/fr\/wp-json\/wp\/v2\/users\/2"}],"replies":[{"embeddable":true,"href":"https:\/\/www.europesays.com\/fr\/wp-json\/wp\/v2\/comments?post=511823"}],"version-history":[{"count":0,"href":"https:\/\/www.europesays.com\/fr\/wp-json\/wp\/v2\/posts\/511823\/revisions"}],"wp:featuredmedia":[{"embeddable":true,"href":"https:\/\/www.europesays.com\/fr\/wp-json\/wp\/v2\/media\/511824"}],"wp:attachment":[{"href":"https:\/\/www.europesays.com\/fr\/wp-json\/wp\/v2\/media?parent=511823"}],"wp:term":[{"taxonomy":"category","embeddable":true,"href":"https:\/\/www.europesays.com\/fr\/wp-json\/wp\/v2\/categories?post=511823"},{"taxonomy":"post_tag","embeddable":true,"href":"https:\/\/www.europesays.com\/fr\/wp-json\/wp\/v2\/tags?post=511823"}],"curies":[{"name":"wp","href":"https:\/\/api.w.org\/{rel}","templated":true}]}}