{"id":511836,"date":"2025-11-04T19:38:18","date_gmt":"2025-11-04T19:38:18","guid":{"rendered":"https:\/\/www.europesays.com\/fr\/511836\/"},"modified":"2025-11-04T19:38:18","modified_gmt":"2025-11-04T19:38:18","slug":"grenoble-rencontre-avec-anne-bachelier-samedi-8-novembre-a-la-galerie-vent-des-cimes","status":"publish","type":"post","link":"https:\/\/www.europesays.com\/fr\/511836\/","title":{"rendered":"Grenoble. Rencontre avec Anne Bachelier samedi 8\u00a0novembre \u00e0 la galerie Vent des Cimes"},"content":{"rendered":"<p>Une rencontre est organis\u00e9e avec Anne Bachelier \u00e0 la galerie Vent des Cimes. Dans le cadre de son exposition \u201cLe Th\u00e9\u00e2tre des Songes\u201d actuellement pr\u00e9sent\u00e9e \u00e0 la galerie. L\u2019artiste sera pr\u00e9sente samedi 8\u00a0novembre d\u00e8s 15\u00a0heures pour un moment d\u2019\u00e9change et de d\u00e9dicaces.<\/p>\n<p class=\"note\">Galerie Vent des Cimes, 9 place Victor-Hugo \u00e0 Grenoble. Infos sur www.galerie-ventdescimes.com ou 04\u00a076\u00a046\u00a020\u00a009.<\/p>\n","protected":false},"excerpt":{"rendered":"Une rencontre est organis\u00e9e avec Anne Bachelier \u00e0 la galerie Vent des Cimes. Dans le cadre de son&hellip;\n","protected":false},"author":2,"featured_media":511837,"comment_status":"","ping_status":"","sticky":false,"template":"","format":"standard","meta":{"footnotes":""},"categories":[9566],"tags":[1111,11,2430,1687,112,1777,674,1011,27,2731,2732,12,25],"class_list":{"0":"post-511836","1":"post","2":"type-post","3":"status-publish","4":"format-standard","5":"has-post-thumbnail","7":"category-grenoble","8":"tag-actu","9":"tag-actualites","10":"tag-auvergne-rhone-alpes","11":"tag-culture-loisirs","12":"tag-edition-grenoble-agglomeration","13":"tag-eu","14":"tag-europe","15":"tag-fr","16":"tag-france","17":"tag-grenoble","18":"tag-grenoble-bassin","19":"tag-news","20":"tag-republique-francaise"},"share_on_mastodon":{"url":"https:\/\/pubeurope.com\/@fr\/115493123205285606","error":""},"_links":{"self":[{"href":"https:\/\/www.europesays.com\/fr\/wp-json\/wp\/v2\/posts\/511836","targetHints":{"allow":["GET"]}}],"collection":[{"href":"https:\/\/www.europesays.com\/fr\/wp-json\/wp\/v2\/posts"}],"about":[{"href":"https:\/\/www.europesays.com\/fr\/wp-json\/wp\/v2\/types\/post"}],"author":[{"embeddable":true,"href":"https:\/\/www.europesays.com\/fr\/wp-json\/wp\/v2\/users\/2"}],"replies":[{"embeddable":true,"href":"https:\/\/www.europesays.com\/fr\/wp-json\/wp\/v2\/comments?post=511836"}],"version-history":[{"count":0,"href":"https:\/\/www.europesays.com\/fr\/wp-json\/wp\/v2\/posts\/511836\/revisions"}],"wp:featuredmedia":[{"embeddable":true,"href":"https:\/\/www.europesays.com\/fr\/wp-json\/wp\/v2\/media\/511837"}],"wp:attachment":[{"href":"https:\/\/www.europesays.com\/fr\/wp-json\/wp\/v2\/media?parent=511836"}],"wp:term":[{"taxonomy":"category","embeddable":true,"href":"https:\/\/www.europesays.com\/fr\/wp-json\/wp\/v2\/categories?post=511836"},{"taxonomy":"post_tag","embeddable":true,"href":"https:\/\/www.europesays.com\/fr\/wp-json\/wp\/v2\/tags?post=511836"}],"curies":[{"name":"wp","href":"https:\/\/api.w.org\/{rel}","templated":true}]}}