{"id":511838,"date":"2025-11-04T19:39:11","date_gmt":"2025-11-04T19:39:11","guid":{"rendered":"https:\/\/www.europesays.com\/fr\/511838\/"},"modified":"2025-11-04T19:39:11","modified_gmt":"2025-11-04T19:39:11","slug":"grenoble-un-mandat-darret-europeen-lance-contre-un-pere-et-ses-complices-suspectes-davoir-enleve-un-bebe-de-deux-mois","status":"publish","type":"post","link":"https:\/\/www.europesays.com\/fr\/511838\/","title":{"rendered":"Grenoble\u00a0: un mandat d\u2019arr\u00eat europ\u00e9en lanc\u00e9 contre un p\u00e8re et ses complices suspect\u00e9s d\u2019avoir enlev\u00e9 un b\u00e9b\u00e9 de deux mois"},"content":{"rendered":"<p class=\"paragraph text_align_left lp-f-body-02\">Un b\u00e9b\u00e9 de deux mois est toujours introuvable depuis dimanche \u00e0<a href=\"https:\/\/www.leparisien.fr\/elections\/municipales\/municipales-2026-a-grenoble-le-candidat-lfi-denonce-une-croix-gammee-sur-une-de-ses-affiches-03-11-2025-YMAFIET2YRDCHAYIQ4GIAQCBOA.php\" target=\"_self\" rel=\"nofollow noopener\"> Grenoble<\/a> (<a href=\"https:\/\/www.leparisien.fr\/isere-38\/\" target=\"_blank\" rel=\"nofollow noopener\">Is\u00e8re<\/a>). Le 2 novembre au soir, la m\u00e8re du nourrisson a signal\u00e9 aux services de police la disparition de l\u2019enfant, enlev\u00e9 selon elle par son p\u00e8re domicili\u00e9 en <a href=\"https:\/\/www.leparisien.fr\/international\/belgique-le-gouvernement-doit-trouver-10-milliards-deuros-deconomies-dici-jeudi-03-11-2025-5OBEUTQE6FBX5KPL6RPPRHIVTU.php\" target=\"_self\" rel=\"nofollow noopener\">Belgique<\/a>.<\/p>\n<p class=\"paragraph text_align_left lp-f-body-02\">Selon nos confr\u00e8res du <a href=\"https:\/\/www.ledauphine.com\/faits-divers-justice\/2025\/11\/04\/isere-metropole-de-grenoble-enlevement-d-un-bebe-a-grenoble-un-mandat-d-arret-europeen-lance-contre-le-pere\" target=\"_blank\" rel=\"nofollow noopener\">Dauphin\u00e9 Lib\u00e9r\u00e9<\/a>, le parquet annonce ce mardi avoir lanc\u00e9 des mandats d\u2019arr\u00eats europ\u00e9ens \u00e0 l\u2019encontre du p\u00e8re et de ses complices. Lundi, le tribunal a ouvert une information judiciaire pour \u00ab soustraction de mineur par ascendant \u00bb et \u00ab violences volontaires aggrav\u00e9es \u00bb. Le dispositif <a href=\"https:\/\/www.leparisien.fr\/faits-divers\/alerte-enlevement-le-dispositif-declenche-trois-fois-en-un-mois-y-en-a-t-il-de-plus-en-plus-21-10-2025-YXESTS2GUBEKFEVUIDYIZ7JINE.php\" target=\"_self\" rel=\"nofollow noopener\">alerte enl\u00e8vement<\/a> n\u2019a pas \u00e9t\u00e9 d\u00e9clench\u00e9 pour le moment.<\/p>\n<p>Disputes sur la garde de l\u2019enfant<\/p>\n<p class=\"paragraph text_align_left lp-f-body-02\">D\u2019apr\u00e8s le quotidien r\u00e9gional, la m\u00e8re qui a dit subir des violences conjugales a fui la Belgique, o\u00f9 elle r\u00e9sidait avec son mari. Elle est arriv\u00e9e en compagnie du b\u00e9b\u00e9 chez sa m\u00e8re domicili\u00e9e \u00e0 Grenoble le 17 octobre dernier. Depuis, les deux parents en proc\u00e9dure de s\u00e9paration, se disputaient au sujet de la garde de l\u2019enfant.<\/p>\n<p class=\"paragraph text_align_left lp-f-body-02\">Dimanche, le p\u00e8re se serait pr\u00e9sent\u00e9 dans le nouveau lieu de r\u00e9sidence de son ex-compagne, arm\u00e9 d\u2019une batte de base-ball. Accompagn\u00e9 de sa m\u00e8re et de l\u2019un de ses cousins, il se serait montr\u00e9 agressif avant de repartir avec l\u2019enfant.<\/p>\n<p class=\"lp-card-podcast-highlighting__title  lp-f-subtitle-05\">[2\/4] L\u2019assassinat du PDG de Renault : la sanglante \u00e9pop\u00e9e du groupe Action directe<\/p>\n<p class=\"lp-card-podcast-highlighting__description lp-f-ui-05\">Crime story raconte chaque semaine les grandes affaires criminelles.<\/p>\n<p><a class=\"lp-card-podcast-highlighting__call-to-action\" data-page-type=\"HP\" data-block-name=\"podcast-highlight\">\u00c9couter<\/a><\/p>\n<p class=\"paragraph text_align_left lp-f-body-02\">Le dispositif alerte enl\u00e8vement n\u2019a pas \u00e9t\u00e9 d\u00e9clench\u00e9 pour le moment. En effet, \u00ab aucun \u00e9l\u00e9ment ne laisse penser que le mineur est en danger avec son p\u00e8re \u00bb, pr\u00e9cise une source porche de l\u2019enqu\u00eate au Dauphin\u00e9 Lib\u00e9r\u00e9.<\/p>\n","protected":false},"excerpt":{"rendered":"Un b\u00e9b\u00e9 de deux mois est toujours introuvable depuis dimanche \u00e0 Grenoble (Is\u00e8re). Le 2 novembre au soir,&hellip;\n","protected":false},"author":2,"featured_media":511839,"comment_status":"","ping_status":"","sticky":false,"template":"","format":"standard","meta":{"footnotes":""},"categories":[9566],"tags":[1111,11,2430,459,1777,674,118,1011,27,2731,12,25],"class_list":{"0":"post-511838","1":"post","2":"type-post","3":"status-publish","4":"format-standard","5":"has-post-thumbnail","7":"category-grenoble","8":"tag-actu","9":"tag-actualites","10":"tag-auvergne-rhone-alpes","11":"tag-departements-horsidfo","12":"tag-eu","13":"tag-europe","14":"tag-faits-divers","15":"tag-fr","16":"tag-france","17":"tag-grenoble","18":"tag-news","19":"tag-republique-francaise"},"share_on_mastodon":{"url":"https:\/\/pubeurope.com\/@fr\/115493127089479571","error":""},"_links":{"self":[{"href":"https:\/\/www.europesays.com\/fr\/wp-json\/wp\/v2\/posts\/511838","targetHints":{"allow":["GET"]}}],"collection":[{"href":"https:\/\/www.europesays.com\/fr\/wp-json\/wp\/v2\/posts"}],"about":[{"href":"https:\/\/www.europesays.com\/fr\/wp-json\/wp\/v2\/types\/post"}],"author":[{"embeddable":true,"href":"https:\/\/www.europesays.com\/fr\/wp-json\/wp\/v2\/users\/2"}],"replies":[{"embeddable":true,"href":"https:\/\/www.europesays.com\/fr\/wp-json\/wp\/v2\/comments?post=511838"}],"version-history":[{"count":0,"href":"https:\/\/www.europesays.com\/fr\/wp-json\/wp\/v2\/posts\/511838\/revisions"}],"wp:featuredmedia":[{"embeddable":true,"href":"https:\/\/www.europesays.com\/fr\/wp-json\/wp\/v2\/media\/511839"}],"wp:attachment":[{"href":"https:\/\/www.europesays.com\/fr\/wp-json\/wp\/v2\/media?parent=511838"}],"wp:term":[{"taxonomy":"category","embeddable":true,"href":"https:\/\/www.europesays.com\/fr\/wp-json\/wp\/v2\/categories?post=511838"},{"taxonomy":"post_tag","embeddable":true,"href":"https:\/\/www.europesays.com\/fr\/wp-json\/wp\/v2\/tags?post=511838"}],"curies":[{"name":"wp","href":"https:\/\/api.w.org\/{rel}","templated":true}]}}