{"id":511844,"date":"2025-11-04T19:42:29","date_gmt":"2025-11-04T19:42:29","guid":{"rendered":"https:\/\/www.europesays.com\/fr\/511844\/"},"modified":"2025-11-04T19:42:29","modified_gmt":"2025-11-04T19:42:29","slug":"strasbourg-le-debat-qui-a-peur-des-droits-humains-jeudi-a-lerage","status":"publish","type":"post","link":"https:\/\/www.europesays.com\/fr\/511844\/","title":{"rendered":"Strasbourg. Le d\u00e9bat \u201cQui a peur des droits humains\u00a0?\u201d, jeudi \u00e0 l\u2019Erage"},"content":{"rendered":"<p>L\u2019Association des \u00e9coles d\u2019\u00e9tudes politiques (AEEP) organise le jeudi 6\u00a0novembre \u00e0 19\u00a0h\u00a030 \u00e0 l\u2019Erage un d\u00e9bat public intitul\u00e9 \u201cQui a peur des droits humains\u00a0? Utopie ou dystopie en 2025\u00a0?\u201d.<\/p>\n<p>\u00c0 la fin des ann\u00e9es 40, nos a\u00een\u00e9s ont imagin\u00e9 un ordre mondial fond\u00e9 sur des r\u00e8gles pour nous permettre de vivre en paix. Aujourd\u2019hui cette utopie se transforme devant nos yeux en un cauchemar dystopique de conflits, de tyrannie, de populisme et de violations flagrantes de nos droits les plus \u00e9l\u00e9mentaires.<\/p>\n<p>De plus en plus de dirigeants \u00e0 travers le monde, y compris&#8230;<\/p>\n","protected":false},"excerpt":{"rendered":"L\u2019Association des \u00e9coles d\u2019\u00e9tudes politiques (AEEP) organise le jeudi 6\u00a0novembre \u00e0 19\u00a0h\u00a030 \u00e0 l\u2019Erage un d\u00e9bat public intitul\u00e9&hellip;\n","protected":false},"author":2,"featured_media":511845,"comment_status":"","ping_status":"","sticky":false,"template":"","format":"standard","meta":{"footnotes":""},"categories":[2820],"tags":[1111,11,6211,1687,2880,1777,674,1011,27,775,12,5486,25,640,2879],"class_list":{"0":"post-511844","1":"post","2":"type-post","3":"status-publish","4":"format-standard","5":"has-post-thumbnail","7":"category-strasbourg","8":"tag-actu","9":"tag-actualites","10":"tag-conference","11":"tag-culture-loisirs","12":"tag-edition-strasbourg","13":"tag-eu","14":"tag-europe","15":"tag-fr","16":"tag-france","17":"tag-grand-est","18":"tag-news","19":"tag-rencontre","20":"tag-republique-francaise","21":"tag-strasbourg","22":"tag-strasbourg-ville"},"share_on_mastodon":{"url":"https:\/\/pubeurope.com\/@fr\/115493138970662980","error":""},"_links":{"self":[{"href":"https:\/\/www.europesays.com\/fr\/wp-json\/wp\/v2\/posts\/511844","targetHints":{"allow":["GET"]}}],"collection":[{"href":"https:\/\/www.europesays.com\/fr\/wp-json\/wp\/v2\/posts"}],"about":[{"href":"https:\/\/www.europesays.com\/fr\/wp-json\/wp\/v2\/types\/post"}],"author":[{"embeddable":true,"href":"https:\/\/www.europesays.com\/fr\/wp-json\/wp\/v2\/users\/2"}],"replies":[{"embeddable":true,"href":"https:\/\/www.europesays.com\/fr\/wp-json\/wp\/v2\/comments?post=511844"}],"version-history":[{"count":0,"href":"https:\/\/www.europesays.com\/fr\/wp-json\/wp\/v2\/posts\/511844\/revisions"}],"wp:featuredmedia":[{"embeddable":true,"href":"https:\/\/www.europesays.com\/fr\/wp-json\/wp\/v2\/media\/511845"}],"wp:attachment":[{"href":"https:\/\/www.europesays.com\/fr\/wp-json\/wp\/v2\/media?parent=511844"}],"wp:term":[{"taxonomy":"category","embeddable":true,"href":"https:\/\/www.europesays.com\/fr\/wp-json\/wp\/v2\/categories?post=511844"},{"taxonomy":"post_tag","embeddable":true,"href":"https:\/\/www.europesays.com\/fr\/wp-json\/wp\/v2\/tags?post=511844"}],"curies":[{"name":"wp","href":"https:\/\/api.w.org\/{rel}","templated":true}]}}