{"id":511846,"date":"2025-11-04T19:43:14","date_gmt":"2025-11-04T19:43:14","guid":{"rendered":"https:\/\/www.europesays.com\/fr\/511846\/"},"modified":"2025-11-04T19:43:14","modified_gmt":"2025-11-04T19:43:14","slug":"ligue-conference-arnaud-janus-supporter-du-racing-club-de-strasbourg-et-du-foot-nordique","status":"publish","type":"post","link":"https:\/\/www.europesays.com\/fr\/511846\/","title":{"rendered":"Ligue Conf\u00e9rence. Arnaud Janus, supporter du Racing club de Strasbourg et&#8230; du foot nordique"},"content":{"rendered":"<p>Arnaud Janus sera ce jeudi \u00e0 G\u00f6teborg. Il ne pouvait en \u00eatre autrement pour cet amoureux du <a href=\"https:\/\/www.dna.fr\/sport\/rcsa-racing-club-strasbourg\" target=\"_blank\" rel=\"noopener\">Racing<\/a> et du football nordique. Et comme le hasard fait bien les choses, il retrouvera le Gamla Ullevi, l\u2019antre de son club su\u00e9dois pr\u00e9f\u00e9r\u00e9, l\u2019IFK, o\u00f9 il a d\u00e9j\u00e0 v\u00e9cu de grands moments d\u2019\u00e9motions, comme l\u2019hommage rendu \u00e0 Sven-Goran Eriksson, qui se savait alors condamn\u00e9, au printemps dernier.<\/p>\n<p>Tout a commenc\u00e9 avec les fr\u00e8res Farnerud<\/p>\n<p>Le football a toujours \u00e9t\u00e9 une passion d\u00e9vorante pour l\u2019habitant de Berstheim, en Alsace du nord. \u00ab\u00a0Et comme tout Alsacien, quand on aime le foot, la question de supporter le Racing ne se pose pas, sourit l\u2019abonn\u00e9 en tribune Est depuis une petite dizaine d\u2019ann\u00e9es. Le club est aujourd\u2019hui en grande mutation (apr\u00e8s son rachat par le consortium am\u00e9ricain&#8230;<\/p>\n","protected":false},"excerpt":{"rendered":"Arnaud Janus sera ce jeudi \u00e0 G\u00f6teborg. Il ne pouvait en \u00eatre autrement pour cet amoureux du Racing&hellip;\n","protected":false},"author":2,"featured_media":511847,"comment_status":"","ping_status":"","sticky":false,"template":"","format":"standard","meta":{"footnotes":""},"categories":[2820],"tags":[328,1111,11,2880,1777,674,107,63,1011,27,775,12,41281,25,517,640,2879],"class_list":{"0":"post-511846","1":"post","2":"type-post","3":"status-publish","4":"format-standard","5":"has-post-thumbnail","7":"category-strasbourg","8":"tag-a-la-une","9":"tag-actu","10":"tag-actualites","11":"tag-edition-strasbourg","12":"tag-eu","13":"tag-europe","14":"tag-fil-info","15":"tag-football","16":"tag-fr","17":"tag-france","18":"tag-grand-est","19":"tag-news","20":"tag-racing-club-strasbourg-masculin","21":"tag-republique-francaise","22":"tag-sport","23":"tag-strasbourg","24":"tag-strasbourg-ville"},"share_on_mastodon":{"url":"https:\/\/pubeurope.com\/@fr\/115493142894152887","error":""},"_links":{"self":[{"href":"https:\/\/www.europesays.com\/fr\/wp-json\/wp\/v2\/posts\/511846","targetHints":{"allow":["GET"]}}],"collection":[{"href":"https:\/\/www.europesays.com\/fr\/wp-json\/wp\/v2\/posts"}],"about":[{"href":"https:\/\/www.europesays.com\/fr\/wp-json\/wp\/v2\/types\/post"}],"author":[{"embeddable":true,"href":"https:\/\/www.europesays.com\/fr\/wp-json\/wp\/v2\/users\/2"}],"replies":[{"embeddable":true,"href":"https:\/\/www.europesays.com\/fr\/wp-json\/wp\/v2\/comments?post=511846"}],"version-history":[{"count":0,"href":"https:\/\/www.europesays.com\/fr\/wp-json\/wp\/v2\/posts\/511846\/revisions"}],"wp:featuredmedia":[{"embeddable":true,"href":"https:\/\/www.europesays.com\/fr\/wp-json\/wp\/v2\/media\/511847"}],"wp:attachment":[{"href":"https:\/\/www.europesays.com\/fr\/wp-json\/wp\/v2\/media?parent=511846"}],"wp:term":[{"taxonomy":"category","embeddable":true,"href":"https:\/\/www.europesays.com\/fr\/wp-json\/wp\/v2\/categories?post=511846"},{"taxonomy":"post_tag","embeddable":true,"href":"https:\/\/www.europesays.com\/fr\/wp-json\/wp\/v2\/tags?post=511846"}],"curies":[{"name":"wp","href":"https:\/\/api.w.org\/{rel}","templated":true}]}}