{"id":511852,"date":"2025-11-04T19:46:38","date_gmt":"2025-11-04T19:46:38","guid":{"rendered":"https:\/\/www.europesays.com\/fr\/511852\/"},"modified":"2025-11-04T19:46:38","modified_gmt":"2025-11-04T19:46:38","slug":"lhorizon-selon-jean-michel-lenoir-se-decouvre-a-pont-saint-martin","status":"publish","type":"post","link":"https:\/\/www.europesays.com\/fr\/511852\/","title":{"rendered":"L\u2019horizon selon Jean-Michel Lenoir se d\u00e9couvre \u00e0 Pont-Saint-Martin"},"content":{"rendered":"<p>Du samedi\u00a08 au mardi 11\u00a0novembre, le festival photo martipontain proposera un panel d\u2019images de nature et de voyages ou plus abstraites, \u00e0 travers dix-sept\u00a0expositions, dans neuf lieux diff\u00e9rents. Photographes professionnels et amateurs auront quatre jours pour profiter du parcours en images parrain\u00e9 par <a href=\"https:\/\/www.jean-michel-lenoir.com\/\" target=\"_blank\" rel=\"noopener\">Jean-Michel Lenoir<\/a>.<\/p>\n<p>Plusieurs fois prim\u00e9 pour ses clich\u00e9s de nature, cet auteur, qui con\u00e7oit et organise des voyages autour de la photographie des paysages, a r\u00e9alis\u00e9 quatre livres. Le dernier paru, Horizons, sera pr\u00e9sent\u00e9 lors du festival. C\u2019est \u00a0une vision in\u00e9dite et personnelle des quatre dimensions de l\u2019horizon\u00a0: l\u2019oc\u00e9an, la po\u00e9sie des nuages, les nuances pastel et l\u2019apaisement du cr\u00e9puscule\u00a0\u00bb, commente Jean-Michel Lenoir.<\/p>\n<p>\t<img decoding=\"async\" src=\"https:\/\/www.europesays.com\/fr\/wp-content\/uploads\/2025\/11\/P35561479D7049156G_px_640_.jpg\" alt=\"photo jean-michel lenoir est cette ann\u00e9e le parrain du festival photo de pont-saint-martin.  \u00a9  boulin-watrin karine\" width=\"640\" title=\" Jean-Michel Lenoir est cette ann\u00e9e le parrain du festival photo de Pont-Saint-Martin.   Boulin-Watrin Karine \"\/><\/p>\n<p class=\"elmt-legende\"> Jean-Michel Lenoir est cette ann\u00e9e le parrain du festival photo de Pont-Saint-Martin.   Boulin-Watrin Karine <\/p>\n<p>Jean-Michel Lenoir animera une conf\u00e9rence autour de son \u0153uvre lundi 10\u00a0novembre, \u00e0 20\u00a0h, \u00e0 l\u2019Origami, aux c\u00f4t\u00e9s de Bruno et Dorota S\u00e9n\u00e9chal, photographes animaliers professionnels. Ces derniers pr\u00e9senteront une exposition montrant les loups du Grand Nord canadien.<\/p>\n<p>Neuf lieux d\u2019exposition<\/p>\n<p>Si le point de d\u00e9part reste l\u2019espace culturel, l\u2019Origami, le festival d\u00e9ploie ses ailes dans d\u2019autres lieux de la commune, en ext\u00e9rieur ou en int\u00e9rieur (m\u00e9diath\u00e8que, salle Saint-Martin, au Vieux pressoir et au P\u2019tit Lieu). Il s\u2019installe aussi \u00e0 la Maison des P\u00eacheurs de Passay, \u00e0 La Chevroli\u00e8re, et \u00e0 l\u2019abbatiale de Saint-Philbert-de-Grandlieu.<\/p>\n<p>Parmi les exposants, des figures reconnues dans le monde de la photographie, tels que Nicolas Orillard-Demaire (NOD), Michel Tellia, Jean-Marie Seveno, Lionel Montico, Benoist Clouet. Le travail des photographes amateurs du club photo de Pont-Saint-Martin est \u00e9galement pr\u00e9sent\u00e9. Des mini-conf\u00e9rences permettront d\u2019\u00e9changer avec les professionnels de l\u2019image \u00e0 l\u2019Origami, dimanche (\u00e0 10\u00a0h, 11\u00a0h\u00a030, 14\u00a0h\u00a030 et 16\u00a0h) et mardi (11\u00a0h\u00a030, 14\u00a0h\u00a030 et 16\u00a0h).<\/p>\n<p><strong>Voir \u00e9galement\u00a0: <\/strong> <a href=\"https:\/\/nantes.maville.com\/actu\/actudet_-en-images.-nantes-comme-vous-l-avez-rarement-vue-le-regard-de-quarante-photographes-sur-la-ville-_8-6416077_actu.Htm\" target=\"_blank\" rel=\"noopener\">EN IMAGES. Nantes comme vous l\u2019avez rarement vue\u00a0: le regard de quarante photographes sur la ville<\/a><\/p>\n<p>Une foire photo<\/p>\n<p>Soixante exposants en provenance de toute la France seront pr\u00e9sents, dimanche, \u00e0 l\u2019Origami, de 9\u00a0h \u00e0 18\u00a0h, proposant du mat\u00e9riel d\u2019occasion et de collection avec des essais possibles de grandes marques. Il y aura des animations portrait street box et chambre avec le club Alea, de Nantes, et Francis Courtemanche.<\/p>\n<p>\u00a0Le calendrier 2025 nous offre une journ\u00e9e suppl\u00e9mentaire pour cette 18e \u00e9dition et nous accueillerons les \u00e9coliers martipontains lundi 10\u00a0novembre\u00a0\u00bb, se r\u00e9jouit Patrick Bour\u00e9, pr\u00e9sident du photo-club local.<\/p>\n<p><strong>Du samedi\u00a08 au mardi 11\u00a0novembre, de 9\u00a0h \u00e0 18\u00a0h<\/strong> (10\u00a0h-12\u00a0h\u00a030 et 14\u00a0h-17\u00a0h\u00a030 \u00e0 La Chevroli\u00e8re et Saint-Philbert-de-Grandlieu). Pass festival \u00e0 7\u00a0\u20ac. Bar et restauration \u00e0 l\u2019Origami.<\/p>\n<p>\u00a0<\/p>\n","protected":false},"excerpt":{"rendered":"Du samedi\u00a08 au mardi 11\u00a0novembre, le festival photo martipontain proposera un panel d\u2019images de nature et de voyages&hellip;\n","protected":false},"author":2,"featured_media":511853,"comment_status":"","ping_status":"","sticky":false,"template":"","format":"standard","meta":{"footnotes":""},"categories":[2818],"tags":[1111,11,4105,1777,674,1011,27,37739,40871,63260,766,12,2636,5689,25],"class_list":{"0":"post-511852","1":"post","2":"type-post","3":"status-publish","4":"format-standard","5":"has-post-thumbnail","7":"category-nantes","8":"tag-actu","9":"tag-actualites","10":"tag-decouvre","11":"tag-eu","12":"tag-europe","13":"tag-fr","14":"tag-france","15":"tag-horizon","16":"tag-jean-michel","17":"tag-lenoir","18":"tag-nantes","19":"tag-news","20":"tag-pays-de-la-loire","21":"tag-pont-saint-martin","22":"tag-republique-francaise"},"share_on_mastodon":{"url":"https:\/\/pubeurope.com\/@fr\/115493155432832564","error":""},"_links":{"self":[{"href":"https:\/\/www.europesays.com\/fr\/wp-json\/wp\/v2\/posts\/511852","targetHints":{"allow":["GET"]}}],"collection":[{"href":"https:\/\/www.europesays.com\/fr\/wp-json\/wp\/v2\/posts"}],"about":[{"href":"https:\/\/www.europesays.com\/fr\/wp-json\/wp\/v2\/types\/post"}],"author":[{"embeddable":true,"href":"https:\/\/www.europesays.com\/fr\/wp-json\/wp\/v2\/users\/2"}],"replies":[{"embeddable":true,"href":"https:\/\/www.europesays.com\/fr\/wp-json\/wp\/v2\/comments?post=511852"}],"version-history":[{"count":0,"href":"https:\/\/www.europesays.com\/fr\/wp-json\/wp\/v2\/posts\/511852\/revisions"}],"wp:featuredmedia":[{"embeddable":true,"href":"https:\/\/www.europesays.com\/fr\/wp-json\/wp\/v2\/media\/511853"}],"wp:attachment":[{"href":"https:\/\/www.europesays.com\/fr\/wp-json\/wp\/v2\/media?parent=511852"}],"wp:term":[{"taxonomy":"category","embeddable":true,"href":"https:\/\/www.europesays.com\/fr\/wp-json\/wp\/v2\/categories?post=511852"},{"taxonomy":"post_tag","embeddable":true,"href":"https:\/\/www.europesays.com\/fr\/wp-json\/wp\/v2\/tags?post=511852"}],"curies":[{"name":"wp","href":"https:\/\/api.w.org\/{rel}","templated":true}]}}