{"id":511858,"date":"2025-11-04T19:49:12","date_gmt":"2025-11-04T19:49:12","guid":{"rendered":"https:\/\/www.europesays.com\/fr\/511858\/"},"modified":"2025-11-04T19:49:12","modified_gmt":"2025-11-04T19:49:12","slug":"bordeaux-lille-lyon-paris-damso-annonce-une-tournee-de-30-dates-a-travers-la-france-au-printemps-2026","status":"publish","type":"post","link":"https:\/\/www.europesays.com\/fr\/511858\/","title":{"rendered":"Bordeaux, Lille, Lyon, Paris\u2026 Damso annonce une tourn\u00e9e de 30 dates \u00e0 travers la France au printemps 2026"},"content":{"rendered":"<p class=\"paragraph text_align_left lp-f-body-02\">Derni\u00e8re danse pour <a href=\"https:\/\/www.leparisien.fr\/culture-loisirs\/musique\/damso-sur-sa-chanson-pour-le-sidaction-jai-voulu-ecrire-un-hymne-a-lespoir-et-briser-les-tabous-13-03-2025-HXMVINVXKBFQ7KIM7BJSQ2BKXQ.php\" target=\"_self\" rel=\"nofollow noopener\">Damso<\/a> ? Le rappeur belge a annonc\u00e9 ce mardi une tourn\u00e9e dans toute la France pr\u00e9vue au printemps 2026 dans le cadre de <a href=\"https:\/\/www.leparisien.fr\/culture-loisirs\/musique\/cest-beau-de-partager-ca-le-rappeur-damso-devoile-a-paris-son-dernier-album-beyah-28-05-2025-6L7VRLPJGNBZFMSWCPGE4K5QQQ.php\" target=\"_self\" rel=\"nofollow noopener\">son album \u00ab BEYAH \u00bb<\/a>, sorti en mai et qu\u2019il pr\u00e9sente comme le dernier dans ce format.<\/p>\n<p class=\"paragraph text_align_left lp-f-body-02\">L\u2019artiste r\u00e9v\u00e9l\u00e9 au grand public par \u00ab Batterie faible \u00bb (2016) entamera sa tourn\u00e9e hexagonale par un show \u00e0 Rouen, le 2 avril 2026. Puis il passera par Toulouse, Nantes, Nice, Bordeaux, Strasbourg, Lille, Lyon, Caen, Brest ou encore Montpellier.<\/p>\n<p class=\"paragraph text_align_left lp-f-body-02\">Damso annonce \u00e9galement une quatri\u00e8me date \u00e0 Paris La D\u00e9fense Arena, le 31 mai, alors que ses trois concerts dans la capitale pr\u00e9c\u00e9demment annonc\u00e9 sont d\u00e9j\u00e0 complets. Au total, le rappeur se produira \u00e0 30 reprises en France. Des dates en Suisse, mais aussi en Belgique et au Canada, ont aussi \u00e9t\u00e9 annonc\u00e9es.<\/p>\n<p class=\"paragraph text_align_left lp-f-body-02\">Les pr\u00e9ventes pour cette tourn\u00e9e seront accessibles d\u00e8s ce jeudi 6 octobre \u00e0 12 heures. La mise en vente g\u00e9n\u00e9rale aura lieu le lendemain, \u00e9galement \u00e0 midi.<\/p>\n<p>Mastodonte du rap francophone<\/p>\n<p class=\"paragraph text_align_left lp-f-body-02\">Actif depuis le d\u00e9but des ann\u00e9es 2000, William Kalubi Mwamba &#8211; de son vrai nom &#8211; perce r\u00e9ellement 16 ans plus tard avec \u00ab Batterie faible \u00bb. Il s\u2019impose comme l\u2019un des poids lourds du rap francophone avec des albums aux titres cryptiques (\u00ab Ips\u00e9it\u00e9 \u00bb, \u00ab Lithop\u00e9dion \u00bb) et aux productions soign\u00e9es, avec un flow reconnaissable et des textes sans d\u00e9tour. Certaines paroles jug\u00e9es sexistes par des associations f\u00e9ministes <a href=\"https:\/\/www.leparisien.fr\/culture-loisirs\/musique\/damso-quand-j-ecris-je-ne-fais-pas-semblant-03-12-2018-7960059.php\" rel=\"nofollow noopener\" target=\"_blank\">ont fait pol\u00e9mique<\/a>.<\/p>\n<p class=\"paragraph text_align_left lp-f-body-02\">Consid\u00e9r\u00e9 par ses admirateurs comme un po\u00e8te sombre et corrosif, Damso ne s\u2019\u00e9pargne pas dans sa musique, entre r\u00e9ussite et exc\u00e8s. N\u00e9 au Za\u00efre, aujourd\u2019hui R\u00e9publique d\u00e9mocratique du Congo, il a fui la guerre avec ses parents. Il a pos\u00e9 avec d\u2019autres rappeurs comme Ninho et Gradur <a href=\"https:\/\/www.leparisien.fr\/paris-75\/solidarite-congo-gims-dadju-gazo-une-pluie-de-stars-ont-chante-a-paris-pour-repandre-la-paix-23-04-2025-4KAJ3PUEVFBWDBALKQ2H7HBDEQ.php\" rel=\"nofollow noopener\" target=\"_blank\">sur le titre \u00ab Free Congo \u00bb<\/a>, pour d\u00e9noncer le <a href=\"https:\/\/www.leparisien.fr\/international\/ambassade-francaise-attaquee-offensive-du-m23-a-goma-5-minutes-pour-comprendre-ce-quil-se-passe-en-rdc-29-01-2025-DW46WWZJ6NA4FLXVOCNN4QFKZY.php\" rel=\"nofollow noopener\" target=\"_blank\">conflit qui gangr\u00e8ne la RDC<\/a> depuis une trentaine d\u2019ann\u00e9es.<\/p>\n<p class=\"paragraph text_align_left lp-f-body-02\">Parmi ses collaborations, Damso a partag\u00e9 des duos avec Werenoi, champion des ventes d\u2019albums, <a href=\"https:\/\/www.leparisien.fr\/culture-loisirs\/musique\/mort-du-rappeur-werenoi-les-ventes-de-ses-albums-explosent-depuis-sa-disparition-23-05-2025-4L2KISEXCNE4FC5SCPVCJ3EQGU.php\" rel=\"nofollow noopener\" target=\"_blank\">d\u00e9c\u00e9d\u00e9 brutalement mi-mai \u00e0 31 ans<\/a>.<\/p>\n","protected":false},"excerpt":{"rendered":"Derni\u00e8re danse pour Damso ? Le rappeur belge a annonc\u00e9 ce mardi une tourn\u00e9e dans toute la France&hellip;\n","protected":false},"author":2,"featured_media":178241,"comment_status":"","ping_status":"","sticky":false,"template":"","format":"standard","meta":{"footnotes":""},"categories":[2817],"tags":[1111,11,1997,872,1777,674,1011,27,873,12,2219,25],"class_list":{"0":"post-511858","1":"post","2":"type-post","3":"status-publish","4":"format-standard","5":"has-post-thumbnail","7":"category-bordeaux","8":"tag-actu","9":"tag-actualites","10":"tag-bordeaux","11":"tag-culture-et-loisirs","12":"tag-eu","13":"tag-europe","14":"tag-fr","15":"tag-france","16":"tag-musique","17":"tag-news","18":"tag-nouvelle-aquitaine","19":"tag-republique-francaise"},"share_on_mastodon":{"url":"https:\/\/pubeurope.com\/@fr\/115493166444030419","error":""},"_links":{"self":[{"href":"https:\/\/www.europesays.com\/fr\/wp-json\/wp\/v2\/posts\/511858","targetHints":{"allow":["GET"]}}],"collection":[{"href":"https:\/\/www.europesays.com\/fr\/wp-json\/wp\/v2\/posts"}],"about":[{"href":"https:\/\/www.europesays.com\/fr\/wp-json\/wp\/v2\/types\/post"}],"author":[{"embeddable":true,"href":"https:\/\/www.europesays.com\/fr\/wp-json\/wp\/v2\/users\/2"}],"replies":[{"embeddable":true,"href":"https:\/\/www.europesays.com\/fr\/wp-json\/wp\/v2\/comments?post=511858"}],"version-history":[{"count":0,"href":"https:\/\/www.europesays.com\/fr\/wp-json\/wp\/v2\/posts\/511858\/revisions"}],"wp:featuredmedia":[{"embeddable":true,"href":"https:\/\/www.europesays.com\/fr\/wp-json\/wp\/v2\/media\/178241"}],"wp:attachment":[{"href":"https:\/\/www.europesays.com\/fr\/wp-json\/wp\/v2\/media?parent=511858"}],"wp:term":[{"taxonomy":"category","embeddable":true,"href":"https:\/\/www.europesays.com\/fr\/wp-json\/wp\/v2\/categories?post=511858"},{"taxonomy":"post_tag","embeddable":true,"href":"https:\/\/www.europesays.com\/fr\/wp-json\/wp\/v2\/tags?post=511858"}],"curies":[{"name":"wp","href":"https:\/\/api.w.org\/{rel}","templated":true}]}}