{"id":511868,"date":"2025-11-04T19:55:12","date_gmt":"2025-11-04T19:55:12","guid":{"rendered":"https:\/\/www.europesays.com\/fr\/511868\/"},"modified":"2025-11-04T19:55:12","modified_gmt":"2025-11-04T19:55:12","slug":"la-metropole-aix-marseille-provence-condamnee-a-payer-295-000-euros-pour-son-inaction","status":"publish","type":"post","link":"https:\/\/www.europesays.com\/fr\/511868\/","title":{"rendered":"la m\u00e9tropole Aix-Marseille-Provence condamn\u00e9e \u00e0 payer 295.000 euros pour son inaction"},"content":{"rendered":"<p>\n    \u00abLa cour constate la non-r\u00e9alisation persistante des obligations de la m\u00e9tropole\u00bb, a constat\u00e9 la cour administrative d\u2019appel de Marseille.<\/p>\n<p class=\"fig-paragraph\">La cour administrative d&rsquo;appel de Marseille a condamn\u00e9 mardi la\u00a0<a href=\"http:\/\/www.lefigaro.fr\/marseille\/marseille-des-perquisitions-menees-au-conseil-departemental-et-a-la-metropole-20250922\" data-fig-type=\"NewsFlash\" data-gtm-custom-categorie=\"navigation\" data-gtm-custom-action=\"crossclick\" data-gtm-custom-label=\"Contextuel\" data-gtm-event=\"customEventSPE\" data-fig-domain=\"LEFIGARO\" target=\"_blank\" rel=\"noopener\">m\u00e9tropole Aix-Marseille-Provence<\/a>\u00a0\u00e0 payer pr\u00e8s de 300.000 euros \u00e0 l&rsquo;\u00c9tat et \u00e0 une association, pour n&rsquo;avoir jamais install\u00e9 des aires d&rsquo;accueil \u00e0 destination des\u00a0<a href=\"http:\/\/www.lefigaro.fr\/nantes\/on-s-est-dit-qu-on-n-agressait-personne-des-gens-du-voyage-condamnes-pour-avoir-pille-les-troncs-des-eglises-du-grand-ouest-20251030\" data-fig-type=\"NewsFlash\" data-gtm-custom-categorie=\"navigation\" data-gtm-custom-action=\"crossclick\" data-gtm-custom-label=\"Contextuel\" data-gtm-event=\"customEventSPE\" data-fig-domain=\"LEFIGARO\" target=\"_blank\" rel=\"noopener\">gens du voyage<\/a>, pourtant attendues depuis plus d&rsquo;une d\u00e9cennie.<\/p>\n<p class=\"fig-paragraph\">C&rsquo;est le dernier jugement en date sur ce dossier, opposant depuis plusieurs ann\u00e9es la m\u00e9tropole \u00e0 l&rsquo;association La Vie du Voyage, qui r\u00e9clame l&rsquo;instauration de ces aires d&rsquo;accueil. Pr\u00e9vus par un sch\u00e9ma d\u00e9partemental publi\u00e9 en 2012, ces espaces n&rsquo;ont jamais vu le jour.<\/p>\n<p>                                    <a class=\"fig-a11y-skip a11y-hidden\" href=\"#fig-a11y-skip-main-inarticle\"><br \/>\n        Passer la publicit\u00e9<br \/>\n    <\/a><\/p>\n<p class=\"fig-paragraph\">En d\u00e9cembre 2024, la justice avait prononc\u00e9 une astreinte \u00e0 l&rsquo;encontre de la m\u00e9tropole Aix-Marseille-Provence, dont le taux a atteint les 1.500 euros par jour de retard tant qu&rsquo;une \u00abaire d&rsquo;accueil\u00bb et une \u00abaire de grand passage\u00bb n&rsquo;auraient pas \u00e9t\u00e9 mises en service. Cette astreinte accumul\u00e9e, la m\u00e9tropole va devoir la d\u00e9bourser, en vertu du jugement rendu mardi.<\/p>\n<p>265.500 euros iront \u00e0 l\u2019\u00c9tat<\/p>\n<p class=\"fig-paragraph\">\u00abLa cour constate la non-r\u00e9alisation persistante des obligations de la m\u00e9tropole\u00bb, explique-t-elle dans un communiqu\u00e9 publi\u00e9 sur son site Internet, condamnant la m\u00e9tropole \u00e0 \u00abverser une somme de 295.000 euros.\u00bb L&rsquo;association La vie du voyage recevra 29.500 euros tandis que le reste de l&rsquo;astreinte -265.500 euros- ira \u00e0 l&rsquo;\u00c9tat.<\/p>\n<p class=\"fig-paragraph\">\u00abLa cour a jug\u00e9 que les arguments avanc\u00e9s par la m\u00e9tropole ne justifiaient pas d&rsquo;une impossibilit\u00e9 de se conformer \u00e0 ses obligations, alors m\u00eame qu&rsquo;elle n&rsquo;a pr\u00e9sent\u00e9 que des \u00e9l\u00e9ments cartographiques prospectifs, amorc\u00e9 des discussions avec la commune de Marseille \u00e0 l&rsquo;\u00e9t\u00e9 2025, et pr\u00e9vu des r\u00e9unions au mois d&rsquo;octobre 2025\u00bb, explique encore le tribunal.<\/p>\n<p class=\"fig-paragraph\">Pour autant, m\u00eame apr\u00e8s ces versements, l&rsquo;astreinte visant la m\u00e9tropole va continuer \u00abjusqu&rsquo;au jour o\u00f9 elle aura r\u00e9alis\u00e9\u00bb ces aires, a pr\u00e9cis\u00e9 \u00e0 l&rsquo;AFP l&rsquo;avocat de l&rsquo;association, Me Beno\u00eet Candon, estimant qu&rsquo;il y avait \u00abbeaucoup de terrains libres\u00bb qui pouvaient \u00eatre reconvertis. En 2017, la Cour des comptes avait constat\u00e9 des progr\u00e8s \u00ablents et in\u00e9gaux\u00bb en fonction des r\u00e9gions en mati\u00e8re d&rsquo;accueil des gens du voyage, pointant notamment le manque de places disponibles en \u00cele-de-France, dans le Nord-Pas-de-Calais et en Provence-Alpes-C\u00f4te-d&rsquo;Azur.<\/p>\n","protected":false},"excerpt":{"rendered":"\u00abLa cour constate la non-r\u00e9alisation persistante des obligations de la m\u00e9tropole\u00bb, a constat\u00e9 la cour administrative d\u2019appel de&hellip;\n","protected":false},"author":2,"featured_media":511869,"comment_status":"","ping_status":"","sticky":false,"template":"","format":"standard","meta":{"footnotes":""},"categories":[2814],"tags":[1111,11,4073,1777,674,1011,27,2903,884,12,882,25],"class_list":{"0":"post-511868","1":"post","2":"type-post","3":"status-publish","4":"format-standard","5":"has-post-thumbnail","7":"category-marseille","8":"tag-actu","9":"tag-actualites","10":"tag-condamnation","11":"tag-eu","12":"tag-europe","13":"tag-fr","14":"tag-france","15":"tag-gens-du-voyage","16":"tag-marseille","17":"tag-news","18":"tag-provence-alpes-cote-dazur","19":"tag-republique-francaise"},"share_on_mastodon":{"url":"https:\/\/pubeurope.com\/@fr\/115493190052246002","error":""},"_links":{"self":[{"href":"https:\/\/www.europesays.com\/fr\/wp-json\/wp\/v2\/posts\/511868","targetHints":{"allow":["GET"]}}],"collection":[{"href":"https:\/\/www.europesays.com\/fr\/wp-json\/wp\/v2\/posts"}],"about":[{"href":"https:\/\/www.europesays.com\/fr\/wp-json\/wp\/v2\/types\/post"}],"author":[{"embeddable":true,"href":"https:\/\/www.europesays.com\/fr\/wp-json\/wp\/v2\/users\/2"}],"replies":[{"embeddable":true,"href":"https:\/\/www.europesays.com\/fr\/wp-json\/wp\/v2\/comments?post=511868"}],"version-history":[{"count":0,"href":"https:\/\/www.europesays.com\/fr\/wp-json\/wp\/v2\/posts\/511868\/revisions"}],"wp:featuredmedia":[{"embeddable":true,"href":"https:\/\/www.europesays.com\/fr\/wp-json\/wp\/v2\/media\/511869"}],"wp:attachment":[{"href":"https:\/\/www.europesays.com\/fr\/wp-json\/wp\/v2\/media?parent=511868"}],"wp:term":[{"taxonomy":"category","embeddable":true,"href":"https:\/\/www.europesays.com\/fr\/wp-json\/wp\/v2\/categories?post=511868"},{"taxonomy":"post_tag","embeddable":true,"href":"https:\/\/www.europesays.com\/fr\/wp-json\/wp\/v2\/tags?post=511868"}],"curies":[{"name":"wp","href":"https:\/\/api.w.org\/{rel}","templated":true}]}}