{"id":511870,"date":"2025-11-04T19:56:21","date_gmt":"2025-11-04T19:56:21","guid":{"rendered":"https:\/\/www.europesays.com\/fr\/511870\/"},"modified":"2025-11-04T19:56:21","modified_gmt":"2025-11-04T19:56:21","slug":"60-caravanes-des-gens-du-voyage-sur-le-parking-dune-gare-au-sud-de-lyon","status":"publish","type":"post","link":"https:\/\/www.europesays.com\/fr\/511870\/","title":{"rendered":"60 caravanes des gens du voyage sur le parking d\u2019une gare au sud de Lyon"},"content":{"rendered":"<p>Elles sont arriv\u00e9es ce dimanche 2\u00a0novembre, en d\u00e9but d\u2019apr\u00e8s-midi. Une soixantaine de caravanes, soit environ 250 personnes issues de la communaut\u00e9 des gens du voyage, a investi le parking de la gare d\u2019Yvours, \u00e0 Irigny. Selon les informations du Progr\u00e8s , les occupants ont affich\u00e9 leur intention de rester entre dix et quinze jours et ont fait le d\u00e9placement pour se rendre au chevet d\u2019une personne hospitalis\u00e9e dans un h\u00f4pital lyonnais.<\/p>\n<p>  \u00ab\u00a0Le service public ne peut plus \u00eatre rendu\u00a0\u00bb<\/p>\n<p>Jointe ce mardi 4\u00a0novembre, la maire d\u2019Irigny, Blandine Freyer (SE) ne m\u00e2chait pas ses mots\u00a0:<\/p>\n<p>\u00ab\u00a0C\u2019est l\u2019anarchie totale. Le parking n\u2019est plus accessible pour les usagers du bus et du train, le service public ne peut plus \u00eatre rendu.\u00a0\u00bb Elle pointe du doigt la salet\u00e9 au campement, ainsi que la dangerosit\u00e9 des raccordements sauvages sur les logettes \u00e9lectriques d\u2019Enedis et la borne incendie. Pour l\u2019heure, les usagers se garent sur le parking du supermarch\u00e9 voisin. \u00ab\u00a0En deux jours, ils ont perdu 20 \u00e0 30\u00a0% de chiffre d\u2019affaires\u00a0\u00bb, rapporte l\u2019\u00e9lue.<\/p>\n<p>Ce contenu est bloqu\u00e9 car vous n&rsquo;avez pas accept\u00e9 les cookies et autres traceurs.<\/p>\n<p>En cliquant sur \u00ab J\u2019accepte \u00bb, les cookies et autres traceurs seront d\u00e9pos\u00e9s et vous pourrez visualiser les contenus  (<a href=\"\" class=\"consentModule_policy\" target=\"_blank\" title=\"Consulter la politique de protection des donn\u00e9es du fournisseur\">plus d&rsquo;informations<\/a>).<\/p>\n<p>En cliquant sur \u00ab J\u2019accepte tous les cookies \u00bb, vous autorisez des d\u00e9p\u00f4ts de cookies et autres traceurs pour le stockage de vos donn\u00e9es sur nos sites et applications \u00e0 des fins de personnalisation et de ciblage publicitaire.<\/p>\n<p class=\"consentModule_secondaryText\">Vous gardez la possibilit\u00e9 de retirer votre consentement \u00e0 tout moment en consultant notre <a href=\"https:\/\/www.leprogres.fr\/protection-des-donnees\" target=\"_blank\" title=\"Consulter notre politique de protection des donn\u00e9es\" rel=\"noopener\">politique de protection des donn\u00e9es<\/a>. <br \/>&#13;<br \/>\n            <a href=\"https:\/\/www.leprogres.fr\/faits-divers-justice\/2025\/11\/04\/javascript:Didomi.notice.show()\" class=\"consentModule_cmp\" target=\"_blank\" rel=\"noopener\">G\u00e9rer mes choix<\/a>&#13;\n        <\/p>\n<p>&#13;<br \/>\n                        J&rsquo;accepte&#13;<br \/>\n            J&rsquo;accepte tous les cookies&#13;\n        <\/p>\n<p>  Le site va-t-il \u00eatre s\u00e9curis\u00e9\u00a0?<\/p>\n<p>D\u00e9j\u00e0 en janvier dernier, un campement sauvage avait pris possession des lieux. Apr\u00e8s discussions avec les autorit\u00e9s, ils \u00e9taient partis <a href=\"https:\/\/www.leprogres.fr\/faits-divers-justice\/2025\/01\/07\/un-campement-de-gens-du-voyage-evacue-du-parking-relais-de-la-gare-d-yvours-a-irigny\" target=\"_blank\" rel=\"noopener\">d\u00e8s le lendemain.<\/a> \u00c0 l\u2019\u00e9poque, la maire d\u2019Irigny, avait indiqu\u00e9 dans nos colonnes faire une demande \u00e0 la M\u00e9tropole, propri\u00e9taire du terrain, afin \u00ab\u00a0d\u2019intervenir pour remettre le site en \u00e9tat et installer des portiques de s\u00e9curit\u00e9 afin d\u2019\u00e9viter de nouvelles intrusions\u00a0\u00bb.<\/p>\n<p>Sollicit\u00e9e, la M\u00e9tropole de Lyon confirme avoir adress\u00e9, ce lundi 3\u00a0novembre, une demande de prise d\u2019arr\u00eat\u00e9 de mise en demeure d\u2019\u00e9vacuation \u00e0 la pr\u00e9fecture du Rh\u00f4ne, qui \u00e9tait en cours d\u2019\u00e9laboration ce mardi, comme nous l\u2019a confirm\u00e9 la pr\u00e9fecture.<\/p>\n","protected":false},"excerpt":{"rendered":"Elles sont arriv\u00e9es ce dimanche 2\u00a0novembre, en d\u00e9but d\u2019apr\u00e8s-midi. Une soixantaine de caravanes, soit environ 250 personnes issues&hellip;\n","protected":false},"author":2,"featured_media":511871,"comment_status":"","ping_status":"","sticky":false,"template":"","format":"standard","meta":{"footnotes":""},"categories":[1889],"tags":[1111,11,2430,35406,271,272,3154,1777,674,274,1011,27,26942,2428,12,25,2429],"class_list":{"0":"post-511870","1":"post","2":"type-post","3":"status-publish","4":"format-standard","5":"has-post-thumbnail","7":"category-lyon","8":"tag-actu","9":"tag-actualites","10":"tag-auvergne-rhone-alpes","11":"tag-brignais-bassin","12":"tag-crime","13":"tag-delit-et-contravention","14":"tag-edition-sud-lyonnais","15":"tag-eu","16":"tag-europe","17":"tag-faits-divers-justice","18":"tag-fr","19":"tag-france","20":"tag-irigny","21":"tag-lyon","22":"tag-news","23":"tag-republique-francaise","24":"tag-rhone"},"share_on_mastodon":{"url":"https:\/\/pubeurope.com\/@fr\/115493194073443830","error":""},"_links":{"self":[{"href":"https:\/\/www.europesays.com\/fr\/wp-json\/wp\/v2\/posts\/511870","targetHints":{"allow":["GET"]}}],"collection":[{"href":"https:\/\/www.europesays.com\/fr\/wp-json\/wp\/v2\/posts"}],"about":[{"href":"https:\/\/www.europesays.com\/fr\/wp-json\/wp\/v2\/types\/post"}],"author":[{"embeddable":true,"href":"https:\/\/www.europesays.com\/fr\/wp-json\/wp\/v2\/users\/2"}],"replies":[{"embeddable":true,"href":"https:\/\/www.europesays.com\/fr\/wp-json\/wp\/v2\/comments?post=511870"}],"version-history":[{"count":0,"href":"https:\/\/www.europesays.com\/fr\/wp-json\/wp\/v2\/posts\/511870\/revisions"}],"wp:featuredmedia":[{"embeddable":true,"href":"https:\/\/www.europesays.com\/fr\/wp-json\/wp\/v2\/media\/511871"}],"wp:attachment":[{"href":"https:\/\/www.europesays.com\/fr\/wp-json\/wp\/v2\/media?parent=511870"}],"wp:term":[{"taxonomy":"category","embeddable":true,"href":"https:\/\/www.europesays.com\/fr\/wp-json\/wp\/v2\/categories?post=511870"},{"taxonomy":"post_tag","embeddable":true,"href":"https:\/\/www.europesays.com\/fr\/wp-json\/wp\/v2\/tags?post=511870"}],"curies":[{"name":"wp","href":"https:\/\/api.w.org\/{rel}","templated":true}]}}