{"id":511872,"date":"2025-11-04T19:57:10","date_gmt":"2025-11-04T19:57:10","guid":{"rendered":"https:\/\/www.europesays.com\/fr\/511872\/"},"modified":"2025-11-04T19:57:10","modified_gmt":"2025-11-04T19:57:10","slug":"les-pompiers-du-rhone-prives-de-vigik-senervent","status":"publish","type":"post","link":"https:\/\/www.europesays.com\/fr\/511872\/","title":{"rendered":"les pompiers du Rh\u00f4ne priv\u00e9s de Vigik s&rsquo;\u00e9nervent"},"content":{"rendered":"<p>            Par<br \/>\n        <strong><br \/>\n            <a href=\"https:\/\/actu.fr\/auteur\/nicolas-zaugra\" title=\"Consulter tous les articles de Nicolas Zaugra\" target=\"_blank\" rel=\"noopener\">Nicolas Zaugra<\/a><br \/>\n        <\/strong><\/p>\n<p>        Publi\u00e9 le<\/p>\n<p>            4 nov. 2025 \u00e0 20h44        <\/p>\n<p>\u00ab\u00a0Nous sommes quasiment les seuls en France \u00e0 \u00eatre <strong>bloqu\u00e9s devant les portes d\u2019immeubles\u00a0\u00bb<\/strong> : \u00e0 <a href=\"https:\/\/actu.fr\/auvergne-rhone-alpes\/lyon_69123\" target=\"_blank\" rel=\"noopener\">Lyon<\/a> et dans le <a href=\"https:\/\/actu.fr\/auvergne-rhone-alpes\/rhone_69\" target=\"_blank\" rel=\"noopener\">Rh\u00f4ne<\/a>, les sapeurs-pompiers sont en col\u00e8re face aux difficult\u00e9s d\u2019acc\u00e8s dans les immeubles en cas d\u2019interventions urgentes. De pr\u00e9cieuses minutes perdues selon eux \u00e0 cause de l\u2019impossibilit\u00e9 de s\u2019introduire efficacement sur les lieux d\u2019intervention. Un syndicat interpelle la pr\u00e9fecture du Rh\u00f4ne et a publi\u00e9 une p\u00e9tition.<\/p>\n<p>\u00ab\u00a05 000 euros par porte\u00a0\u00bb<\/p>\n<p class=\" wall-content\">\u00ab\u00a0Chaque nuit, on fait sonner les 2 tons de nos v\u00e9hicules jusqu\u2019\u00e0 ce que quelqu\u2019un daigne nous ouvrir. Sinon, on casse la porte : 5 000 \u20ac par porte, et cela repr\u00e9sente une vingtaine de porte cass\u00e9e par an dans le Rh\u00f4ne (on vous laisse calculer !). Le dispositif \u00e0 financer au SDMIS repr\u00e9sente bien moins que les portes que nous cassons pour le bien de nos missions et prise en charge par les assurances\u00a0\u00bb, d\u00e9plore le syndicat Solidaires-Sud dans un communiqu\u00e9.\u00a0<\/p>\n<p>\u00ab\u00a0Nos \u00e9quipes oblig\u00e9es d\u2019attendre devant un immeuble\u00a0\u00bb<\/p>\n<p class=\" wall-content\">Dans une vid\u00e9o transmise aux m\u00e9dias, le syndicat s\u2019insurge d\u2019une situation concr\u00e8te o\u00f9 les pompiers restent bloqu\u00e9s devant une porte. \u00ab\u00a0Ce dimanche 19 octobre \u00e0 3h du matin : nos \u00e9quipes oblig\u00e9es d\u2019attendre devant un immeuble, parce que les bailleurs du Rh\u00f4ne refusent encore de nous fournir ce simple acc\u00e8s\u00a0\u00bb, d\u00e9plorent les sapeurs.<\/p>\n<p class=\" wall-content\">Sur le digicode, \u00ab\u00a0pas de noms indiqu\u00e9s\u00a0\u00bb, peut-on voir alors que les pompiers restent devant une porte ferm\u00e9e. Ils sont alors oblig\u00e9s de passer par une petite fen\u00eatre situ\u00e9e\u2026 sous la porte.<\/p>\n<p class=\" wall-content\">Sur d\u2019autres images, un pompier commente lors d\u2019une autre intervention : \u00ab\u00a0Cela fait presque trois minutes qu\u2019on est l\u00e0. Le nom n\u2019appara\u00eet pas du tout, il n\u2019y en a pas, on va sonner chez n\u2019importe qui, pour ne pas d\u00e9ranger, on va utiliser une nouvelle technique\u2026\u00a0\u00bb, disent-ils un 1er janvier.\u00a0<\/p>\n<blockquote class=\"ac-article-quote wall-content\">\n<p>Nous alertons la population sur ces minutes perdues hypoth\u00e9quant les chances de survies<br \/>\net demandons aux bailleurs priv\u00e9s comme publics d\u2019appliquer la loi.<br \/>\nNous nous r\u00e9servons le droit de porter plainte \u00e0 chaque intervention qui nous feront perdre du temps pour l\u2019acc\u00e8s aux immeubles sur des interventions o\u00f9 des d\u00e9c\u00e8s seront constat\u00e9s<\/p>\n<p>    <strong>Syndicat Solidaires-Sud des sapeurs-pompiers de Lyon et du Rh\u00f4ne<\/strong>\n            <\/p><\/blockquote>\n<p class=\" wall-content\">\u00ab\u00a0La loi Matras est pourtant claire : bailleurs publics et priv\u00e9s doivent fournir les badges aux pompiers\u00a0\u00bb, \u00e9crit le syndicat.<\/p>\n<p>Votre r\u00e9gion, votre actu !<\/p>\n<p>Recevez chaque jour les infos qui comptent pour vous.<\/p>\n<p>\t<a href=\"https:\/\/actu.fr\/newsletter\" class=\"ac-btn ac-btn--corner ac-btn--medium ac-btn--blue800\" target=\"_blank\" rel=\"noopener\">S&rsquo;incrire<\/a><br \/>\nUn courrier \u00e0 la pr\u00e9f\u00e8te qui regrette un \u00ab\u00a0probl\u00e8me qui n\u2019est pas acceptable\u00a0\u00bb<\/p>\n<p class=\" wall-content\">La pr\u00e9f\u00e8te a \u00e9t\u00e9 alert\u00e9e par courrier selon le syndicat. La pr\u00e9fecture a indiqu\u00e9 \u00e0 actu Lyon que \u00ab\u00a0la pr\u00e9f\u00e8te a demand\u00e9 \u00e0 la direction du SDMIS (Service D\u00e9partemental et M\u00e9tropolitain d\u2019Incendie et de Secours) de rencontrer les bailleurs sociaux pour r\u00e9gler rapidement ce probl\u00e8me qui n\u2019est pas acceptable.\u00a0\u00bb<\/p>\n<p class=\" wall-content\">Les pompiers ont aussi lanc\u00e9 une <a href=\"https:\/\/www.mesopinions.com\/petition\/sante\/prives-badges-vigik-acceder-rapidement-aux\/270308\" target=\"_blank\" rel=\"noopener\">p\u00e9tition en ligne<\/a> qui a d\u00e9j\u00e0 rassembl\u00e9 plus de 12 000 signatures.<\/p>\n<p class=\" wall-content\">Personnalisez votre actualit\u00e9 en ajoutant vos villes et m\u00e9dias en favori avec <a href=\"https:\/\/moncompte.actu.fr\" title=\"D\u00e9couvez Mon Actu\" rel=\"nofollow noopener\" data-trk=\"{&quot;cta&quot;:{&quot;action&quot;:&quot;https:\\\/\\\/moncompte.actu.fr&quot;,&quot;category&quot;:&quot;mon compte&quot;,&quot;from&quot;:&quot;article footer&quot;,&quot;name&quot;:&quot;Mon actu&quot;,&quot;type&quot;:&quot;cta&quot;}}\" target=\"_blank\">Mon Actu<\/a>.<\/p>\n","protected":false},"excerpt":{"rendered":"Par Nicolas Zaugra Publi\u00e9 le 4 nov. 2025 \u00e0 20h44 \u00ab\u00a0Nous sommes quasiment les seuls en France \u00e0&hellip;\n","protected":false},"author":2,"featured_media":511873,"comment_status":"","ping_status":"","sticky":false,"template":"","format":"standard","meta":{"footnotes":""},"categories":[1889],"tags":[1111,11,2430,1777,674,1011,27,2428,12,1311,9450,25,104],"class_list":{"0":"post-511872","1":"post","2":"type-post","3":"status-publish","4":"format-standard","5":"has-post-thumbnail","7":"category-lyon","8":"tag-actu","9":"tag-actualites","10":"tag-auvergne-rhone-alpes","11":"tag-eu","12":"tag-europe","13":"tag-fr","14":"tag-france","15":"tag-lyon","16":"tag-news","17":"tag-pompiers","18":"tag-prefecture-du-rhone","19":"tag-republique-francaise","20":"tag-societe"},"share_on_mastodon":{"url":"https:\/\/pubeurope.com\/@fr\/115493197757895541","error":""},"_links":{"self":[{"href":"https:\/\/www.europesays.com\/fr\/wp-json\/wp\/v2\/posts\/511872","targetHints":{"allow":["GET"]}}],"collection":[{"href":"https:\/\/www.europesays.com\/fr\/wp-json\/wp\/v2\/posts"}],"about":[{"href":"https:\/\/www.europesays.com\/fr\/wp-json\/wp\/v2\/types\/post"}],"author":[{"embeddable":true,"href":"https:\/\/www.europesays.com\/fr\/wp-json\/wp\/v2\/users\/2"}],"replies":[{"embeddable":true,"href":"https:\/\/www.europesays.com\/fr\/wp-json\/wp\/v2\/comments?post=511872"}],"version-history":[{"count":0,"href":"https:\/\/www.europesays.com\/fr\/wp-json\/wp\/v2\/posts\/511872\/revisions"}],"wp:featuredmedia":[{"embeddable":true,"href":"https:\/\/www.europesays.com\/fr\/wp-json\/wp\/v2\/media\/511873"}],"wp:attachment":[{"href":"https:\/\/www.europesays.com\/fr\/wp-json\/wp\/v2\/media?parent=511872"}],"wp:term":[{"taxonomy":"category","embeddable":true,"href":"https:\/\/www.europesays.com\/fr\/wp-json\/wp\/v2\/categories?post=511872"},{"taxonomy":"post_tag","embeddable":true,"href":"https:\/\/www.europesays.com\/fr\/wp-json\/wp\/v2\/tags?post=511872"}],"curies":[{"name":"wp","href":"https:\/\/api.w.org\/{rel}","templated":true}]}}