{"id":511878,"date":"2025-11-04T20:02:12","date_gmt":"2025-11-04T20:02:12","guid":{"rendered":"https:\/\/www.europesays.com\/fr\/511878\/"},"modified":"2025-11-04T20:02:12","modified_gmt":"2025-11-04T20:02:12","slug":"les-premieres-nouvelles-de-cecile-kohler-et-jacques-paris-apres-leur-liberation","status":"publish","type":"post","link":"https:\/\/www.europesays.com\/fr\/511878\/","title":{"rendered":"les premi\u00e8res nouvelles de C\u00e9cile Kohler et Jacques Paris apr\u00e8s leur lib\u00e9ration"},"content":{"rendered":"<p class=\"mb-4 text-lg md:leading-8 break-words\">Ils \u00e9taient \u00e9puis\u00e9s. Physiquement, psychologiquement. Aujourd\u2019hui, trois ans apr\u00e8s leur arrestation en Iran, <a href=\"https:\/\/www.parismatch.com\/actu\/international\/un-soulagement-immense-cecile-kohler-et-jacques-paris-ont-ete-liberes-de-leur-prison-en-iran-259661\" rel=\"nofollow noopener\" target=\"_blank\" data-ylk=\"slk:C\u00e9cile Kohler et Jacques Paris, les deux ressortissants fran\u00e7ais, \u00ab\u00a0sont en s\u00e9curit\u00e9 \u00e0 l\u2019ambassade de France\u00a0\u00bb;elm:context_link;itc:0;sec:content-canvas\" class=\"link \">C\u00e9cile Kohler et Jacques Paris, les deux ressortissants fran\u00e7ais, \u00ab\u00a0sont en s\u00e9curit\u00e9 \u00e0 l\u2019ambassade de France\u00a0\u00bb<\/a> apr\u00e8s leur lib\u00e9ration de la prison d\u2019Evin, a annonc\u00e9 Jean-No\u00ebl Barrot, le ministre des Affaires \u00c9trang\u00e8res sur le 20H de France 2 ce mardi 4\u00a0novembre.<\/p>\n<p class=\"mb-4 text-lg md:leading-8 break-words\">\u00ab\u00a0Ils vont bien, ils sont soulag\u00e9s [\u2026] Ils sont aujourd\u2019hui en s\u00e9curit\u00e9 \u00e0 l\u2019ambassade de France et sont sous protection de la France\u00a0\u00bb, a-t-il annonc\u00e9.<\/p>\n<p>Leurs proches alertaient sur leur \u00e9tat de sant\u00e9<\/p>\n<p class=\"mb-4 text-lg md:leading-8 break-words\">Le ministre a salu\u00e9 un \u00ab\u00a0travail\u00a0de longue haleine de la diplomatie fran\u00e7aise sous l\u2019autorit\u00e9 du pr\u00e9sident de la R\u00e9publique\u00a0\u00bb. D\u00e9sormais, les deux Fran\u00e7ais, condamn\u00e9s \u00e0\u00a020 et 17\u00a0ans de prison\u00a0pour espionnage au profit des renseignements isra\u00e9liens et fran\u00e7ais, sont accompagn\u00e9s par une \u00e9quipe m\u00e9dicale.<\/p>\n<p class=\"mb-4 text-lg md:leading-8 break-words\">En juin dernier, alors qu\u2019Isra\u00ebl avait intensifi\u00e9 ses frappes en Iran, No\u00e9mie, la s\u0153ur de C\u00e9cile Kohler, originaire\u00a0de Soultz, en Alsace, s\u2019\u00e9tait confi\u00e9e \u00e0 Paris Match. \u00c0 l\u2019\u00e9poque, elle alertait aussi sur l\u2019\u00e9tat de sant\u00e9 des deux prisonniers\u00a0: \u00ab\u00a0Ils allaient tr\u00e8s mal et leur \u00e9tat s\u2019\u00e9tait consid\u00e9rablement d\u00e9grad\u00e9. Ils sont \u00e0 bout de forces, d\u00e9sesp\u00e9r\u00e9s.\u00a0\u00bb Ce mardi soir, le ministre annonce qu\u2019ils \u00ab\u00a0sont en contact avec leurs proches et ils seront \u00e9paul\u00e9s dans les jours qui viennent.\u00a0\u00bb<\/p>\n<p class=\"mb-4 text-lg md:leading-8 break-words\">Interrog\u00e9 sur les discussions et n\u00e9gociations men\u00e9es avec l\u2019Iran, Jean-No\u00ebl Barrot est rest\u00e9 \u00e9vasif, tout en expliquant avoir reme&#8230;<\/p>\n<p class=\"mb-4 text-lg md:leading-8 break-words\"><a href=\"https:\/\/www.parismatch.com\/actu\/international\/ils-vont-bien-ils-sont-soulages-les-premieres-nouvelles-de-cecile-kohler-et-jacques-paris-apres-leur-liberation-259663?at_medium=affiliate&amp;at_campaign=Yahoo\" rel=\"nofollow noopener\" target=\"_blank\" data-ylk=\"slk:Lire la suite sur ParisMatch;elm:context_link;itc:0;sec:content-canvas\" class=\"link \">Lire la suite sur ParisMatch<\/a><\/p>\n","protected":false},"excerpt":{"rendered":"Ils \u00e9taient \u00e9puis\u00e9s. Physiquement, psychologiquement. Aujourd\u2019hui, trois ans apr\u00e8s leur arrestation en Iran, C\u00e9cile Kohler et Jacques Paris,&hellip;\n","protected":false},"author":2,"featured_media":511879,"comment_status":"","ping_status":"","sticky":false,"template":"","format":"standard","meta":{"footnotes":""},"categories":[1888],"tags":[1111,1928,11,1927,1777,674,1011,27,3019,18926,2121,9790,12,1926,626,1925,10253,25,63261],"class_list":{"0":"post-511878","1":"post","2":"type-post","3":"status-publish","4":"format-standard","5":"has-post-thumbnail","7":"category-paris","8":"tag-actu","9":"tag-actu-paris","10":"tag-actualites","11":"tag-actualites-paris","12":"tag-eu","13":"tag-europe","14":"tag-fr","15":"tag-france","16":"tag-iran","17":"tag-jacques-paris","18":"tag-jean-noel-barrot","19":"tag-lambassade-de-france","20":"tag-news","21":"tag-news-paris","22":"tag-paris","23":"tag-paris-news","24":"tag-president-de-la-republique","25":"tag-republique-francaise","26":"tag-travail-de-longue-haleine"},"share_on_mastodon":{"url":"https:\/\/pubeurope.com\/@fr\/115493217518791517","error":""},"_links":{"self":[{"href":"https:\/\/www.europesays.com\/fr\/wp-json\/wp\/v2\/posts\/511878","targetHints":{"allow":["GET"]}}],"collection":[{"href":"https:\/\/www.europesays.com\/fr\/wp-json\/wp\/v2\/posts"}],"about":[{"href":"https:\/\/www.europesays.com\/fr\/wp-json\/wp\/v2\/types\/post"}],"author":[{"embeddable":true,"href":"https:\/\/www.europesays.com\/fr\/wp-json\/wp\/v2\/users\/2"}],"replies":[{"embeddable":true,"href":"https:\/\/www.europesays.com\/fr\/wp-json\/wp\/v2\/comments?post=511878"}],"version-history":[{"count":0,"href":"https:\/\/www.europesays.com\/fr\/wp-json\/wp\/v2\/posts\/511878\/revisions"}],"wp:featuredmedia":[{"embeddable":true,"href":"https:\/\/www.europesays.com\/fr\/wp-json\/wp\/v2\/media\/511879"}],"wp:attachment":[{"href":"https:\/\/www.europesays.com\/fr\/wp-json\/wp\/v2\/media?parent=511878"}],"wp:term":[{"taxonomy":"category","embeddable":true,"href":"https:\/\/www.europesays.com\/fr\/wp-json\/wp\/v2\/categories?post=511878"},{"taxonomy":"post_tag","embeddable":true,"href":"https:\/\/www.europesays.com\/fr\/wp-json\/wp\/v2\/tags?post=511878"}],"curies":[{"name":"wp","href":"https:\/\/api.w.org\/{rel}","templated":true}]}}