{"id":51190,"date":"2025-04-25T07:26:09","date_gmt":"2025-04-25T07:26:09","guid":{"rendered":"https:\/\/www.europesays.com\/fr\/51190\/"},"modified":"2025-04-25T07:26:09","modified_gmt":"2025-04-25T07:26:09","slug":"un-bien-triste-record-pour-presnel-kimpembe-en-ligue-1","status":"publish","type":"post","link":"https:\/\/www.europesays.com\/fr\/51190\/","title":{"rendered":"Un bien triste record pour Presnel Kimpembe en Ligue 1"},"content":{"rendered":"<p><img width=\"679\" height=\"382\" src=\"https:\/\/www.europesays.com\/fr\/wp-content\/uploads\/2025\/04\/DrJ71Yey.jpg\" class=\"attachment-jannah-image-post size-jannah-image-post wp-post-image\" alt=\"Presnel Kimpembe\" is_main_img=\"1\" decoding=\"async\" fetchpriority=\"high\"  \/><br \/>\n Image : Instagram<br \/>\n@psg<\/p>\n<p>Au <strong>PSG<\/strong>, un joueur rena\u00eet de ses cendres ces<br \/>\nderni\u00e8res semaines. Apr\u00e8s deux ans sans poser un pied sur un<br \/>\nterrain de football, <strong>Presnel Kimpembe<\/strong> peine \u00e0<br \/>\nretrouver ses sensations, son rythme, et bien \u00e9videment son niveau.<br \/>\nCependant, le titi parisien fait peu \u00e0 peu son retour dans les<br \/>\nrangs et l\u2019esprit de <strong>Luis Enrique<\/strong>, apr\u00e8s un bien<br \/>\ntriste record dans l\u2019histoire de la <strong>Ligue<br \/>\n1<\/strong>.<\/p>\n<p>C\u2019est \u00e0 l\u2019aube de la <strong>Coupe du Monde 2022<\/strong> que<br \/>\n<strong><a href=\"https:\/\/canal-supporters.com\/psg-apres-midi-complique-pour-presnel-kimpembe-avec-le-groupe-espoirs\/?utm_source=rss&amp;utm_medium=rss&amp;utm_campaign=psg-apres-midi-complique-pour-presnel-kimpembe-avec-le-groupe-espoirs\" target=\"_blank\" rel=\"noopener\"><br \/>\nPresnel Kimpembe<\/a><\/strong> voit son tendon d\u2019Achille commencer \u00e0<br \/>\nl\u2019emb\u00eater. A cette \u00e9poque, le d\u00e9fenseur central fran\u00e7ais effectue<br \/>\nson retour de blessure apr\u00e8s avoir \u00e9t\u00e9 \u00e9cart\u00e9 des terrains un mois<br \/>\n\u00e0 cause de probl\u00e8mes \u00e0 l\u2019ischio. C\u2019est ensuite le 26 f\u00e9vrier 2023<br \/>\nface \u00e0 l\u2019<strong>Olympique de Marseille<\/strong> que le num\u00e9ro 3<br \/>\n<strong>Rouge &amp; Bleu<\/strong> chute r\u00e9ellement : rupture du tendon<br \/>\nd\u2019Achille. D\u00e9bute ainsi une longue travers\u00e9e du d\u00e9sert pour le<br \/>\nnatif de Beaumont-sur-Oise (95). C\u2019est seulement en novembre 2024<br \/>\nque <strong>Presnel Kimpembe<\/strong> retrouve le chemin de<br \/>\nl\u2019entra\u00eenement normalement, jusqu\u2019\u00e0 disputer ses premi\u00e8res minutes<br \/>\nde comp\u00e9tition officielle le 4 f\u00e9vrier dernier en huiti\u00e8me de<br \/>\nfinale de <strong>Coupe de France<\/strong> face au<br \/>\n<strong>Mans<\/strong>. Au total, la dur\u00e9e d\u2019indisponibilit\u00e9 du<br \/>\nchampion du monde 2018 a \u00e9t\u00e9 de 1030 jours, soit le plus longue<br \/>\np\u00e9riode pour un joueur de <strong>Ligue 1<\/strong> au 21e si\u00e8cle<br \/>\nselon Prime Sport. Un bien triste record, class\u00e9 avec deux<br \/>\nautres joueurs du <strong>Paris Saint-Germain<\/strong> :<br \/>\n<strong>Neymar<\/strong> (741 jours) et <strong>Marco<br \/>\nVerratti<\/strong> (708).<\/p>\n<blockquote class=\"twitter-tweet\" data-width=\"550\" data-dnt=\"true\">\n<p lang=\"fr\" dir=\"ltr\">\ud83e\udd15\u274c \u00c0 la suite de sa rupture du tendon d\u2019Achille qui l\u2019a \u00e9cart\u00e9 pendant 2 saisons, Presnel Kimpembe est devenu le joueur de <a href=\"https:\/\/twitter.com\/Ligue1?ref_src=twsrc%5Etfw\" target=\"_blank\" rel=\"noopener\">@Ligue1<\/a> le plus longtemps \u00e9loign\u00e9 des terrains au XXIe si\u00e8cle. <a href=\"https:\/\/t.co\/FVyUtrVbJj\">pic.twitter.com\/FVyUtrVbJj<\/a><\/p>\n<p>&mdash; Prime Video Sport France (@PVSportFR) <a href=\"https:\/\/twitter.com\/PVSportFR\/status\/1915314370470350953?ref_src=twsrc%5Etfw\" target=\"_blank\" rel=\"noopener\">April 24, 2025<\/a><\/p><\/blockquote>\n<p><script async src=\"https:\/\/platform.twitter.com\/widgets.js\" charset=\"utf-8\"><\/script><\/p>\n<p>X : <a href=\"https:\/\/x.com\/PVSportFR\/status\/1915314370470350953\">@PVSportFR<\/a><\/p>\n<p>Plus globalement dans ce classement, <strong>Presnel<br \/>\nKimpembe<\/strong> et ses 1030 jours devancent par exemple un joueur<br \/>\ncomme <strong>Yoann Gourcuff<\/strong> qui compte 860 jours<br \/>\nd\u2019absence en <strong>Ligue 1<\/strong> d\u00fb aux blessures.<\/p>\n<\/p>\n<p>YouTube : <a href=\"https:\/\/www.youtube.com\/watch?v=d4AofwndXbI\" target=\"_blank\" rel=\"noopener\">Canal Supporters<br \/>\nParis<\/a><\/p>\n<p><script async src=\"https:\/\/platform.twitter.com\/widgets.js\" charset=\"utf-8\"><\/script><\/p>\n","protected":false},"excerpt":{"rendered":"Image : Instagram @psg Au PSG, un joueur rena\u00eet de ses cendres ces derni\u00e8res semaines. Apr\u00e8s deux ans&hellip;\n","protected":false},"author":2,"featured_media":51191,"comment_status":"","ping_status":"","sticky":false,"template":"","format":"standard","meta":{"footnotes":""},"categories":[1410],"tags":[4901,1431,81,63,1011,27,14414,14415,14416,66,91,92,14417,14418,14419,14420,93,60,14421,96],"class_list":{"0":"post-51190","1":"post","2":"type-post","3":"status-publish","4":"format-standard","5":"has-post-thumbnail","7":"category-football","8":"tag-blesses","9":"tag-blessure","10":"tag-canal-supporters","11":"tag-football","12":"tag-fr","13":"tag-france","14":"tag-kimpembe","15":"tag-kimpembe-ligue-1","16":"tag-kimpembe-psg","17":"tag-ligue-1","18":"tag-paris-saint-germain","19":"tag-paris-sg","20":"tag-presko","21":"tag-presnel-kimpembe","22":"tag-presnel-kimpembe-ligue-1","23":"tag-presnel-kimpembe-psg","24":"tag-psg","25":"tag-sports","26":"tag-titi-parisien","27":"tag-une"},"share_on_mastodon":{"url":"https:\/\/pubeurope.com\/@fr\/114397418883811854","error":""},"_links":{"self":[{"href":"https:\/\/www.europesays.com\/fr\/wp-json\/wp\/v2\/posts\/51190","targetHints":{"allow":["GET"]}}],"collection":[{"href":"https:\/\/www.europesays.com\/fr\/wp-json\/wp\/v2\/posts"}],"about":[{"href":"https:\/\/www.europesays.com\/fr\/wp-json\/wp\/v2\/types\/post"}],"author":[{"embeddable":true,"href":"https:\/\/www.europesays.com\/fr\/wp-json\/wp\/v2\/users\/2"}],"replies":[{"embeddable":true,"href":"https:\/\/www.europesays.com\/fr\/wp-json\/wp\/v2\/comments?post=51190"}],"version-history":[{"count":0,"href":"https:\/\/www.europesays.com\/fr\/wp-json\/wp\/v2\/posts\/51190\/revisions"}],"wp:featuredmedia":[{"embeddable":true,"href":"https:\/\/www.europesays.com\/fr\/wp-json\/wp\/v2\/media\/51191"}],"wp:attachment":[{"href":"https:\/\/www.europesays.com\/fr\/wp-json\/wp\/v2\/media?parent=51190"}],"wp:term":[{"taxonomy":"category","embeddable":true,"href":"https:\/\/www.europesays.com\/fr\/wp-json\/wp\/v2\/categories?post=51190"},{"taxonomy":"post_tag","embeddable":true,"href":"https:\/\/www.europesays.com\/fr\/wp-json\/wp\/v2\/tags?post=51190"}],"curies":[{"name":"wp","href":"https:\/\/api.w.org\/{rel}","templated":true}]}}