{"id":511909,"date":"2025-11-04T20:22:12","date_gmt":"2025-11-04T20:22:12","guid":{"rendered":"https:\/\/www.europesays.com\/fr\/511909\/"},"modified":"2025-11-04T20:22:12","modified_gmt":"2025-11-04T20:22:12","slug":"objectif-personnel-atteint-pour-jessica-rouat-actualite","status":"publish","type":"post","link":"https:\/\/www.europesays.com\/fr\/511909\/","title":{"rendered":"Objectif personnel atteint pour Jessica Rouat &#8211; Actualit\u00e9"},"content":{"rendered":"<p style=\"text-align: justify;\">Jessica Rouat tournait autour depuis le d\u00e9but du Championnat de France sur piste de l&rsquo;Avenir. Samedi soir, dans le v\u00e9lodrome de Loud\u00e9ac, la Bretonne a enfin endoss\u00e9 un maillot de Championne de France, <a href=\"https:\/\/www.directvelo.com\/actualite\/125068\/piste-championnat-de-france-de-lavenir-j4-classements\" target=\"_blank\" rel=\"noopener\"><strong>celui de l&rsquo;Omnium des Juniors<\/strong><\/a>. C&rsquo;est dans la derni\u00e8re \u00e9preuve, la course aux points, qu&rsquo;elle est remont\u00e9e sur la premi\u00e8re marche du podium. \u00ab\u00a0C&rsquo;\u00e9tait une course un peu de folie, parce que je ne savais pas si j&rsquo;aurais \u00e9t\u00e9 capable d&rsquo;aller chercher le maillot, raconte-t-elle \u00e0 DirectVelo. J&rsquo;avais le feu dans les jambes. Quand j&rsquo;ai mis mon premier tour, on m&rsquo;a presque laiss\u00e9 faire et j&rsquo;en ai profit\u00e9. Et quand j&rsquo;ai vu que la plupart des filles \u00e9taient assez fatigu\u00e9es, j&rsquo;ai contr\u00e9 un sprint. J&rsquo;ai rapidement fait la diff\u00e9rence et je suis all\u00e9e jusqu&rsquo;au bout\u00a0\u00bb. Avec ses 20 points suppl\u00e9mentaires, la 2e du Championnat de France de la course aux points s&rsquo;assure un bon petit matelas d&rsquo;avance. Mais rien n&rsquo;est encore jou\u00e9 dans sa t\u00eate. \u00ab\u00a0Je regardais le compteur, on ne sait jamais ce qui peut arriver en fin de course. Je voulais rester concentr\u00e9e jusqu&rsquo;\u00e0 la fin et ne pas c\u00e9l\u00e9brer avant d&rsquo;\u00eatre r\u00e9ellement Championne de France\u00a0\u00bb.<\/p>\n<p>Ce <a href=\"https:\/\/www.directvelo.com\/actualite\/124992\/les-120-ans-du-maillot-de-champion-de-france\" target=\"_blank\" rel=\"noopener\"><strong>maillot bleu-blanc-rouge<\/strong><\/a>, o\u00f9 repose le chapelet de ses six m\u00e9dailles de la semaine, \u00e9tait l&rsquo;objectif attendue de la pensionnaire du P\u00f4le espoirs de Loud\u00e9ac. \u00ab\u00a0C&rsquo;est la concr\u00e9tisation de tout mon travail de toute l&rsquo;ann\u00e9e avec mon entra\u00eeneur Quentin Gu\u00e9don\u00a0\u00bb. La cycliste de 18 ans appr\u00e9cie d&rsquo;\u00eatre all\u00e9e chercher sa m\u00e9daille d&rsquo;or, \u00ab\u00a0avec mes jambes\u00a0\u00bb dans \u00ab\u00a0son\u00a0\u00bb v\u00e9lodrome. \u00ab\u00a0C&rsquo;est un luxe. C&rsquo;est une piste qu&rsquo;on conna\u00eet tr\u00e8s bien. Il y a le public breton, on est \u00e0 la maison. Forc\u00e9ment, toute l&rsquo;effervescence donne envie de faire encore mieux. C&rsquo;est une force en plus compar\u00e9 aux autres comit\u00e9s\u00a0\u00bb, reconna\u00eet-elle. <\/p>\n<p><strong>\u00ab ILS NOUS REGARDENT AVEC DES GRANDS YEUX \u00bb<\/strong><\/p>\n<p>La situation des Bretons fait envie aux autres comit\u00e9s. \u00ab\u00a0Je pense qu&rsquo;ils nous regardent avec des grands yeux par rapport \u00e0 tous nos r\u00e9sultats de cette semaine et tous les records de France qui ont \u00e9t\u00e9 battus\u00a0\u00bb. Mais rien ne s&rsquo;obtient par hasard dans le v\u00e9lo. \u00ab\u00a0Notre pr\u00e9paration a \u00e9t\u00e9 parfaite. Je remercie beaucoup les coachs qui nous ont apport\u00e9 \u00e9norm\u00e9ment pour aller gagner, tout simplement\u00a0\u00bb.<\/p>\n<p>Avant le Championnat de France, Jessica Rouat a \u00e9t\u00e9 s\u00e9lectionn\u00e9e pour le Championnat du Monde d&rsquo;Apeldoorn au mois d&rsquo;ao\u00fbt. Elle ne les a pas abord\u00e9s de la meilleure des fa\u00e7ons. \u00ab\u00a0J&rsquo;ai\u00a0attrap\u00e9 le Covid deux semaines avant et mon corps \u00e9tait compl\u00e8tement fatigu\u00e9. Les s\u00e9lectionneurs m&rsquo;ont dit\u00a0\u00ab\u00a0on te laisse une course, la course aux points. Tu te reposes au max jusqu&rsquo;\u00e0 ta course et tu mets tout sur cette course \u00bb.\u00a0<a href=\"https:\/\/www.directvelo.com\/actualite\/123353\/piste-championnat-du-monde-juniors-j4-classements\" target=\"_blank\" rel=\"noopener\"><strong>Au final, j&rsquo;ai r\u00e9ussi \u00e0 faire 9e<\/strong><\/a>. J&rsquo;\u00e9tais vraiment \u00e9tonn\u00e9e de ma performance et vraiment tr\u00e8s satisfaite\u00a0\u00bb. Satisfaite comme samedi soir avec son maillot bleu-blanc-rouge.<\/p>\n","protected":false},"excerpt":{"rendered":"Jessica Rouat tournait autour depuis le d\u00e9but du Championnat de France sur piste de l&rsquo;Avenir. Samedi soir, dans&hellip;\n","protected":false},"author":2,"featured_media":511910,"comment_status":"","ping_status":"","sticky":false,"template":"","format":"standard","meta":{"footnotes":""},"categories":[1411],"tags":[834,828,836,829,837,827,83,826,824,823,1154,207,814,817,815,816,822,821,832,211,839,1011,27,820,818,819,835,831,830,833,838,60,212,208,825],"class_list":{"0":"post-511909","1":"post","2":"type-post","3":"status-publish","4":"format-standard","5":"has-post-thumbnail","7":"category-cyclisme","8":"tag-attaque","9":"tag-belgique","10":"tag-braquet","11":"tag-bretagne","12":"tag-chute","13":"tag-competition","14":"tag-coupe-de-france","15":"tag-coureur","16":"tag-course-cyclisme","17":"tag-course-cycliste","18":"tag-cycling","19":"tag-cyclisme","20":"tag-direct","21":"tag-direct-velo","22":"tag-directvelo","23":"tag-directvelo-com","24":"tag-epreuve","25":"tag-epreuve-cycliste","26":"tag-federation-francaise-de-cyclisme","27":"tag-ffc","28":"tag-flandres","29":"tag-fr","30":"tag-france","31":"tag-live","32":"tag-live-course","33":"tag-live-epreuve","34":"tag-peloton","35":"tag-radio-peloton","36":"tag-radio-tour","37":"tag-ravitaillement","38":"tag-relance","39":"tag-sports","40":"tag-uci","41":"tag-velo","42":"tag-velos"},"share_on_mastodon":{"url":"https:\/\/pubeurope.com\/@fr\/115493296126145705","error":""},"_links":{"self":[{"href":"https:\/\/www.europesays.com\/fr\/wp-json\/wp\/v2\/posts\/511909","targetHints":{"allow":["GET"]}}],"collection":[{"href":"https:\/\/www.europesays.com\/fr\/wp-json\/wp\/v2\/posts"}],"about":[{"href":"https:\/\/www.europesays.com\/fr\/wp-json\/wp\/v2\/types\/post"}],"author":[{"embeddable":true,"href":"https:\/\/www.europesays.com\/fr\/wp-json\/wp\/v2\/users\/2"}],"replies":[{"embeddable":true,"href":"https:\/\/www.europesays.com\/fr\/wp-json\/wp\/v2\/comments?post=511909"}],"version-history":[{"count":0,"href":"https:\/\/www.europesays.com\/fr\/wp-json\/wp\/v2\/posts\/511909\/revisions"}],"wp:featuredmedia":[{"embeddable":true,"href":"https:\/\/www.europesays.com\/fr\/wp-json\/wp\/v2\/media\/511910"}],"wp:attachment":[{"href":"https:\/\/www.europesays.com\/fr\/wp-json\/wp\/v2\/media?parent=511909"}],"wp:term":[{"taxonomy":"category","embeddable":true,"href":"https:\/\/www.europesays.com\/fr\/wp-json\/wp\/v2\/categories?post=511909"},{"taxonomy":"post_tag","embeddable":true,"href":"https:\/\/www.europesays.com\/fr\/wp-json\/wp\/v2\/tags?post=511909"}],"curies":[{"name":"wp","href":"https:\/\/api.w.org\/{rel}","templated":true}]}}