{"id":511915,"date":"2025-11-04T20:25:12","date_gmt":"2025-11-04T20:25:12","guid":{"rendered":"https:\/\/www.europesays.com\/fr\/511915\/"},"modified":"2025-11-04T20:25:12","modified_gmt":"2025-11-04T20:25:12","slug":"le-magnifique-cliche-dun-photographe-amateur","status":"publish","type":"post","link":"https:\/\/www.europesays.com\/fr\/511915\/","title":{"rendered":"le magnifique clich\u00e9 d\u2019un photographe amateur"},"content":{"rendered":"<p>La Lune hiss\u00e9e par la grue sommitale du chantier des Grands Montets. Voil\u00e0 ce qu\u2019Anthony Blondet a r\u00e9ussi \u00e0 photographier lundi 3\u00a0novembre depuis son balcon, \u00e0 Cordon. \u00ab\u00a0J\u2019ai eu beaucoup de chance. J\u2019ai vu que la Lune allait sortir pile au-dessus de l\u2019aiguille des Grands Montets. J\u2019ai sorti ma focale 600\u00a0mm et j\u2019ai imm\u00e9diatement pris une cinquantaine de photos\u00a0\u00bb, raconte ce photographe amateur qui d\u2019ordinaire \u00e9tudie la trajectoire du satellite naturel de la Terre via une application, afin de le photographier <a href=\"https:\/\/www.ledauphine.com\/culture-loisirs\/2025\/09\/08\/sallanches-il-photographie-l-aiguille-du-midi-devant-la-lune-de-sang\" target=\"_blank\" rel=\"noopener\">derri\u00e8re les diff\u00e9rents sommets du massif du Mont-Blanc<\/a>.<\/p>\n<p>  Garantie sans IA<\/p>\n<p>Un travail minutieux qu\u2019il n\u2019a pas eu \u00e0 faire ce coup-ci. \u00ab\u00a0Je suis rentr\u00e9 un peu plus t\u00f4t que pr\u00e9vu du travail ce qui m\u2019a permis d\u2019\u00eatre l\u00e0 au bon moment\u00a0\u00bb, livre le paysagiste ravi que sa photo, rapidement partag\u00e9e sur les r\u00e9seaux sociaux, soit imm\u00e9diatement devenue virale. Il faut dire que cet astre suspendu \u00e0 la fl\u00e8che de la grue servant \u00e0 la renaissance des Grands Montets vaut le coup d\u2019\u0153il. Certains internautes ont d\u2019ailleurs dout\u00e9 de son authenticit\u00e9. \u00ab\u00a0On m\u2019a dit que ma photo avait \u00e9t\u00e9 g\u00e9n\u00e9r\u00e9e avec de l\u2019intelligence artificielle. Je pr\u00e9f\u00e8re prendre \u00e7a comme un compliment. \u00c7a veut dire que cette prise de vue sort vraiment de l\u2019ordinaire\u00a0\u00bb.<\/p>\n<p>Un sublime clich\u00e9 naturel invitant, plus que jamais, \u00e0 contempler la Lune puisque ce mercredi 5\u00a0novembre ceux qui l\u00e8veront la t\u00eate en direction du ciel pourront observer la plus importante super Lune de 2025. Le corps c\u00e9leste qui sera alors \u00e0 356\u00a0980\u00a0km de la Terre appara\u00eetra alors 7,9\u00a0% plus grand et 16\u00a0% plus lumineux que lors d\u2019une pleine Lune ordinaire.<\/p>\n","protected":false},"excerpt":{"rendered":"La Lune hiss\u00e9e par la grue sommitale du chantier des Grands Montets. Voil\u00e0 ce qu\u2019Anthony Blondet a r\u00e9ussi&hellip;\n","protected":false},"author":2,"featured_media":511916,"comment_status":"","ping_status":"","sticky":false,"template":"","format":"standard","meta":{"footnotes":""},"categories":[1358],"tags":[1348,1384,1385,22849,1687,1386,58,9543,59,436,107,1011,27,4638,1757,8423,22850,28019],"class_list":{"0":"post-511915","1":"post","2":"type-post","3":"status-publish","4":"format-standard","5":"has-post-thumbnail","7":"category-arts-et-design","8":"tag-arts","9":"tag-arts-and-design","10":"tag-arts-et-design","11":"tag-chamonix-mont-blanc","12":"tag-culture-loisirs","13":"tag-design","14":"tag-divertissement","15":"tag-edition-mont-blanc-arve","16":"tag-entertainment","17":"tag-environnement","18":"tag-fil-info","19":"tag-fr","20":"tag-france","21":"tag-haute-savoie","22":"tag-insolite","23":"tag-meteorologie-climat","24":"tag-ouverture-chamonix","25":"tag-selection-de-la-redaction-74"},"share_on_mastodon":{"url":"https:\/\/pubeurope.com\/@fr\/115493307873979933","error":""},"_links":{"self":[{"href":"https:\/\/www.europesays.com\/fr\/wp-json\/wp\/v2\/posts\/511915","targetHints":{"allow":["GET"]}}],"collection":[{"href":"https:\/\/www.europesays.com\/fr\/wp-json\/wp\/v2\/posts"}],"about":[{"href":"https:\/\/www.europesays.com\/fr\/wp-json\/wp\/v2\/types\/post"}],"author":[{"embeddable":true,"href":"https:\/\/www.europesays.com\/fr\/wp-json\/wp\/v2\/users\/2"}],"replies":[{"embeddable":true,"href":"https:\/\/www.europesays.com\/fr\/wp-json\/wp\/v2\/comments?post=511915"}],"version-history":[{"count":0,"href":"https:\/\/www.europesays.com\/fr\/wp-json\/wp\/v2\/posts\/511915\/revisions"}],"wp:featuredmedia":[{"embeddable":true,"href":"https:\/\/www.europesays.com\/fr\/wp-json\/wp\/v2\/media\/511916"}],"wp:attachment":[{"href":"https:\/\/www.europesays.com\/fr\/wp-json\/wp\/v2\/media?parent=511915"}],"wp:term":[{"taxonomy":"category","embeddable":true,"href":"https:\/\/www.europesays.com\/fr\/wp-json\/wp\/v2\/categories?post=511915"},{"taxonomy":"post_tag","embeddable":true,"href":"https:\/\/www.europesays.com\/fr\/wp-json\/wp\/v2\/tags?post=511915"}],"curies":[{"name":"wp","href":"https:\/\/api.w.org\/{rel}","templated":true}]}}