{"id":511919,"date":"2025-11-04T20:28:11","date_gmt":"2025-11-04T20:28:11","guid":{"rendered":"https:\/\/www.europesays.com\/fr\/511919\/"},"modified":"2025-11-04T20:28:11","modified_gmt":"2025-11-04T20:28:11","slug":"jai-ete-abusee-manipulee-humiliee-pourquoi-la-chanteuse-hoshi-a-depose-deux-plaintes-contre-son-ex-compagne","status":"publish","type":"post","link":"https:\/\/www.europesays.com\/fr\/511919\/","title":{"rendered":"\u00ab\u00a0J\u2019ai \u00e9t\u00e9 abus\u00e9e, manipul\u00e9e, humili\u00e9e\u00a0\u00bb\u00a0: pourquoi la chanteuse Hoshi a d\u00e9pos\u00e9 deux plaintes contre son ex-compagne"},"content":{"rendered":"<p class=\"paragraph text_align_left lp-f-body-02\">Des mots forts, qui laissent pr\u00e9sager d\u2019accusations graves. <a href=\"https:\/\/www.leparisien.fr\/culture-loisirs\/musique\/affaire-lecoeuvre-pourquoi-la-chanson-de-grand-corps-malade-sur-hoshi-est-toujours-disponible-03-11-2025-RTXZMI6S6NBTXKLV7L3GN5T7F4.php\" target=\"_blank\" rel=\"noreferrer nofollow noopener\">La chanteuse Hoshi<\/a> a publi\u00e9 un long message sur son compte Instagram ce lundi 3 novembre dans la soir\u00e9e pour d\u00e9noncer des violences dont elle affirme avoir \u00e9t\u00e9 victime de la part de son ex-compagne.<\/p>\n<p class=\"paragraph text_align_left lp-f-body-02\">L\u2019<a href=\"https:\/\/www.leparisien.fr\/culture-loisirs\/des-textes-dhoshi-le-createur-du-cercle-des-poetes-disparus-cher-evan-hansen-arrive-a-paris-08-07-2025-4MWD446ZSZBB7DGPZT5VQKYIBI.php\" target=\"_blank\" rel=\"noreferrer nofollow noopener\">interpr\u00e8te de 29 ans<\/a> accuse dans sa publication son \u00ab ex-compagne \u00bb et \u00ab ex-manageuse \u00bb, sans la citer. Elle affirme que \u00ab plusieurs plaintes ont \u00e9t\u00e9 d\u00e9pos\u00e9es \u00bb \u00e0 son encontre, \u00ab pour des faits qui font aujourd\u2019hui l\u2019objet d\u2019une enqu\u00eate \u00bb. Contact\u00e9, son avocat Me Antoine Vey confirme au Parisien ce mardi soir que deux plaintes ont \u00e9t\u00e9 d\u00e9pos\u00e9es dans le ressort du parquet de Paris.<\/p>\n<p>\u00ab J\u2019ai \u00e9t\u00e9 salie, abus\u00e9e \u00bb<\/p>\n<p class=\"paragraph text_align_left lp-f-body-02\">Sans qualifier les faits juridiquement, <a href=\"https:\/\/www.leparisien.fr\/culture-loisirs\/musique\/hoshi-revient-avec-etoile-flippante-quand-je-suis-dans-mon-personnage-jaffronte-mes-peurs-17-06-2021-57MQN6JKWVBV3BMIBSW6KYXQU4.php\" target=\"_blank\" rel=\"noreferrer nofollow noopener\">Mathilde Gerner de son vrai nom<\/a> d\u00e9clare qu\u2019elle s\u2019est retrouv\u00e9e \u00ab plusieurs fois dans des situations o\u00f9 (son) consentement n\u2019existait plus \u00bb. \u00ab J\u2019ai dit non. J\u2019ai r\u00e9p\u00e9t\u00e9 que je ne le voulais pas. J\u2019ai dit que je le vivais mal. Mais mes refus n\u2019ont pas \u00e9t\u00e9 \u00e9cout\u00e9s ni respect\u00e9s. Elle m\u2019a impos\u00e9 ces moments alors qu\u2019elle savait que je n\u2019\u00e9tais pas d\u2019accord. (\u2026) On m\u2019a pouss\u00e9e dans un engrenage o\u00f9 je n\u2019existais plus \u00bb, \u00e9crit-elle.<\/p>\n<p class=\"paragraph text_align_left lp-f-body-02\">Selon nos informations, l\u2019une des plaintes a \u00e9t\u00e9 d\u00e9pos\u00e9e pour \u00ab agression sexuelle \u00bb et \u00ab abus de faiblesse \u00bb. L\u2019interpr\u00e8te de \u00ab Ta marini\u00e8re \u00bb aurait \u00e9t\u00e9 contrainte \u00e0 des actes \u00e0 caract\u00e8re sexuel alors qu\u2019elle \u00e9tait dans une p\u00e9riode de vuln\u00e9rabilit\u00e9. Plusieurs t\u00e9moignages ont \u00e9t\u00e9 port\u00e9s au dossier pour attester du fait que la jeune femme est \u00e9galement pass\u00e9e par une p\u00e9riode o\u00f9 elle n\u2019avait plus acc\u00e8s \u00e0 sa carte bancaire personnelle ni \u00e0 son t\u00e9l\u00e9phone portable, d\u00e9taille au Parisien une source proche de l\u2019enqu\u00eate.<\/p>\n<p>Une deuxi\u00e8me plainte pour faux et usage de faux<\/p>\n<p class=\"paragraph text_align_left lp-f-body-02\">La chanteuse d\u00e9taille d\u2019autres faits qu\u2019elle reproche \u00e0 son ex-compagne : \u00ab J\u2019ai d\u00e9couvert qu\u2019elle s\u2019\u00e9tait arrog\u00e9e le droit de choisir \u00e0 ma place et m\u00eame de signer des documents \u00e0 ma place, qu\u2019elle utilise aujourd\u2019hui pour tenter de me r\u00e9clamer de l\u2019argent \u00bb, d\u00e9crit celle <a href=\"https:\/\/www.leparisien.fr\/societe\/je-vis-un-enfer-hoshi-de-nouveau-harcelee-sur-les-reseaux-sociaux-21-05-2024-KJYRZE6GINBPXFB4DMN7P6RT3E.php\" target=\"_blank\" rel=\"noreferrer nofollow noopener\">qui a \u00e9t\u00e9 \u00e0 plusieurs reprises victime de cyberharc\u00e8lement<\/a>.<\/p>\n<p class=\"paragraph text_align_left lp-f-body-02\">L\u2019autre plainte d\u00e9pos\u00e9e concerne ainsi des faits de faux et usage de faux dans le cadre de la relation professionnelle entre les deux femmes, a appris Le Parisien. \u00ab J\u2019ai \u00e9t\u00e9 salie, abus\u00e9e. (\u2026) Je n\u2019\u00e9tais plus aux commandes. Je cherchais son approbation pour tout, tout le temps. J\u2019ai \u00e9t\u00e9 tromp\u00e9e, manipul\u00e9e, humili\u00e9e, r\u00e9duite au silence en me faisant croire que j\u2019\u00e9tais folle \u00bb, poursuit-elle encore.<\/p>\n<p class=\"paragraph text_align_left lp-f-body-02\">\u00ab Depuis la rupture, elle a continu\u00e9 \u00e0 chercher \u00e0 garder le contr\u00f4le, \u00e0 exercer des pressions, \u00e0 abuser de moi autrement. Ce qui \u00e9tait ma plus belle histoire est devenu mon pire cauchemar \u00bb, d\u00e9plore-t-elle, avant de conclure : \u00ab Je laisse d\u00e9sormais la justice faire son travail. Mais je ne me tairai plus \u00bb.<\/p>\n<p>\u00ab Une campagne particuli\u00e8rement calomnieuse \u00bb selon son ex-compagne<\/p>\n<p class=\"paragraph text_align_left lp-f-body-02\">L\u2019ancienne compagne de la chanteuse, Gia Martinelli, dont le nom n\u2019est pas cit\u00e9 par Hoshi dans sa publication, a r\u00e9agi ce mardi en fin d\u2019apr\u00e8s-midi : \u00ab J\u2019ai d\u00e9couvert avec stupeur la campagne particuli\u00e8rement calomnieuse lanc\u00e9e \u00e0 mon encontre sur les r\u00e9seaux sociaux par mon ancienne compagne. Tout peut \u00eatre dit, mais tout n\u2019est pas utile surtout lorsque c\u2019est mensonger, scandaleux et indigne de notre histoire et de notre relation professionnelle \u00bb.<\/p>\n<p class=\"paragraph text_align_left lp-f-body-02\">Celle qui a \u00e9t\u00e9 pendant plus de 6 ans en couple avec la chanteuse nomm\u00e9e deux fois aux Victoires de la musique annonce poursuivre \u00ab devant les juridictions comp\u00e9tentes \u00bb les atteintes qui seront port\u00e9es \u00e0 \u00ab (sa) dignit\u00e9, (son) honneur, et (sa) r\u00e9putation \u00bb.<\/p>\n<p class=\"paragraph text_align_left lp-f-body-02\">Plusieurs personnalit\u00e9s ont apport\u00e9 leur soutien \u00e0 l\u2019artiste fran\u00e7aise, comme la <a href=\"https:\/\/www.leparisien.fr\/culture-loisirs\/tv\/star-academy-la-prof-marlene-schaff-sort-son-single-meme-pas-peur-29-08-2025-T2PA5FEGNVBMTFEIKX5WY4VB24.php\" target=\"_blank\" rel=\"noreferrer nofollow noopener\">professeure de la \u00ab Star Academy \u00bb Marl\u00e8ne Schaff<\/a>, la d\u00e9put\u00e9e LFI Marie-Charlotte Garin, la <a href=\"https:\/\/www.leparisien.fr\/sports\/JO\/pere-de-famille-aide-soignant-trois-a-huit-mois-de-prison-requis-contre-les-cyberharceleurs-de-la-dj-barbara-butch-25-09-2025-GTEWLENOTFALVGVHUDD7TSBW4M.php\" target=\"_blank\" rel=\"noreferrer nofollow noopener\">DJ Barbara Butch<\/a>, la judoka \u00c9milie And\u00e9ol, l\u2019actrice D\u00e9borah Fran\u00e7ois, l\u2019humoriste \u00c9lodie Poux ou encore les chanteuses Zaz, Barbara Pravi et Sophie Tapie.<\/p>\n","protected":false},"excerpt":{"rendered":"Des mots forts, qui laissent pr\u00e9sager d\u2019accusations graves. La chanteuse Hoshi a publi\u00e9 un long message sur son&hellip;\n","protected":false},"author":2,"featured_media":511920,"comment_status":"","ping_status":"","sticky":false,"template":"","format":"standard","meta":{"footnotes":""},"categories":[1355],"tags":[872,58,59,118,1011,27,1361,873],"class_list":{"0":"post-511919","1":"post","2":"type-post","3":"status-publish","4":"format-standard","5":"has-post-thumbnail","7":"category-musique","8":"tag-culture-et-loisirs","9":"tag-divertissement","10":"tag-entertainment","11":"tag-faits-divers","12":"tag-fr","13":"tag-france","14":"tag-music","15":"tag-musique"},"share_on_mastodon":{"url":"https:\/\/pubeurope.com\/@fr\/115493320383622618","error":""},"_links":{"self":[{"href":"https:\/\/www.europesays.com\/fr\/wp-json\/wp\/v2\/posts\/511919","targetHints":{"allow":["GET"]}}],"collection":[{"href":"https:\/\/www.europesays.com\/fr\/wp-json\/wp\/v2\/posts"}],"about":[{"href":"https:\/\/www.europesays.com\/fr\/wp-json\/wp\/v2\/types\/post"}],"author":[{"embeddable":true,"href":"https:\/\/www.europesays.com\/fr\/wp-json\/wp\/v2\/users\/2"}],"replies":[{"embeddable":true,"href":"https:\/\/www.europesays.com\/fr\/wp-json\/wp\/v2\/comments?post=511919"}],"version-history":[{"count":0,"href":"https:\/\/www.europesays.com\/fr\/wp-json\/wp\/v2\/posts\/511919\/revisions"}],"wp:featuredmedia":[{"embeddable":true,"href":"https:\/\/www.europesays.com\/fr\/wp-json\/wp\/v2\/media\/511920"}],"wp:attachment":[{"href":"https:\/\/www.europesays.com\/fr\/wp-json\/wp\/v2\/media?parent=511919"}],"wp:term":[{"taxonomy":"category","embeddable":true,"href":"https:\/\/www.europesays.com\/fr\/wp-json\/wp\/v2\/categories?post=511919"},{"taxonomy":"post_tag","embeddable":true,"href":"https:\/\/www.europesays.com\/fr\/wp-json\/wp\/v2\/tags?post=511919"}],"curies":[{"name":"wp","href":"https:\/\/api.w.org\/{rel}","templated":true}]}}