{"id":51192,"date":"2025-04-25T07:27:07","date_gmt":"2025-04-25T07:27:07","guid":{"rendered":"https:\/\/www.europesays.com\/fr\/51192\/"},"modified":"2025-04-25T07:27:07","modified_gmt":"2025-04-25T07:27:07","slug":"france-inter-soffre-sophie-marceau-pour-une-emission-litteraire-dominicale","status":"publish","type":"post","link":"https:\/\/www.europesays.com\/fr\/51192\/","title":{"rendered":"France Inter s\u2019offre Sophie Marceau pour une \u00e9mission litt\u00e9raire dominicale"},"content":{"rendered":"<p>Selon les informations du Parisien, l\u2019actrice, r\u00e9alisatrice et auteure de 58 ans interviendra les dimanches de 19\u00a0h\u00a015 et 20\u00a0h, en alternance avec Fran\u00e7ois Sureau jusqu\u2019en juin, pour \u00e9voquer sa passion des grands textes.<\/p>\n<p class=\"fig-paragraph\">La voix de\u00a0<a href=\"https:\/\/www.lefigaro.fr\/theatre\/sophie-marceau-je-ne-peux-pas-vivre-que-dans-le-desir-des-autres-20230530\" target=\"_blank\" data-fig-type=\"Article\" rel=\"noopener\" data-gtm-custom-categorie=\"navigation\" data-gtm-custom-action=\"crossclick\" data-gtm-custom-label=\"Contextuel\" data-gtm-event=\"customEventSPE\" data-fig-domain=\"LEFIGARO\">Sophie Marceau<\/a>, nouvelle invit\u00e9e surprise des ondes de France Inter. \u00c0 partir du 27 avril, l\u2019actrice culte de La Boum se glissera les dimanches soir derri\u00e8re le micro pour partager sa passion de la litt\u00e9rature, une case d\u00e9sormais vacante depuis le d\u00e9part de\u00a0<a href=\"http:\/\/www.lefigaro.fr\/fabrice-luchini-le-portable-est-une-reponse-illusoire-a-l-ennui-20250409\" target=\"_blank\" data-fig-type=\"NewsFlash\" rel=\"noopener\" data-gtm-custom-categorie=\"navigation\" data-gtm-custom-action=\"crossclick\" data-gtm-custom-label=\"Contextuel\" data-gtm-event=\"customEventSPE\" data-fig-domain=\"LEFIGARO\">Fabrice Luchini<\/a>.<\/p>\n<p class=\"fig-paragraph\">Entre 19\u00a0h\u00a015 et 20\u00a0h, et jusqu\u2019en juin au moins, elle interviendra en alternance avec l\u2019\u00e9crivain Fran\u00e7ois Sureau, pour \u00e9voquer les textes et les auteurs qui ont fa\u00e7onn\u00e9 son go\u00fbt de la lecture, selon les informations du Parisien. L\u2019actrice, r\u00e9alisatrice et auteure de 58 ans partagera notamment son admiration pour les textes\u00a0<a href=\"https:\/\/www.lefigaro.fr\/theatre\/2016\/12\/08\/03003-20161208ARTFIG00194-thomas-bernhard-l-extralucide.php\" target=\"_blank\" data-fig-type=\"Article\" rel=\"noopener\" data-gtm-custom-categorie=\"navigation\" data-gtm-custom-action=\"crossclick\" data-gtm-custom-label=\"Contextuel\" data-gtm-event=\"customEventSPE\" data-fig-domain=\"LEFIGARO\">Thomas Bernhard<\/a>\u00a0et\u00a0<a href=\"https:\/\/www.lefigaro.fr\/livres\/le-murmure-de-christian-bobin-le-testament-d-un-poete-20240214\" target=\"_blank\" data-fig-type=\"Article\" rel=\"noopener\" data-gtm-custom-categorie=\"navigation\" data-gtm-custom-action=\"crossclick\" data-gtm-custom-label=\"Contextuel\" data-gtm-event=\"customEventSPE\" data-fig-domain=\"LEFIGARO\">Christian Bobin<\/a>, tandis que Fran\u00e7ois Sureau lira des \u0153uvres de\u00a0<a href=\"http:\/\/www.lefigaro.fr\/culture\/la-maison-de-jean-giono-se-degrade-le-cri-d-alarme-de-sa-fille-20240606\" target=\"_blank\" data-fig-type=\"Article\" rel=\"noopener\" data-gtm-custom-categorie=\"navigation\" data-gtm-custom-action=\"crossclick\" data-gtm-custom-label=\"Contextuel\" data-gtm-event=\"customEventSPE\" data-fig-domain=\"LEFIGARO\">Jean Giono<\/a>,\u00a0<a href=\"http:\/\/www.lefigaro.fr\/vox\/culture\/creativite-et-intelligence-artificielle-pourquoi-il-faut-re-lire-marguerite-yourcenar-20241017\" target=\"_blank\" data-fig-type=\"Article\" rel=\"noopener\" data-gtm-custom-categorie=\"navigation\" data-gtm-custom-action=\"crossclick\" data-gtm-custom-label=\"Contextuel\" data-gtm-event=\"customEventSPE\" data-fig-domain=\"LEFIGARO\">Marguerite Yourcenar<\/a>,\u00a0<a href=\"http:\/\/www.lefigaro.fr\/culture\/patrimoine\/la-maison-andre-breton-de-saint-cirq-lapopie-endommagee-par-un-incendie-20250305\" target=\"_blank\" data-fig-type=\"Article\" rel=\"noopener\" data-gtm-custom-categorie=\"navigation\" data-gtm-custom-action=\"crossclick\" data-gtm-custom-label=\"Contextuel\" data-gtm-event=\"customEventSPE\" data-fig-domain=\"LEFIGARO\">Andr\u00e9 Breton<\/a>\u00a0ou encore\u00a0<a href=\"http:\/\/www.lefigaro.fr\/livres\/guillaume-apollinaire-poete-artilleur-et-critique-visionnaire-20250320\" target=\"_blank\" data-fig-type=\"Article\" rel=\"noopener\" data-gtm-custom-categorie=\"navigation\" data-gtm-custom-action=\"crossclick\" data-gtm-custom-label=\"Contextuel\" data-gtm-event=\"customEventSPE\" data-fig-domain=\"LEFIGARO\">Guillaume Apollinaire<\/a>, pr\u00e9cise le quotidien.<\/p>\n<p class=\"fig-paragraph\"><strong>La suite des \u00ab\u00a0Admirations litt\u00e9raires\u00a0\u00bb de Fabrice Luchini<\/strong><\/p>\n<p class=\"fig-paragraph\">Un retour sur les ondes pour l\u2019actrice, qui s\u2019\u00e9tait illustr\u00e9e en juillet 2023 dans l\u2019\u00e9mission \u00ab\u00a0Sous le soleil de Platon\u00a0\u00bb, en pr\u00e9sentant son recueil de po\u00e9sie La Souterraine. Une prestation qui n\u2019a pas \u00e9chapp\u00e9 \u00e0\u00a0<a href=\"http:\/\/www.lefigaro.fr\/vox\/societe\/adele-van-reeth-la-philosophie-est-une-approche-du-reel-qui-defait-les-ecrans-20240819\" target=\"_blank\" data-fig-type=\"Article\" rel=\"noopener\" data-gtm-custom-categorie=\"navigation\" data-gtm-custom-action=\"crossclick\" data-gtm-custom-label=\"Contextuel\" data-gtm-event=\"customEventSPE\" data-fig-domain=\"LEFIGARO\">Ad\u00e8le Van Reeth<\/a>, directrice de France Inter, \u00e0 l\u2019origine de cette nouvelle collaboration. Cette programmation dominicale litt\u00e9raire prendra donc la suite des \u00ab\u00a0Admirations litt\u00e9raires\u00a0\u00bb de Fabrice Luchini, qui, pendant plus de sept mois, avait consacr\u00e9 ses dimanches soirs \u00e0 des figures de la litt\u00e9rature classique et moderne, de Victor Hugo \u00e0 Nietzsche, en passant par Jean Cau, \u00e9crivain et secr\u00e9taire de Sartre.<\/p>\n<p class=\"fig-paragraph\">Discr\u00e8te sur les plateaux ces derni\u00e8res ann\u00e9es, l\u2019actrice de LOL n\u2019en reste pas moins l\u2019une des actrices les plus embl\u00e9matiques du cin\u00e9ma fran\u00e7ais. Elle est r\u00e9cemment apparue dans\u00a0<a href=\"https:\/\/tvmag.lefigaro.fr\/programme-tv\/que-vaut-i-love-america-nouvelle-collaboration-de-sophie-marceau-avec-la-realisatrice-de-lol_a7a4380e-9e27-11ec-b65d-86dd6a3e0273\" target=\"_blank\" data-fig-type=\"Article\" rel=\"noopener\" data-gtm-custom-categorie=\"navigation\" data-gtm-custom-action=\"crossclick\" data-gtm-custom-label=\"Contextuel\" data-gtm-event=\"customEventSPE\" data-fig-domain=\"TVMAG\">I Love America<\/a> \u00a0(2022) de Lisa Azuelos, o\u00f9 elle incarnait une Parisienne en qu\u00eate de renouveau \u00e0 Los Angeles. En 2021, elle \u00e9tait \u00e0 l\u2019affiche de\u00a0<a href=\"https:\/\/www.lefigaro.fr\/cinema\/tout-s-est-bien-passe-de-francois-ozon-une-ode-a-la-vitalite-20210921\" target=\"_blank\" data-fig-type=\"Article\" rel=\"noopener\" data-gtm-custom-categorie=\"navigation\" data-gtm-custom-action=\"crossclick\" data-gtm-custom-label=\"Contextuel\" data-gtm-event=\"customEventSPE\" data-fig-domain=\"LEFIGARO\">Tout s\u2019est bien pass\u00e9<\/a> \u00a0de\u00a0<a href=\"http:\/\/www.lefigaro.fr\/cinema\/60-ans-apres-luchino-visconti-francois-ozon-s-attaque-a-une-nouvelle-adaptation-de-l-etranger-d-albert-camus-20250206\" target=\"_blank\" data-fig-type=\"Article\" rel=\"noopener\" data-gtm-custom-categorie=\"navigation\" data-gtm-custom-action=\"crossclick\" data-gtm-custom-label=\"Contextuel\" data-gtm-event=\"customEventSPE\" data-fig-domain=\"LEFIGARO\">Fran\u00e7ois Ozon<\/a>, pr\u00e9sent\u00e9 \u00e0 Cannes en 2021.<\/p>\n","protected":false},"excerpt":{"rendered":"Selon les informations du Parisien, l\u2019actrice, r\u00e9alisatrice et auteure de 58 ans interviendra les dimanches de 19\u00a0h\u00a015 et&hellip;\n","protected":false},"author":2,"featured_media":51193,"comment_status":"","ping_status":"","sticky":false,"template":"","format":"standard","meta":{"footnotes":""},"categories":[1359],"tags":[47,1350,1348,1345,650,251,58,59,1349,1346,1011,27,9102,1351,873,973,906,252,1347,1352],"class_list":{"0":"post-51192","1":"post","2":"type-post","3":"status-publish","4":"format-standard","5":"has-post-thumbnail","7":"category-people","8":"tag-actualite","9":"tag-architecture","10":"tag-arts","11":"tag-cine","12":"tag-cinema","13":"tag-culture","14":"tag-divertissement","15":"tag-entertainment","16":"tag-expositions","17":"tag-films","18":"tag-fr","19":"tag-france","20":"tag-france-inter","21":"tag-litterature","22":"tag-musique","23":"tag-people","24":"tag-sophie-marceau","25":"tag-television","26":"tag-theatre","27":"tag-urbanisme"},"share_on_mastodon":{"url":"https:\/\/pubeurope.com\/@fr\/114397422773541177","error":""},"_links":{"self":[{"href":"https:\/\/www.europesays.com\/fr\/wp-json\/wp\/v2\/posts\/51192","targetHints":{"allow":["GET"]}}],"collection":[{"href":"https:\/\/www.europesays.com\/fr\/wp-json\/wp\/v2\/posts"}],"about":[{"href":"https:\/\/www.europesays.com\/fr\/wp-json\/wp\/v2\/types\/post"}],"author":[{"embeddable":true,"href":"https:\/\/www.europesays.com\/fr\/wp-json\/wp\/v2\/users\/2"}],"replies":[{"embeddable":true,"href":"https:\/\/www.europesays.com\/fr\/wp-json\/wp\/v2\/comments?post=51192"}],"version-history":[{"count":0,"href":"https:\/\/www.europesays.com\/fr\/wp-json\/wp\/v2\/posts\/51192\/revisions"}],"wp:featuredmedia":[{"embeddable":true,"href":"https:\/\/www.europesays.com\/fr\/wp-json\/wp\/v2\/media\/51193"}],"wp:attachment":[{"href":"https:\/\/www.europesays.com\/fr\/wp-json\/wp\/v2\/media?parent=51192"}],"wp:term":[{"taxonomy":"category","embeddable":true,"href":"https:\/\/www.europesays.com\/fr\/wp-json\/wp\/v2\/categories?post=51192"},{"taxonomy":"post_tag","embeddable":true,"href":"https:\/\/www.europesays.com\/fr\/wp-json\/wp\/v2\/tags?post=51192"}],"curies":[{"name":"wp","href":"https:\/\/api.w.org\/{rel}","templated":true}]}}