{"id":511923,"date":"2025-11-04T20:30:20","date_gmt":"2025-11-04T20:30:20","guid":{"rendered":"https:\/\/www.europesays.com\/fr\/511923\/"},"modified":"2025-11-04T20:30:20","modified_gmt":"2025-11-04T20:30:20","slug":"de-nombreux-asthmatiques-francais-font-confiance-aux-therapies-non-conventionnelles-ont-ils-raison","status":"publish","type":"post","link":"https:\/\/www.europesays.com\/fr\/511923\/","title":{"rendered":"De nombreux asthmatiques fran\u00e7ais font confiance aux th\u00e9rapies non conventionnelles. Ont-ils raison\u2009?"},"content":{"rendered":"<p>    L\u2019\u00e9ducation th\u00e9rapeutique du patient (ETP) a fait ses preuves pour g\u00e9rer l\u2019asthme.<br \/>\n                PheelingsMedia &#8211; stock.adobe.com<\/p>\n<p>\n    <strong>D\u00c9CRYPTAGE<\/strong> &#8211; Hom\u00e9opathie, cure thermale, r\u00e9gime antiasthme&#8230; Voici ce que dit la science \u00e0 propos de la m\u00e9decine alternative.<\/p>\n<p class=\"fig-paragraph\">Chef de service en pneumologie \u00e0 l\u2019h\u00f4pital de la Croix-Rousse de Lyon, le Pr Gilles Devouassoux est formel\u00a0: \u00ab\u00a0Aucune\u00a0<a href=\"https:\/\/www.lefigaro.fr\/sciences\/medecines-douces-les-therapeutes-epingles-20191218\" data-fig-type=\"Article\" data-gtm-custom-categorie=\"navigation\" data-gtm-custom-action=\"crossclick\" data-gtm-custom-label=\"Contextuel\" data-gtm-event=\"customEventSPE\" data-fig-domain=\"LEFIGARO\" target=\"_blank\" rel=\"noopener\">m\u00e9decine alternative<\/a> \u00a0ne doit se substituer aux traitements m\u00e9dicamenteux de l\u2019asthme.\u00a0\u00bb L\u2019<a href=\"http:\/\/sante.lefigaro.fr\/social\/sante-publique\/asthme-d-orage-pollens-envahissants-quand-le-changement-climatique-aggrave-les-allergies-20250416\" data-fig-type=\"Article\" data-gtm-custom-categorie=\"navigation\" data-gtm-custom-action=\"crossclick\" data-gtm-custom-label=\"Contextuel\" data-gtm-event=\"customEventSPE\" data-fig-domain=\"SANTE\" target=\"_blank\" rel=\"noopener\">asthme<\/a>, rappelle-t-il, est une maladie inflammatoire chronique des bronches qui impose le plus souvent l\u2019inhalation quotidienne de corticost\u00e9ro\u00efdes et de bronchodilatateurs pour traiter l\u2019<a href=\"http:\/\/sante.lefigaro.fr\/mieux-etre\/nutrition-aliments\/plaques-d-atherome-inflammation-et-insuline-comment-les-edulcorants-augmentent-le-risque-de-maladies-cardiovasculaires-20250311\" data-fig-type=\"Article\" data-gtm-custom-categorie=\"navigation\" data-gtm-custom-action=\"crossclick\" data-gtm-custom-label=\"Contextuel\" data-gtm-event=\"customEventSPE\" data-fig-domain=\"SANTE\" target=\"_blank\" rel=\"noopener\">inflammation<\/a>, diminuer, voire supprimer les sympt\u00f4mes et r\u00e9duire les complications parfois graves de la maladie. \u00ab\u00a0Avant l\u2019invention de la corticoth\u00e9rapie inhal\u00e9e dans les ann\u00e9es 1980, souligne-t-il, la mortalit\u00e9 \u00e9tait tr\u00e8s \u00e9lev\u00e9e. Les progr\u00e8s ont \u00e9t\u00e9 consid\u00e9rables depuis, mais la maladie reste responsable de 60\u00a0000 hospitalisations et pr\u00e8s de 1000 d\u00e9c\u00e8s chaque ann\u00e9e en France, souvent \u00e0 cause d\u2019une absence de traitement ou d\u2019un traitement inadapt\u00e9, ou bien peu ou mal utilis\u00e9.\u00a0\u00bb<\/p>\n<p>Des alternatives aux r\u00e9sultats contrast\u00e9s<\/p>\n<p class=\"fig-paragraph\">Si le traitement pharmacologique reste incontournable, les interventions non m\u00e9dicamenteuses peuvent-elles\u2026<\/p>\n<p class=\"fig-premium-paywall__infos\">\n        Cet article est r\u00e9serv\u00e9 aux abonn\u00e9s.        Il vous reste 74% \u00e0 d\u00e9couvrir.\n    <\/p>\n<p>                <img  data- alt=\"Le Figaro\" class=\"fig-img--complete fig-img\"\/><\/p>\n<p class=\"fig-premium-paywall__title\">Vous avez envie de lire la suite ?<\/p>\n<p class=\"fig-premium-paywall__subtitle\">D\u00e9bloquez tous les articles imm\u00e9diatement.<\/p>\n<p class=\"fig-premium-paywall__connect\">\n                D\u00e9j\u00e0 abonn\u00e9\u00a0?                <a class=\"fig-premium-paywall__connect-link\" href=\"https:\/\/connect.lefigaro.fr\/login?client=sante_web&amp;type=main&amp;redirect_uri=https%3A%2F%2Fsante.lefigaro.fr%2Fmedecine%2Fde-nombreux-asthmatiques-francais-font-confiance-aux-therapies-non-conventionnelles-ont-ils-raison-20251104\" data-js-gtm=\"{&quot;customCategorie&quot;: &quot;conversion&quot;, &quot;customAction&quot;: &quot;before_Landing_Connexion_paywall_auto&quot;, &quot;customLabel&quot;: &quot;c2FudGUubGVmaWdhcm8uZnJfXzFmMDg3ZjkwLTI1NTItNjE2NC1hMGQ0LWI5NmM2NGUyMTEwZl9fQXJ0aWNsZQ==_De nombreux asthmatiques fran\u00e7ais font confiance aux th\u00e9rapies non conventionnelles. Ont-ils raison\u00a0?_105&quot;, &quot;customIDSPE&quot;: &quot;c2FudGUubGVmaWdhcm8uZnJfXzFmMDg3ZjkwLTI1NTItNjE2NC1hMGQ0LWI5NmM2NGUyMTEwZl9fQXJ0aWNsZQ==&quot;, &quot;event&quot;: &quot;customEventSPE&quot;}\" target=\"_blank\" rel=\"noopener\"><br \/>\n                    Connectez-vous<br \/>\n                <\/a>\n            <\/p>\n","protected":false},"excerpt":{"rendered":"L\u2019\u00e9ducation th\u00e9rapeutique du patient (ETP) a fait ses preuves pour g\u00e9rer l\u2019asthme. PheelingsMedia &#8211; stock.adobe.com D\u00c9CRYPTAGE &#8211; Hom\u00e9opathie,&hellip;\n","protected":false},"author":2,"featured_media":511924,"comment_status":"","ping_status":"","sticky":false,"template":"","format":"standard","meta":{"footnotes":""},"categories":[10],"tags":[23376,1011,27,72,224,63262,71],"class_list":{"0":"post-511923","1":"post","2":"type-post","3":"status-publish","4":"format-standard","5":"has-post-thumbnail","7":"category-sante","8":"tag-asthme","9":"tag-fr","10":"tag-france","11":"tag-health","12":"tag-medecine","13":"tag-medecine-alternative","14":"tag-sante"},"share_on_mastodon":{"url":"https:\/\/pubeurope.com\/@fr\/115493328286577177","error":""},"_links":{"self":[{"href":"https:\/\/www.europesays.com\/fr\/wp-json\/wp\/v2\/posts\/511923","targetHints":{"allow":["GET"]}}],"collection":[{"href":"https:\/\/www.europesays.com\/fr\/wp-json\/wp\/v2\/posts"}],"about":[{"href":"https:\/\/www.europesays.com\/fr\/wp-json\/wp\/v2\/types\/post"}],"author":[{"embeddable":true,"href":"https:\/\/www.europesays.com\/fr\/wp-json\/wp\/v2\/users\/2"}],"replies":[{"embeddable":true,"href":"https:\/\/www.europesays.com\/fr\/wp-json\/wp\/v2\/comments?post=511923"}],"version-history":[{"count":0,"href":"https:\/\/www.europesays.com\/fr\/wp-json\/wp\/v2\/posts\/511923\/revisions"}],"wp:featuredmedia":[{"embeddable":true,"href":"https:\/\/www.europesays.com\/fr\/wp-json\/wp\/v2\/media\/511924"}],"wp:attachment":[{"href":"https:\/\/www.europesays.com\/fr\/wp-json\/wp\/v2\/media?parent=511923"}],"wp:term":[{"taxonomy":"category","embeddable":true,"href":"https:\/\/www.europesays.com\/fr\/wp-json\/wp\/v2\/categories?post=511923"},{"taxonomy":"post_tag","embeddable":true,"href":"https:\/\/www.europesays.com\/fr\/wp-json\/wp\/v2\/tags?post=511923"}],"curies":[{"name":"wp","href":"https:\/\/api.w.org\/{rel}","templated":true}]}}