{"id":511933,"date":"2025-11-04T20:35:17","date_gmt":"2025-11-04T20:35:17","guid":{"rendered":"https:\/\/www.europesays.com\/fr\/511933\/"},"modified":"2025-11-04T20:35:17","modified_gmt":"2025-11-04T20:35:17","slug":"la-russie-menace-durable-pour-leurope-et-le-retour-des-soldats-de-kim-jong-un-2","status":"publish","type":"post","link":"https:\/\/www.europesays.com\/fr\/511933\/","title":{"rendered":"La Russie \u00ab\u00a0menace durable\u00a0\u00bb pour l\u2019Europe, et le retour des soldats de Kim Jong-un"},"content":{"rendered":"<p>Vous avez rat\u00e9 les derniers \u00e9v\u00e9nements sur la <a href=\"https:\/\/www.20minutes.fr\/monde\/ukraine\/\" class=\"c-link c-link--is-underlined\" target=\"_blank\" rel=\"noopener\">guerre en Ukraine<\/a>\u00a0? 20 Minutes fait le point pour vous tous les soirs. Voici l\u2019essentiel de ce mardi 4\u00a0novembre, 1.350e jour du conflit.<\/p>\n<p>Le fait du jour<\/p>\n<p>Le chemin sera encore long, mais les n\u00e9gociations sur l\u2019int\u00e9gration de l\u2019Ukraine dans l\u2019Union europ\u00e9enne sont sur le point de franchir un nouveau palier. Dans un rapport annuel sur les dix pays qui souhaitent rejoindre l\u2019<a href=\"https:\/\/www.20minutes.fr\/dossier\/ue\" class=\"c-link c-link--is-underlined\" target=\"_blank\" rel=\"noopener\">UE<\/a>, la commission rel\u00e8ve que le pays est celui, avec la Moldavie, qui a montr\u00e9 le plus grand engagement. \u00ab\u00a0Il y a toutes les raisons de s\u2019attendre \u00e0 un r\u00e9sultat positif pour nous\u00a0\u00bb, a d\u2019ailleurs jug\u00e9 le pr\u00e9sident ukrainien <a href=\"https:\/\/www.20minutes.fr\/monde\/volodymyr-zelensky\/\" class=\"c-link c-link--is-underlined\" target=\"_blank\" rel=\"noopener\">Volodymyr Zelensky<\/a>.<\/p>\n<\/p>\n<p>Mais il lui reste deux obstacles de taille \u00e0 franchir. Lutter plus efficacement contre la corruption d\u2019abord. \u00ab\u00a0Les tendances n\u00e9gatives r\u00e9centes, notamment une pression croissante sur les agences sp\u00e9cialis\u00e9es dans la lutte contre la corruption et sur la soci\u00e9t\u00e9 civile, doivent \u00eatre invers\u00e9es de mani\u00e8re d\u00e9cisive\u00a0\u00bb, note ainsi l\u2019ex\u00e9cutif europ\u00e9en. Et convaincre la Hongrie de <a href=\"https:\/\/www.20minutes.fr\/dossier\/viktor_orban\" class=\"c-link c-link--is-underlined\" target=\"_blank\" rel=\"noopener\">Viktor Orb\u00e1n<\/a>, proche de <a href=\"https:\/\/www.20minutes.fr\/monde\/vladimir_poutine\/\" class=\"c-link c-link--is-underlined\" target=\"_blank\" rel=\"noopener\">Vladimir Poutine<\/a>, de ne pas exercer son droit de veto \u00e0 chaque nouvelle \u00e9tape. \u00ab\u00a0Nous aimerions vraiment que le Premier ministre hongrois nous soutienne, ou du moins qu\u2019il ne nous bloque pas\u00a0\u00bb, a lanc\u00e9 le pr\u00e9sident ukrainien depuis Bruxelles. Rien n\u2019est moins s\u00fbr.<\/p>\n<p>La d\u00e9claration du jour<\/p>\n<blockquote class=\"mx-m@xs mx-xxl@md color-ultramarine c-citation\">\n<p class=\"font-weight-regular@xs text-italic font-source-serif-pro text-l@xs c-citation__content\">\u00ab\u00a0La Russie b\u00e9n\u00e9ficie fondamentalement d\u2019un avantage dans le domaine terrestre par sa puissance de feu et par sa masse, par rapport \u00e0 des arm\u00e9es europ\u00e9ennes qui ne sont pas du tout taill\u00e9es pour ce type de conflit.\u00a0\u00bb<\/p>\n<\/blockquote>\n<p>Un commentaire de Thomas Gomart, le directeur de l\u2019Institut fran\u00e7ais des relations internationales (IFRI), qui a d\u00e9voil\u00e9 ce mardi <a href=\"https:\/\/www.ifri.org\/fr\/etudes\/europe-russie-evaluation-des-rapports-de-force\" target=\"_blank\" class=\"c-link c-link--is-underlined\" rel=\"noopener\">une \u00e9paisse \u00e9tude<\/a> sur le rapport de force entre l\u2019Europe et la Russie, qualifiant cette derni\u00e8re de \u00ab\u00a0menace durable\u00a0\u00bb ayant \u00ab\u00a0choisi la guerre\u00a0\u00bb. \u00ab\u00a0Les pays europ\u00e9ens disposent du potentiel n\u00e9cessaire, c\u2019est-\u00e0-dire des moyens \u00e9conomiques, des comp\u00e9tences militaires et du savoir-faire technologique pour faire face \u00e0 la Russie d\u2019ici\u00a02030, \u00e0 condition de faire preuve de volont\u00e9 politique\u00a0\u00bb, souligne l\u2019expert.<\/p>\n<p>Le chiffre du jour<\/p>\n<p>5.000. Le nombre approximatif de soldats nord-cor\u00e9ens qui, selon les renseignements, du voisin sud-cor\u00e9en ont rejoint la Russie depuis le mois de septembre. Les hommes de <a href=\"https:\/\/www.20minutes.fr\/monde\/kim_jong_un\/\" class=\"c-link c-link--is-underlined\" target=\"_blank\" rel=\"noopener\">Kim Jong-un<\/a> nouvellement arriv\u00e9s seraient employ\u00e9s \u00e0 la \u00ab\u00a0reconstruction d\u2019infrastructures\u00a0\u00bb. Par ailleurs, S\u00e9oul estime que quelque 10.000 soldats <a href=\"https:\/\/www.20minutes.fr\/monde\/coree_du_nord\/\" class=\"c-link c-link--is-underlined\" target=\"_blank\" rel=\"noopener\">nord-cor\u00e9ens<\/a> sont actuellement d\u00e9ploy\u00e9s le long de la fronti\u00e8re russo-ukrainienne.<\/p>\n<p>La tendance<\/p>\n<p>Alors que des drones ukrainiens ciblent d\u00e9p\u00f4ts p\u00e9troliers russes \u00e0 intervalles r\u00e9guliers, Vladimir Poutine a promulgu\u00e9 ce mardi une loi autorisant le recours \u00e0 des r\u00e9servistes pour prot\u00e9ger les raffineries et autres infrastructures \u00e9nerg\u00e9tiques. Les attaques de drones ukrainiennes provoquent en effet d\u2019importants d\u00e9g\u00e2ts sur les usines des secteurs p\u00e9trolier ou gazier et sur des conduites destin\u00e9es au transport des hydrocarbures, conduisant \u00e0 une hausse des prix du carburant.<\/p>\n<p><a href=\"http:\/\/www.20minutes.fr\/monde\/ukraine\" class=\"c-link c-btn c-btn--primary\" target=\"_blank\" rel=\"noopener\">Notre dossier sur la guerre en Ukraine<\/a><\/p>\n<p>Les r\u00e9servistes sont des personnes ayant servi par le pass\u00e9 dans l\u2019arm\u00e9e ou dans d\u2019autres structures charg\u00e9es de la s\u00e9curit\u00e9 et qui ont conclu un contrat pour \u00eatre ensuite incorpor\u00e9es dans la r\u00e9serve.<\/p>\n<p>La Russie avait mobilis\u00e9 en septembre\u00a02022 environ 300.000 r\u00e9servistes pour combattre en Ukraine, quelques mois apr\u00e8s le d\u00e9but de son assaut et \u00e0 un moment o\u00f9 ses troupes \u00e9taient en difficult\u00e9. Aucune mobilisation g\u00e9n\u00e9rale n\u2019a toutefois \u00e9t\u00e9 d\u00e9cr\u00e9t\u00e9e depuis le d\u00e9but de la guerre, l\u2019arm\u00e9e russe attirant des volontaires en leur promettant des r\u00e9mun\u00e9rations \u00e9lev\u00e9es et des avantages sociaux.<\/p>\n","protected":false},"excerpt":{"rendered":"Vous avez rat\u00e9 les derniers \u00e9v\u00e9nements sur la guerre en Ukraine\u00a0? 20 Minutes fait le point pour vous&hellip;\n","protected":false},"author":2,"featured_media":511934,"comment_status":"","ping_status":"","sticky":false,"template":"","format":"standard","meta":{"footnotes":""},"categories":[5],"tags":[47,11,13987,1011,27,131,14,15404,74,12,132,555,135,134,28],"class_list":{"0":"post-511933","1":"post","2":"type-post","3":"status-publish","4":"format-standard","5":"has-post-thumbnail","7":"category-international","8":"tag-actualite","9":"tag-actualites","10":"tag-coree-du-nord","11":"tag-fr","12":"tag-france","13":"tag-guerre-en-ukraine","14":"tag-international","15":"tag-kim-jong-un","16":"tag-monde","17":"tag-news","18":"tag-russie","19":"tag-union-europeenne-ue","20":"tag-vladimir-poutine","21":"tag-volodymyr-zelensky","22":"tag-world"},"share_on_mastodon":{"url":"https:\/\/pubeurope.com\/@fr\/115493347464873176","error":""},"_links":{"self":[{"href":"https:\/\/www.europesays.com\/fr\/wp-json\/wp\/v2\/posts\/511933","targetHints":{"allow":["GET"]}}],"collection":[{"href":"https:\/\/www.europesays.com\/fr\/wp-json\/wp\/v2\/posts"}],"about":[{"href":"https:\/\/www.europesays.com\/fr\/wp-json\/wp\/v2\/types\/post"}],"author":[{"embeddable":true,"href":"https:\/\/www.europesays.com\/fr\/wp-json\/wp\/v2\/users\/2"}],"replies":[{"embeddable":true,"href":"https:\/\/www.europesays.com\/fr\/wp-json\/wp\/v2\/comments?post=511933"}],"version-history":[{"count":0,"href":"https:\/\/www.europesays.com\/fr\/wp-json\/wp\/v2\/posts\/511933\/revisions"}],"wp:featuredmedia":[{"embeddable":true,"href":"https:\/\/www.europesays.com\/fr\/wp-json\/wp\/v2\/media\/511934"}],"wp:attachment":[{"href":"https:\/\/www.europesays.com\/fr\/wp-json\/wp\/v2\/media?parent=511933"}],"wp:term":[{"taxonomy":"category","embeddable":true,"href":"https:\/\/www.europesays.com\/fr\/wp-json\/wp\/v2\/categories?post=511933"},{"taxonomy":"post_tag","embeddable":true,"href":"https:\/\/www.europesays.com\/fr\/wp-json\/wp\/v2\/tags?post=511933"}],"curies":[{"name":"wp","href":"https:\/\/api.w.org\/{rel}","templated":true}]}}