{"id":511940,"date":"2025-11-04T20:39:13","date_gmt":"2025-11-04T20:39:13","guid":{"rendered":"https:\/\/www.europesays.com\/fr\/511940\/"},"modified":"2025-11-04T20:39:13","modified_gmt":"2025-11-04T20:39:13","slug":"football-arbitre-blesse-lors-du-derby-saint-etienne","status":"publish","type":"post","link":"https:\/\/www.europesays.com\/fr\/511940\/","title":{"rendered":"Football. Arbitre bless\u00e9 lors du derby Saint-\u00c9tienne"},"content":{"rendered":"<p>  Les pr\u00e9venus ont pr\u00e9sent\u00e9 des excuses<\/p>\n<p>Les avocats des pr\u00e9venus, Laure Salomon et Julien Rey, ont vainement plaid\u00e9 la relaxe pour les violences aggrav\u00e9es, soulignant que le lien de causalit\u00e9 entre les jets de pi\u00e8ces et la blessure de l\u2019arbitre n\u2019\u00e9tait pas \u00e9tabli, d\u2019autant que d\u2019autres supporters avaient aussi jet\u00e9 des pi\u00e8ces.<\/p>\n<p>Conducteur d\u2019engins de chantier pour l\u2019un, \u00e9lectricien pour l\u2019autre, les pr\u00e9venus ont pr\u00e9sent\u00e9 leurs excuses, reconnaissant avoir jet\u00e9 chacun quelques pi\u00e8ces de monnaie en direction du terrain de jeu depuis les tribunes, dans l\u2019excitation provoqu\u00e9e par le derby et sous l\u2019effet de la consommation d\u2019alcool.<\/p>\n<p>\u00ab\u00a0Une premi\u00e8re\u00a0\u00bb selon le repr\u00e9sentant du corps arbitral<\/p>\n<p>Arbitre de touche \u00e2g\u00e9 de 37 ans, Mahdi Rahmouni avait \u00e9t\u00e9 atteint au niveau du cr\u00e2ne par une pi\u00e8ce de deux centimes d\u2019euros, entra\u00eenant un \u0153d\u00e8me de trois centim\u00e8tres et une ITT (interruption totale de travail) d\u2019un jour. La rencontre avait \u00e9t\u00e9 interrompue pendant une quarantaine de minutes, alors que l\u2019ASSE menait 1-0. Elle s\u2019est termin\u00e9e sur une victoire des Verts (2-1).<\/p>\n<p>Le repr\u00e9sentant du corps arbitral a t\u00e9moign\u00e9 mardi \u00e0 la barre, relevant n\u2019avoir \u00ab jusqu\u2019alors jamais \u00e9t\u00e9 agress\u00e9 depuis 10 ans \u00bb qu&rsquo;il officie en Ligue 1, ajoutant que c\u2019\u00e9tait \u00e0 sa connaissance \u00ab la premi\u00e8re fois qu\u2019on arr\u00eat(ait) un match de l\u2019\u00e9lite pour ce motif \u00bb. Le syndicat des arbitres du football d\u2019\u00e9lite, l\u2019ASSE, l\u2019OL, la F\u00e9d\u00e9ration fran\u00e7aise de football (FFF) et la Ligue de football professionnel (LFP) s&rsquo;\u00e9taient aussi constitu\u00e9s parties civiles<\/p>\n","protected":false},"excerpt":{"rendered":"Les pr\u00e9venus ont pr\u00e9sent\u00e9 des excuses Les avocats des pr\u00e9venus, Laure Salomon et Julien Rey, ont vainement plaid\u00e9&hellip;\n","protected":false},"author":2,"featured_media":511941,"comment_status":"","ping_status":"","sticky":false,"template":"","format":"standard","meta":{"footnotes":""},"categories":[9653],"tags":[1111,11,9443,2430,1777,674,274,107,1701,63,1011,27,7020,3367,2428,12,9442,25,2429,4001,517,1947],"class_list":{"0":"post-511940","1":"post","2":"type-post","3":"status-publish","4":"format-standard","5":"has-post-thumbnail","7":"category-saint-etienne","8":"tag-actu","9":"tag-actualites","10":"tag-asse-as-saint-etienne","11":"tag-auvergne-rhone-alpes","12":"tag-eu","13":"tag-europe","14":"tag-faits-divers-justice","15":"tag-fil-info","16":"tag-fil-info-sport","17":"tag-football","18":"tag-fr","19":"tag-france","20":"tag-ligue-1-football","21":"tag-loire","22":"tag-lyon","23":"tag-news","24":"tag-ol-olympique-lyonnais","25":"tag-republique-francaise","26":"tag-rhone","27":"tag-saint-etienne","28":"tag-sport","29":"tag-sport-national"},"share_on_mastodon":{"url":"https:\/\/pubeurope.com\/@fr\/115493363343136861","error":""},"_links":{"self":[{"href":"https:\/\/www.europesays.com\/fr\/wp-json\/wp\/v2\/posts\/511940","targetHints":{"allow":["GET"]}}],"collection":[{"href":"https:\/\/www.europesays.com\/fr\/wp-json\/wp\/v2\/posts"}],"about":[{"href":"https:\/\/www.europesays.com\/fr\/wp-json\/wp\/v2\/types\/post"}],"author":[{"embeddable":true,"href":"https:\/\/www.europesays.com\/fr\/wp-json\/wp\/v2\/users\/2"}],"replies":[{"embeddable":true,"href":"https:\/\/www.europesays.com\/fr\/wp-json\/wp\/v2\/comments?post=511940"}],"version-history":[{"count":0,"href":"https:\/\/www.europesays.com\/fr\/wp-json\/wp\/v2\/posts\/511940\/revisions"}],"wp:featuredmedia":[{"embeddable":true,"href":"https:\/\/www.europesays.com\/fr\/wp-json\/wp\/v2\/media\/511941"}],"wp:attachment":[{"href":"https:\/\/www.europesays.com\/fr\/wp-json\/wp\/v2\/media?parent=511940"}],"wp:term":[{"taxonomy":"category","embeddable":true,"href":"https:\/\/www.europesays.com\/fr\/wp-json\/wp\/v2\/categories?post=511940"},{"taxonomy":"post_tag","embeddable":true,"href":"https:\/\/www.europesays.com\/fr\/wp-json\/wp\/v2\/tags?post=511940"}],"curies":[{"name":"wp","href":"https:\/\/api.w.org\/{rel}","templated":true}]}}